{"id":4110,"date":"2020-03-05T10:17:26","date_gmt":"2020-03-05T15:17:26","guid":{"rendered":"http:\/\/derechosinfronteras.pe\/?p=5525"},"modified":"2020-03-05T10:17:26","modified_gmt":"2020-03-05T15:17:26","slug":"cnddhh-se-pronuncia-frente-a-la-violencia-y-revictimizacion-contra-madre-de-camila-victima-de-feminicidio","status":"publish","type":"post","link":"https:\/\/derechosinfronteras.pe\/ingles\/cnddhh-se-pronuncia-frente-a-la-violencia-y-revictimizacion-contra-madre-de-camila-victima-de-feminicidio\/","title":{"rendered":"CNDDHH se pronuncia frente a la violencia y revictimizaci\u00f3n contra madre de Camila, v\u00edctima de feminicidio"},"content":{"rendered":"<h3 class=\"has-text-align-center\">LA COORDINADORA NACIONAL DE DERECHOS HUMANOS SE PRONUNCIA FRENTE A LA VIOLENCIA Y REVICTIMIZACI\u00d3N CONTRA MIRELLA HUAM\u00c1N, MADRE DE CAMILA V\u00cdCTIMA DE FEMINICIDIO, EXIGE JUSTICIA Y LA ERRADICACI\u00d3N DE LA VIOLENCIA DE G\u00c9NERO EN EL PA\u00cdS<\/h3>\n<p>La Coordinadora Nacional de Derechos Humanos (CNDDHH), plataforma de la sociedad civil que agrupa a 82 organizaciones defensoras de derechos humanos en el Per\u00fa, se pronuncia frente a la ola de violencia y crueldad que atenta contra las mujeres, ni\u00f1as y adolescentes en el Per\u00fa.<\/p>\n<p>Resulta alarmante que -sin haber terminado el primer trimestre del a\u00f1o- el n\u00famero de feminicidios contin\u00fae en aumento. Seg\u00fan los \u00faltimos reportes de la Polic\u00eda Nacional del Per\u00fa, entre enero y febrero se registraron 30 feminicidios. Por su parte, la Defensor\u00eda del Pueblo se\u00f1ala que s\u00f3lo en el mes de enero del presente a\u00f1o se han reportado 158 alertas de mujeres desaparecidas. Si estas aterradoras cifras se sostienen, se podr\u00eda afirmar que en el Per\u00fa cada 5 horas desaparece una mujer.<\/p>\n<p>Las formas de la violencia sobre las mujeres resultan cada vez m\u00e1s crueles. En los \u00faltimos d\u00edas, la opini\u00f3n p\u00fablica se ha visto conmocionada con el feminicidio de la peque\u00f1a Camila, menor de 4 a\u00f1os, en el distrito de Independencia. El hallazgo del cuerpo sin vida de otro infante de 5 a\u00f1os, en San Juan de Lurigancho. Y el asesinato de dos ni\u00f1as de 2 y 4 a\u00f1os, en Ica, en manos de su propio padre Johnny Auriz, quien confes\u00f3 haberlas asfixiado porque su esposa le habr\u00eda sido infiel. Estos cr\u00edmenes tienen como m\u00f3vil el castigo contra las mujeres, as\u00ed como el odio y el desprecio por sus vidas y su dignidad. En un pa\u00eds donde el sistema de justicia y la seguridad ciudadana se encuentran en crisis y\/o capturadas por la corrupci\u00f3n, los cr\u00edmenes contra las mujeres y la violencia machista encuentran un escenario favorable para expandirse y masificarse.<\/p>\n<p>Una sociedad que culpa a la madre frente a la desaparici\u00f3n, violaci\u00f3n y posterior muerte de su peque\u00f1a hija, es una sociedad que aun carga con viejos estereotipos de g\u00e9nero que suelen ser los mismos que alimentan la violencia contra las mujeres. La violencia que experiment\u00f3 Mirella Huam\u00e1n, madre de Camila, en un programa de entretenimiento de Latina.TV por parte del conductor Ricardo Z\u00fa\u00f1iga Pe\u00f1a es una muestra clara de violencia, de exposici\u00f3n p\u00fablica al bullying y un acto de revictimizaci\u00f3n que culpa y denigra a la madre de la menor en un medio de comunicaci\u00f3n masiva.<\/p>\n<p>Desde la CNDDHH rechazamos de modo en\u00e9rgico este linchamiento medi\u00e1tico contra la madre de la menor, puesto de manifiesto en los numerosos titulares y secuencias de programas televisivos, as\u00ed como en las expresiones de odio y violencia contra las v\u00edctimas. Exhortamos a los medios de comunicaci\u00f3n a cumplir con su deber de informar en forma profesional y veraz, al mismo tiempo de contribuir a la erradicaci\u00f3n de la violencia de g\u00e9nero en nuestro pa\u00eds. Agresiones como las vertidas ayer por la se\u00f1al de Latina.TV contra Mirella Huam\u00e1n nos muestran que, aun en situaciones de profundo dolor para los seres humanos, hay quienes trasgreden todo l\u00edmite \u00e9tico y de responsabilidad para hacer escarnio p\u00fablico, espect\u00e1culo y show con el dolor humano.<\/p>\n<p>Nos sumamos al pedido de la Defensor\u00eda del Pueblo y solicitamos a la empresa de televisi\u00f3n en menci\u00f3n, que informe sobre las medidas correctivas que adoptar\u00e1 para cautelar el respeto de los derechos y dignidad de las mujeres durante su programaci\u00f3n, del mismo modo Consideramos que la medida adoptada por Latina.TV de retirar de sus pantallas al se\u00f1or Z\u00fa\u00f1iga es insuficiente y que las autoridades respectivas deben adoptar medidas pertinentes contra el medio de comunicaci\u00f3n por permitir que se produzca este tipo de contenidos en horarios de protecci\u00f3n al menor .<\/p>\n<p style=\"text-align: right;\">Lima, 4 de marzo del 2020<\/p>","protected":false},"excerpt":{"rendered":"<p>LA COORDINADORA NACIONAL DE DERECHOS HUMANOS SE PRONUNCIA FRENTE A LA VIOLENCIA Y REVICTIMIZACI\u00d3N CONTRA MIRELLA HUAM\u00c1N, MADRE DE CAMILA V\u00cdCTIMA DE FEMINICIDIO, EXIGE JUSTICIA Y LA ERRADICACI\u00d3N DE LA VIOLENCIA DE G\u00c9NERO EN EL PA\u00cdS La Coordinadora Nacional de Derechos Humanos (CNDDHH), plataforma de la sociedad civil que agrupa a 82 organizaciones defensoras de [&hellip;]<\/p>\n","protected":false},"author":1,"featured_media":4111,"comment_status":"open","ping_status":"open","sticky":false,"template":"","format":"standard","meta":{"_monsterinsights_skip_tracking":false,"_monsterinsights_sitenote_active":false,"_monsterinsights_sitenote_note":"","_monsterinsights_sitenote_category":0,"_jetpack_memberships_contains_paid_content":false,"footnotes":"","jetpack_publicize_message":"","jetpack_publicize_feature_enabled":true,"jetpack_social_post_already_shared":false,"jetpack_social_options":{"image_generator_settings":{"template":"highway","default_image_id":0,"font":"","enabled":false},"version":2}},"categories":[1],"tags":[],"class_list":["post-4110","post","type-post","status-publish","format-standard","has-post-thumbnail","hentry","category-sin-categoria"],"blocksy_meta":[],"jetpack_publicize_connections":[],"jetpack_featured_media_url":"https:\/\/derechosinfronteras.pe\/wp-content\/uploads\/2020\/03\/latina-captura.jpg","jetpack_sharing_enabled":true,"jetpack_likes_enabled":true,"_links":{"self":[{"href":"https:\/\/derechosinfronteras.pe\/ingles\/wp-json\/wp\/v2\/posts\/4110","targetHints":{"allow":["GET"]}}],"collection":[{"href":"https:\/\/derechosinfronteras.pe\/ingles\/wp-json\/wp\/v2\/posts"}],"about":[{"href":"https:\/\/derechosinfronteras.pe\/ingles\/wp-json\/wp\/v2\/types\/post"}],"author":[{"embeddable":true,"href":"https:\/\/derechosinfronteras.pe\/ingles\/wp-json\/wp\/v2\/users\/1"}],"replies":[{"embeddable":true,"href":"https:\/\/derechosinfronteras.pe\/ingles\/wp-json\/wp\/v2\/comments?post=4110"}],"version-history":[{"count":0,"href":"https:\/\/derechosinfronteras.pe\/ingles\/wp-json\/wp\/v2\/posts\/4110\/revisions"}],"wp:featuredmedia":[{"embeddable":true,"href":"https:\/\/derechosinfronteras.pe\/ingles\/wp-json\/wp\/v2\/media\/4111"}],"wp:attachment":[{"href":"https:\/\/derechosinfronteras.pe\/ingles\/wp-json\/wp\/v2\/media?parent=4110"}],"wp:term":[{"taxonomy":"category","embeddable":true,"href":"https:\/\/derechosinfronteras.pe\/ingles\/wp-json\/wp\/v2\/categories?post=4110"},{"taxonomy":"post_tag","embeddable":true,"href":"https:\/\/derechosinfronteras.pe\/ingles\/wp-json\/wp\/v2\/tags?post=4110"}],"curies":[{"name":"wp","href":"https:\/\/api.w.org\/{rel}","templated":true}]}}