{"id":4112,"date":"2020-03-04T17:54:37","date_gmt":"2020-03-04T22:54:37","guid":{"rendered":"http:\/\/derechosinfronteras.pe\/?p=5521"},"modified":"2020-03-04T17:54:37","modified_gmt":"2020-03-04T22:54:37","slug":"mujeres-del-sur-andino-se-reunieron-para-fortalecer-la-defensa-de-sus-derechos","status":"publish","type":"post","link":"https:\/\/derechosinfronteras.pe\/ingles\/mujeres-del-sur-andino-se-reunieron-para-fortalecer-la-defensa-de-sus-derechos\/","title":{"rendered":"Mujeres del sur andino se reunieron para fortalecer la defensa de sus derechos"},"content":{"rendered":"<p>El 3 y 4 de marzo se reunieron en la ciudad imperial, mujeres lideresas, regidoras, dirigentes, comuneras y campesinas de las regiones de Apur\u00edmac, Cusco y Puno para discutir sobre lo que se ha avanzado, y lo que queda pendiente en la agenda de derechos humanos de las mujeres del Sur Andino.<\/p>\n<p>Por medio de din\u00e1micas participativas, se juntaron sub grupos de mujeres por regi\u00f3n, en los que las voceras compartieron las actuales problem\u00e1ticas de sus localidades como la violencia de g\u00e9nero, los feminicidios, las afectaciones al medio ambiente y a sus territorios, el acoso pol\u00edtico y callejero, la discriminaci\u00f3n que sufren en los espacios de decisi\u00f3n y la discriminaci\u00f3n de sus identidades culturales<\/p>\n<p>Adem\u00e1s, las participantes tambi\u00e9n hicieron el ejercicio de identificar los avances en el reconocimiento de sus derechos. Identificaron que actualmente hay m\u00e1s mujeres en cargos de autoridades pol\u00edticas y comunales, que tienen m\u00e1s presencia en las asambleas, mayor acceso a la educaci\u00f3n y a la salud sexual y reproductiva.<\/p>\n<p>Las mujeres del Sur Andino tambi\u00e9n hicieron un reconocimiento de hero\u00ednas con un legado hist\u00f3rico y cultural que son referentes en la defensa del territorio y de la autonom\u00eda como Micaela Bastidas, Mar\u00eda Parado de Bellido, Toribia Flores de Cutipa, Bartolina Cisa, Tomasa Tito Condemayta, Gregoria Apaza, Manuela Ccopa Condori y Candelaria Herrera.<\/p>\n<p>Un momento importante de este encuentro fue cuando realizaron un mapeo de los cuerpos y los territorios en el que identificaron los principales problemas que ocurren en sus regiones y c\u00f3mo estas tienen un impacto diferenciado en las mujeres. Fue as\u00ed que reconocieron el problema de la contaminaci\u00f3n de la tierra y el agua, los conflictos territoriales en comunidades, la reducci\u00f3n de las fuentes de agua, el impacto de las empresas extractivas en sus vidas.<\/p>\n<p>As\u00edmismo, las mujeres que participaron del Foro, realizaron una simb\u00f3lica marcha por las calles c\u00e9ntricas del Cusco, llegando hasta la plaza de armas con carteles y arengas que denunciaban los diferentes tipos de violencia que sufren en sus comunidades, distritos, provincias y regiones. El acto, que se realiz\u00f3 teniendo en cuenta que el 08 de marzo se conmemora el d\u00eda internacional de la mujer, estuvo acompa\u00f1ado en todo momento por m\u00fasica, cantos y bailes.<\/p>\n<p>En el segundo d\u00eda del encuentro, las mujeres participantes elaboraron un pronunciamiento en el que manifiestan sus demandas principales. As\u00ed mismo reafirmaron sus compromiso de consolidar una red que las articule y organice por la defensa de sus vidas para avanzar hacia el buen vivir y la armon\u00eda con la tierra.<\/p>\n<p>El encuentro fue realizado por Amhauta, Asociaci\u00f3n de Regidoras y Mujeres Autoridades de la Regi\u00f3n Cusco, Cadep, Cedep Ayllu, Centro Bartolom\u00e9 de las Casas, CooperAcci\u00f3n, Derechos Humanos Sin Fronteras, Municipalidad Provincial del Cusco y Red Muqui Sur<\/p>","protected":false},"excerpt":{"rendered":"<p>El 3 y 4 de marzo se reunieron en la ciudad imperial, mujeres lideresas, regidoras, dirigentes, comuneras y campesinas de las regiones de Apur\u00edmac, Cusco y Puno para discutir sobre lo que se ha avanzado, y lo que queda pendiente en la agenda de derechos humanos de las mujeres del Sur Andino. Por medio de [&hellip;]<\/p>\n","protected":false},"author":1,"featured_media":4113,"comment_status":"open","ping_status":"open","sticky":false,"template":"","format":"standard","meta":{"_monsterinsights_skip_tracking":false,"_monsterinsights_sitenote_active":false,"_monsterinsights_sitenote_note":"","_monsterinsights_sitenote_category":0,"_jetpack_memberships_contains_paid_content":false,"footnotes":"","jetpack_publicize_message":"","jetpack_publicize_feature_enabled":true,"jetpack_social_post_already_shared":false,"jetpack_social_options":{"image_generator_settings":{"template":"highway","default_image_id":0,"font":"","enabled":false},"version":2}},"categories":[1],"tags":[],"class_list":["post-4112","post","type-post","status-publish","format-standard","has-post-thumbnail","hentry","category-sin-categoria"],"blocksy_meta":[],"jetpack_publicize_connections":[],"jetpack_featured_media_url":"https:\/\/derechosinfronteras.pe\/wp-content\/uploads\/2020\/03\/ForoMujeres.jpg","jetpack_sharing_enabled":true,"jetpack_likes_enabled":true,"_links":{"self":[{"href":"https:\/\/derechosinfronteras.pe\/ingles\/wp-json\/wp\/v2\/posts\/4112","targetHints":{"allow":["GET"]}}],"collection":[{"href":"https:\/\/derechosinfronteras.pe\/ingles\/wp-json\/wp\/v2\/posts"}],"about":[{"href":"https:\/\/derechosinfronteras.pe\/ingles\/wp-json\/wp\/v2\/types\/post"}],"author":[{"embeddable":true,"href":"https:\/\/derechosinfronteras.pe\/ingles\/wp-json\/wp\/v2\/users\/1"}],"replies":[{"embeddable":true,"href":"https:\/\/derechosinfronteras.pe\/ingles\/wp-json\/wp\/v2\/comments?post=4112"}],"version-history":[{"count":0,"href":"https:\/\/derechosinfronteras.pe\/ingles\/wp-json\/wp\/v2\/posts\/4112\/revisions"}],"wp:featuredmedia":[{"embeddable":true,"href":"https:\/\/derechosinfronteras.pe\/ingles\/wp-json\/wp\/v2\/media\/4113"}],"wp:attachment":[{"href":"https:\/\/derechosinfronteras.pe\/ingles\/wp-json\/wp\/v2\/media?parent=4112"}],"wp:term":[{"taxonomy":"category","embeddable":true,"href":"https:\/\/derechosinfronteras.pe\/ingles\/wp-json\/wp\/v2\/categories?post=4112"},{"taxonomy":"post_tag","embeddable":true,"href":"https:\/\/derechosinfronteras.pe\/ingles\/wp-json\/wp\/v2\/tags?post=4112"}],"curies":[{"name":"wp","href":"https:\/\/api.w.org\/{rel}","templated":true}]}}