{"id":4114,"date":"2020-03-02T18:00:09","date_gmt":"2020-03-02T23:00:09","guid":{"rendered":"http:\/\/derechosinfronteras.pe\/?p=5499"},"modified":"2020-03-02T18:00:09","modified_gmt":"2020-03-02T23:00:09","slug":"del-coronavirus-al-mineravirus-la-endemia-de-la-que-pocos-quieren-hablar-en-peru","status":"publish","type":"post","link":"https:\/\/derechosinfronteras.pe\/ingles\/del-coronavirus-al-mineravirus-la-endemia-de-la-que-pocos-quieren-hablar-en-peru\/","title":{"rendered":"Del Coronavirus al Mineravirus, la endemia de la que pocos quieren hablar en Per\u00fa."},"content":{"rendered":"<figure id=\"attachment_5511\" aria-describedby=\"caption-attachment-5511\" style=\"width: 464px\" class=\"wp-caption aligncenter\"><img fetchpriority=\"high\" decoding=\"async\" class=\"wp-image-5511\" src=\"http:\/\/derechosinfronteras.pe\/wp-content\/uploads\/2020\/03\/ROSSELL-2-950x1024.jpg\" alt=\"\" width=\"464\" height=\"500\" \/><figcaption id=\"caption-attachment-5511\" class=\"wp-caption-text\">Dise\u00f1o: Rossell<\/figcaption><\/figure>\n<p style=\"text-align: right;\">Por: Blga. Karem Luque \u2013 \u00c1rea de Derechos Colectivos y Medio Ambiente<\/p>\n<p>Durante estos d\u00edas y en el \u00faltimo mes se ha intensificado la alerta mundial sobre una enfermedad de origen asi\u00e1tico. El coronavirus pertenece a una amplia familia de virus que ocasiona enfermedades desde un resfriado com\u00fan hasta enfermedades m\u00e1s graves. El virus empez\u00f3 a propagarse desde Wuhan \u2013 China y, a la actualidad esta familia de virus no hab\u00eda ocasionado tanta alarma en el mundo entero, sin embargo, la misma Organizaci\u00f3n Mundial de la Salud &#8211; OMS indic\u00f3 que debemos prepararnos para una <strong>potencial pandemia<a href=\"#_ftn1\" name=\"_ftnref1\">[1]<\/a><\/strong>, todo esto por el esparcimiento del virus que ya ha provocando la muerte de al menos 2,600 personas y cerca de 80,000 casos positivos registrados<a href=\"#_ftn2\" name=\"_ftnref2\">[2]<\/a>.<\/p>\n<p>As\u00ed mismo otra gran preocupaci\u00f3n a nivel nacional &#8211; pero con poca importancia &#8211; ha estado girando en torno a los casos de dengue que se han masificado en varias zonas del pa\u00eds. Tal como lo indica Ojo P\u00fablico, en Tambopata \u2013 Madre de Dios se tienen hasta el momento 2,224 casos reportados y que, a su vez se han extendido a Loreto y San Mart\u00edn sumando en total 7,857 casos en los dos primeros meses del a\u00f1o<a href=\"#_ftn3\" name=\"_ftnref3\">[3]<\/a>, provocando as\u00ed a marzo del 2020 la muerte de 6 personas.<\/p>\n<p>Ambos casos, tanto el coronavirus y el dengue son enfermedades producidas por microorganismos denominados virus y que van propag\u00e1ndose y transmiti\u00e9ndose por diferentes vectores (mosquitos y personas). Pero existen tambi\u00e9n varios casos y v\u00edctimas que el mineravirus est\u00e1 generando en nuestro pa\u00eds, y que a diferencia del dengue y el coronavirus es dif\u00edcil de detectar por la falta de s\u00edntomas y signos inmediatos<a href=\"#_ftn4\" name=\"_ftnref4\">[4]<\/a>. En este caso no se ha logrado aun identificar al serotipo que quiz\u00e1s pueda estar dentro de las familias GLENC-1, BAMB-2, VOLC-3, HUDB-4, CONG-11 o quiz\u00e1s PETRO-92, hasta el momento solo se sabe que este tipo de virus sigue siendo un problema de salud p\u00fablica y, al igual que el dengue, est\u00e1 afectando de manera similar a poblaciones olvidadas de nuestro pa\u00eds.<\/p>\n<p>La desidia por buscar el origen de este virus ha desencadenado que familias con ni\u00f1as y ni\u00f1os de Cerro de Pasco acamparan por 10 d\u00edas al frente del Ministerio de Salud, para luego de ello sostener una reuni\u00f3n con representantes de la PCM quienes inhumanamente les indicaron que \u201cno hay plata para sus hijos\u201d. Es as\u00ed que, estas familias junto a varios colectivos y ciudadanos\/as se movilizaron en la ciudad de Lima el pasado viernes, donde muchas personas se han conmovido por los efectos y da\u00f1os a la salud humana generados por las actividades mineras en Cerro de Pasco a partir de la extracci\u00f3n de minerales desarrollado por la empresa minera Volcan. Sin embargo, este caso no ha tenido la misma cobertura \u201cfan\u00e1tica\u201d que la del coronavirus y es que, es preferible obviar este tipo de problema para no afectar el \u201cdesarrollo econ\u00f3mico del pa\u00eds\u201d.<\/p>\n<p>Las zonas de sacrificio en nuestro pa\u00eds est\u00e1n dispersas en varias regiones, y por ello en el 2017 se han logrado organizar como la Plataforma Nacional de Afectadas\/os por metales t\u00f3xicos, esta plataforma tambi\u00e9n incluye a ciudadanas\/os que son parte de los m\u00e1s de 7,000<a href=\"#_ftn5\" name=\"_ftnref5\">[5]<\/a> casos de personas que tienen presencia de metales como el ars\u00e9nico, cadmio, mercurio, plomo, talio y manganeso en su organismo. Son 13 regiones del pa\u00eds que parecieran ser nuevos casos end\u00e9micos pero vinculados a la extracci\u00f3n de minerales, al <strong>mineravirus.<\/strong> Una enfermedad que quiz\u00e1s no tiene muertes reportadas por el poco inter\u00e9s que le han puesto para determinar su origen, que no tiene un mosquito transmisor como el <em>Aedes aegypti<\/em>, ni tampoco proviene de un virus como el serotipo COVID-19. Sino que proviene de la cepa llamada \u201ccapitalismo\u201d, transmite el da\u00f1o a partir un vector conocido como <em>miner\u00eda responsable<\/em> y que el \u00fanico tratamiento para este mal ha sido el \u201cparacetamol\u201d tambi\u00e9n conocido como indiferencia y abandono.<\/p>\n<p><a href=\"#_ftnref1\" name=\"_ftn1\">[1]<\/a> Pandemia: Enfermedad epid\u00e9mica que se extiende a muchos pa\u00edses o que ataca a casi toso los individuos de una localidad y\/o regi\u00f3n.<\/p>\n<p><a href=\"#_ftnref2\" name=\"_ftn2\">[2]<\/a> Dato referido al 24 de febrero del 2020.<\/p>\n<p><a href=\"#_ftnref3\" name=\"_ftn3\">[3]<\/a> Art\u00edculo \u201cEl dengue golpea el coraz\u00f3n m\u00e1s vulnerable de la amazonia\u201d. Disponible en: <a href=\"https:\/\/ojo-publico.com\/1637\/el-dengue-golpea-el-corazon-mas-vulnerable-de-la-amazonia?fbclid=IwAR2U2yirQyVzIt5MHPKnrEi2j2ZO3QILw93tMi5t1kUG1u0Zus1oppfgMGs\" target=\"_blank\" rel=\"noopener\">https:\/\/ojo-publico.com\/1637\/el-dengue-golpea-el-corazon-mas-vulnerable-de-la-amazonia?fbclid=IwAR2U2yirQyVzIt5MHPKnrEi2j2ZO3QILw93tMi5t1kUG1u0Zus1oppfgMGs<\/a><\/p>\n<p><a href=\"#_ftnref4\" name=\"_ftn4\">[4]<\/a> La exposici\u00f3n (tiempo en el que se habita el lugar contaminado) e intoxicaci\u00f3n (cantidad de metal que se va acumulando en el organismo) cr\u00f3nica, es uno de los principales factores a evaluar al momento de detectar el da\u00f1o.<\/p>\n<p><a href=\"#_ftnref5\" name=\"_ftn5\">[5]<\/a> Tal como fue manifestado por el ex \u2013 congresista Wilbert Rozas en julio del 2019, a partir del informe presentado en una audiencia p\u00fablica en el congreso de la rep\u00fablica. Disponible en el siguiente link: <a href=\"https:\/\/www.actualidadambiental.pe\/peru-existen-mas-de-7-mil-personas-afectadas-por-contaminacion-con-metales-pesados\/\" target=\"_blank\" rel=\"noopener\">https:\/\/www.actualidadambiental.pe\/peru-existen-mas-de-7-mil-personas-afectadas-por-contaminacion-con-metales-pesados\/<\/a><\/p>\n","protected":false},"excerpt":{"rendered":"<p>Por: Blga. Karem Luque \u2013 \u00c1rea de Derechos Colectivos y Medio Ambiente Durante estos d\u00edas y en el \u00faltimo mes se ha intensificado la alerta mundial sobre una enfermedad de origen asi\u00e1tico. El coronavirus pertenece a una amplia familia de virus que ocasiona enfermedades desde un resfriado com\u00fan hasta enfermedades m\u00e1s graves. El virus empez\u00f3 [&hellip;]<\/p>\n","protected":false},"author":1,"featured_media":4115,"comment_status":"open","ping_status":"open","sticky":false,"template":"","format":"standard","meta":{"_monsterinsights_skip_tracking":false,"_monsterinsights_sitenote_active":false,"_monsterinsights_sitenote_note":"","_monsterinsights_sitenote_category":0,"_jetpack_memberships_contains_paid_content":false,"footnotes":"","jetpack_publicize_message":"","jetpack_publicize_feature_enabled":true,"jetpack_social_post_already_shared":false,"jetpack_social_options":{"image_generator_settings":{"template":"highway","default_image_id":0,"font":"","enabled":false},"version":2}},"categories":[1],"tags":[],"class_list":["post-4114","post","type-post","status-publish","format-standard","has-post-thumbnail","hentry","category-sin-categoria"],"blocksy_meta":[],"jetpack_publicize_connections":[],"jetpack_featured_media_url":"https:\/\/derechosinfronteras.pe\/wp-content\/uploads\/2020\/03\/21-copia.jpg","jetpack_sharing_enabled":true,"jetpack_likes_enabled":true,"_links":{"self":[{"href":"https:\/\/derechosinfronteras.pe\/ingles\/wp-json\/wp\/v2\/posts\/4114","targetHints":{"allow":["GET"]}}],"collection":[{"href":"https:\/\/derechosinfronteras.pe\/ingles\/wp-json\/wp\/v2\/posts"}],"about":[{"href":"https:\/\/derechosinfronteras.pe\/ingles\/wp-json\/wp\/v2\/types\/post"}],"author":[{"embeddable":true,"href":"https:\/\/derechosinfronteras.pe\/ingles\/wp-json\/wp\/v2\/users\/1"}],"replies":[{"embeddable":true,"href":"https:\/\/derechosinfronteras.pe\/ingles\/wp-json\/wp\/v2\/comments?post=4114"}],"version-history":[{"count":0,"href":"https:\/\/derechosinfronteras.pe\/ingles\/wp-json\/wp\/v2\/posts\/4114\/revisions"}],"wp:featuredmedia":[{"embeddable":true,"href":"https:\/\/derechosinfronteras.pe\/ingles\/wp-json\/wp\/v2\/media\/4115"}],"wp:attachment":[{"href":"https:\/\/derechosinfronteras.pe\/ingles\/wp-json\/wp\/v2\/media?parent=4114"}],"wp:term":[{"taxonomy":"category","embeddable":true,"href":"https:\/\/derechosinfronteras.pe\/ingles\/wp-json\/wp\/v2\/categories?post=4114"},{"taxonomy":"post_tag","embeddable":true,"href":"https:\/\/derechosinfronteras.pe\/ingles\/wp-json\/wp\/v2\/tags?post=4114"}],"curies":[{"name":"wp","href":"https:\/\/api.w.org\/{rel}","templated":true}]}}