{"id":4118,"date":"2020-02-26T09:51:01","date_gmt":"2020-02-26T14:51:01","guid":{"rendered":"http:\/\/derechosinfronteras.pe\/?p=5492"},"modified":"2020-02-26T09:51:01","modified_gmt":"2020-02-26T14:51:01","slug":"comunicado-de-la-mesa-tecnica-en-salud-humana-y-ambiental-sobre-las-familias-de-cerro-de-pasco-afectadas-por-la-contaminacion","status":"publish","type":"post","link":"https:\/\/derechosinfronteras.pe\/ingles\/comunicado-de-la-mesa-tecnica-en-salud-humana-y-ambiental-sobre-las-familias-de-cerro-de-pasco-afectadas-por-la-contaminacion\/","title":{"rendered":"Comunicado de la Mesa T\u00e9cnica en Salud Humana y Ambiental sobre las familias de Cerro de Pasco afectadas por la contaminaci\u00f3n"},"content":{"rendered":"<p>Desde la Mesa T\u00e9cnica en Salud Humana y Ambiental, integrada por instituciones de Derechos Humanos que vienen dando acompa\u00f1amiento t\u00e9cnico a diversos casos de afectaci\u00f3n por contaminaci\u00f3n ambiental y humana a nivel nacional, nos solidarizamos con las familias de Cerro de Pasco que vienen acampando hace m\u00e1s de dos semanas en el frontis del Ministerio de Salud, reclamando por atenci\u00f3n m\u00e9dica para los ni\u00f1os y ni\u00f1as afectadas a causa de la sobre exposici\u00f3n de los metales t\u00f3xicos en sus cuerpos, pese a ello siguen sin tener una respuesta estatal adecuada.<\/p>\n<p>Saludamos la valent\u00eda de las familias que tambi\u00e9n realizaron un plant\u00f3n en las instalaciones de la empresa minera Volc\u00e1n, visibilizando as\u00ed la responsabilidad de esta empresa por los impactos acumulativos a la salud humana y ambiental en Cerro de Pasco. Lamentamos que la empresa no asuma compromisos y responsabilidades para las reparaciones de las afectaciones ocasionadas.<\/p>\n<p>El Estado peruano no ha dado, hasta la fecha, una respuesta integral y articulada para la regi\u00f3n Pasco, siendo este uno de los casos m\u00e1s graves de contaminaci\u00f3n por metales t\u00f3xicos que existe en el pa\u00eds a causa de la industria extractiva minera. Tampoco se cuenta con una pol\u00edtica nacional multisectorial e intergubernamental para abordar todos los casos de contaminaci\u00f3n a la salud humana y ambiental por metales t\u00f3xicos que existen en diversas regiones del pa\u00eds, donde miles de peruanos viven en territorios contaminados por relaves mineros y derrames petroleros. Esta pol\u00edtica es una demanda nacional que desde la Plataforma de afectados y afectadas por Metales T\u00f3xicos se viene exigiendo desde a\u00f1os atr\u00e1s, y a la cual la Presidencia del Consejo de Ministros sigue sin dar respuesta a trav\u00e9s de una comisi\u00f3n multisectorial de alto nivel.<\/p>\n<p>El Estado peruano tiene que dejar de negar el problema y entablar un di\u00e1logo directo con los afectados para construir pol\u00edticas p\u00fablicas adecuadas e integrales a sus necesidades. Sabemos que en nuestro pa\u00eds no hay posibilidad de que el Estado asuma una pol\u00edtica para los afectados por metales t\u00f3xicos si es que no hacemos sentir que estamos unidos exigiendo nuestros derechos. Por eso hacemos un llamado a toda la ciudadan\u00eda a solidarizarse y movilizarse por Pasco y por los cientos de afectados por metales t\u00f3xicos a nivel nacional.<\/p>\n<p><strong>Suscriben:<\/strong><br \/>\nMesa de Salud Ambiental y Humana \u2013 Centro Labor Pasco \u2013 Derechos Humanos Sin Fronteras \u2013 Red Muqui \u2013 Centro de Pol\u00edticas P\u00fablicas Per\u00fa Equidad \u2013 Centro Amaz\u00f3nico de Antropolog\u00eda y Aplicaci\u00f3n Pr\u00e1ctica (CAAAP) \u2013 Proyecto Amigo \u2013 OXFAM \u2013 Red por una Globalizaci\u00f3n con Equidad (RedGe) \u2013 Pueblos \u00cdndigenas Amaz\u00f3micos Unidos en Defensa de sus Territorios (PUINAMUDT) \u2013 Earth Rights Internacional (ERI) \u2013 CooperAcci\u00f3n<\/p>\n<p style=\"text-align: right;\">25 de febrero de 2020<\/p>","protected":false},"excerpt":{"rendered":"<p>Desde la Mesa T\u00e9cnica en Salud Humana y Ambiental, integrada por instituciones de Derechos Humanos que vienen dando acompa\u00f1amiento t\u00e9cnico a diversos casos de afectaci\u00f3n por contaminaci\u00f3n ambiental y humana a nivel nacional, nos solidarizamos con las familias de Cerro de Pasco que vienen acampando hace m\u00e1s de dos semanas en el frontis del Ministerio [&hellip;]<\/p>\n","protected":false},"author":1,"featured_media":4119,"comment_status":"open","ping_status":"open","sticky":false,"template":"","format":"standard","meta":{"_monsterinsights_skip_tracking":false,"_monsterinsights_sitenote_active":false,"_monsterinsights_sitenote_note":"","_monsterinsights_sitenote_category":0,"_jetpack_memberships_contains_paid_content":false,"footnotes":"","jetpack_publicize_message":"","jetpack_publicize_feature_enabled":true,"jetpack_social_post_already_shared":false,"jetpack_social_options":{"image_generator_settings":{"template":"highway","default_image_id":0,"font":"","enabled":false},"version":2}},"categories":[1],"tags":[],"class_list":["post-4118","post","type-post","status-publish","format-standard","has-post-thumbnail","hentry","category-sin-categoria"],"blocksy_meta":[],"jetpack_publicize_connections":[],"jetpack_featured_media_url":"https:\/\/derechosinfronteras.pe\/wp-content\/uploads\/2020\/02\/3M2TPQ2WRFF5FDCT7UAZ33SMSU.jpg","jetpack_sharing_enabled":true,"jetpack_likes_enabled":true,"_links":{"self":[{"href":"https:\/\/derechosinfronteras.pe\/ingles\/wp-json\/wp\/v2\/posts\/4118","targetHints":{"allow":["GET"]}}],"collection":[{"href":"https:\/\/derechosinfronteras.pe\/ingles\/wp-json\/wp\/v2\/posts"}],"about":[{"href":"https:\/\/derechosinfronteras.pe\/ingles\/wp-json\/wp\/v2\/types\/post"}],"author":[{"embeddable":true,"href":"https:\/\/derechosinfronteras.pe\/ingles\/wp-json\/wp\/v2\/users\/1"}],"replies":[{"embeddable":true,"href":"https:\/\/derechosinfronteras.pe\/ingles\/wp-json\/wp\/v2\/comments?post=4118"}],"version-history":[{"count":0,"href":"https:\/\/derechosinfronteras.pe\/ingles\/wp-json\/wp\/v2\/posts\/4118\/revisions"}],"wp:featuredmedia":[{"embeddable":true,"href":"https:\/\/derechosinfronteras.pe\/ingles\/wp-json\/wp\/v2\/media\/4119"}],"wp:attachment":[{"href":"https:\/\/derechosinfronteras.pe\/ingles\/wp-json\/wp\/v2\/media?parent=4118"}],"wp:term":[{"taxonomy":"category","embeddable":true,"href":"https:\/\/derechosinfronteras.pe\/ingles\/wp-json\/wp\/v2\/categories?post=4118"},{"taxonomy":"post_tag","embeddable":true,"href":"https:\/\/derechosinfronteras.pe\/ingles\/wp-json\/wp\/v2\/tags?post=4118"}],"curies":[{"name":"wp","href":"https:\/\/api.w.org\/{rel}","templated":true}]}}