{"id":4120,"date":"2020-02-21T18:37:51","date_gmt":"2020-02-21T23:37:51","guid":{"rendered":"http:\/\/derechosinfronteras.pe\/?p=5487"},"modified":"2020-02-21T18:37:51","modified_gmt":"2020-02-21T23:37:51","slug":"corredor-minero-del-sur-reportan-accidente-que-habria-causado-contaminacion-en-zona-declarada-en-emergencia","status":"publish","type":"post","link":"https:\/\/derechosinfronteras.pe\/ingles\/corredor-minero-del-sur-reportan-accidente-que-habria-causado-contaminacion-en-zona-declarada-en-emergencia\/","title":{"rendered":"Corredor Minero del Sur: Reportan accidente que habr\u00eda causado contaminaci\u00f3n en zona declarada en emergencia"},"content":{"rendered":"<p>Al promediar las 3:30 de la tarde del jueves 20 de febrero, un veh\u00edculo encapsulado de placa ARB-913, perteneciente a la empresa WARI, que brinda servicios a la compa\u00f1\u00eda minera MMG Las Bambas, sufri\u00f3 un accidente en el sector Ccollpa Uma, que forma parte de la comunidad campesina de Urinsaya &#8211; Coporaque, zona que actualmente se encuentra en\u00a0<a href=\"https:\/\/www.facebook.com\/hashtag\/estadodeemergencia?source=feed_text&amp;epa=HASHTAG&amp;__xts__%5B0%5D=68.ARCRotNTyy7EcYHVcuVFUDYY7ISO1KLKCRscYQiRD8v1DZ1Vgh-iPFJXA9mRyPk5XKCkxmZtTMPnu8G0Sa4Xt_9rwypgi5MeiVxGwyjvJXz0-Uo6X9MelxPPvRlOYWx5wAQ9wZCTOmpF0JpdUvkdfZUXrxQmM9jy3pN6DOdUYWp0gBUvHt81WfbYcDgFRT6ao5Z5U-TYbzOVFMt3GcxmRxlbW4nntUy54KU3X7pSOWYoMXHRLCCTtAkK6YOrPj0Cda_Xuz8eSor1FP-7cbs6shs1JE-NcMqi6IVvMtqb_9WnlxAhCwW5mEbkF-PfJsDg-TGVGdNsQAE7ZAcnYtwpVkM3JQ&amp;__tn__=%2ANK-R\" data-ft=\"{&quot;type&quot;:104,&quot;tn&quot;:&quot;*N&quot;}\" target=\"_blank\" rel=\"noopener\"><span aria-label=\"hashtag\">#<\/span>EstadoDeEmergencia<\/a>\u00a0por las protestas en contra de la contaminaci\u00f3n extractiva. Los comuneros reportaron, a trav\u00e9s de las redes sociales, que a causa del accidente se vienen derramando materiales l\u00edquidos en riachuelos que conectan con el r\u00edo de Urinsaya y el r\u00edo Apur\u00edmac.<\/p>\n<p>Los primeros en llegar a la zona afectada fueron funcionarios de la municipalidad de Espinar. \u2018La contaminaci\u00f3n es evidente, pudimos constatar la presencia de l\u00edquidos extra\u00f1os que se vert\u00edan en los canales que llegan a un bofedal. El accidente fue por la tarde, y no vimos a funcionarios de la fiscal\u00eda o de la OEFA\u2019 declar\u00f3 Yeny Huillca, regidora municipal, a trav\u00e9s de una entrevista telef\u00f3nica.<\/p>\n<p>A pesar de que la empresa se ha pronunciado anunciando que ha cumplido con los protocolos pertinentes de mitigaci\u00f3n, Isa\u00edas K\u2019ana, Presidente Comunal de Urinsaya, a qui\u00e9n tambi\u00e9n pudimos entrevistar, considera que la situaci\u00f3n es preocupante por el contexto\u00a0 de estado de emergencia al que se enfrentan. \u2018El agua contaminada es de consumo humano, tambi\u00e9n la usamos para alimentar a nuestros animales y para la agricultura, con la temporada de lluvias creemos que la contaminaci\u00f3n ha sido mayor\u2019 inform\u00f3 K\u2019ana<\/p>\n<p>OEFA, a trav\u00e9s de sus redes sociales, anunci\u00f3 que la supervisi\u00f3n fue de manera inmediata, sin embargo K\u2019ana desminti\u00f3 esta informaci\u00f3n. \u2018Los funcionarios de OEFA llegaron hoy a las 7 de la ma\u00f1ana, ha tomado muestras en diferentes puntos, en el suelo y en el agua. La empresa compra a todos los funcionarios, nos da temor que cambien la muestra, o que nos digan que la contaminaci\u00f3n es m\u00ednima y la empresa no asuma la responsabilidad\u2019 sentenci\u00f3 el presidente de Urinsaya<\/p>\n<blockquote class=\"twitter-tweet\">\n<p lang=\"es\" dir=\"ltr\">OEFA inici\u00f3 la supervisi\u00f3n ante el derrame de minerales ocasionado por la volcadura de un cami\u00f3n que transportaba el mineral de la empresa Minera Las Bambas en el corredor minero, provincia de Espinar, en <a href=\"https:\/\/twitter.com\/hashtag\/Cusco?src=hash&amp;ref_src=twsrc%5Etfw\" target=\"_blank\" rel=\"noopener\">#Cusco<\/a>.<\/p>\n<p>\ud83d\uddde <a href=\"https:\/\/t.co\/PGov7FjSbN\">https:\/\/t.co\/PGov7FjSbN<\/a><a href=\"https:\/\/twitter.com\/hashtag\/OEFAinforma?src=hash&amp;ref_src=twsrc%5Etfw\" target=\"_blank\" rel=\"noopener\">#OEFAinforma<\/a> <a href=\"https:\/\/twitter.com\/hashtag\/ElPer%C3%BAPrimero?src=hash&amp;ref_src=twsrc%5Etfw\" target=\"_blank\" rel=\"noopener\">#ElPer\u00faPrimero<\/a><\/p>\n<p>&mdash; OEFA (@OEFAperu) <a href=\"https:\/\/twitter.com\/OEFAperu\/status\/1230720928759218176?ref_src=twsrc%5Etfw\" target=\"_blank\" rel=\"noopener\">February 21, 2020<\/a><\/p><\/blockquote>\n<p> <script async src=\"https:\/\/platform.twitter.com\/widgets.js\" charset=\"utf-8\"><\/script><br \/>\nLos resultados de las muestras que tom\u00f3 OEFA reci\u00e9n ser\u00e1n entregados en un tiempo m\u00e1ximo de mes y medio,<\/p>","protected":false},"excerpt":{"rendered":"<p>Al promediar las 3:30 de la tarde del jueves 20 de febrero, un veh\u00edculo encapsulado de placa ARB-913, perteneciente a la empresa WARI, que brinda servicios a la compa\u00f1\u00eda minera MMG Las Bambas, sufri\u00f3 un accidente en el sector Ccollpa Uma, que forma parte de la comunidad campesina de Urinsaya &#8211; Coporaque, zona que actualmente [&hellip;]<\/p>\n","protected":false},"author":1,"featured_media":4121,"comment_status":"open","ping_status":"open","sticky":false,"template":"","format":"standard","meta":{"_monsterinsights_skip_tracking":false,"_monsterinsights_sitenote_active":false,"_monsterinsights_sitenote_note":"","_monsterinsights_sitenote_category":0,"_jetpack_memberships_contains_paid_content":false,"footnotes":"","jetpack_publicize_message":"","jetpack_publicize_feature_enabled":true,"jetpack_social_post_already_shared":false,"jetpack_social_options":{"image_generator_settings":{"template":"highway","default_image_id":0,"font":"","enabled":false},"version":2}},"categories":[1],"tags":[],"class_list":["post-4120","post","type-post","status-publish","format-standard","has-post-thumbnail","hentry","category-sin-categoria"],"blocksy_meta":[],"jetpack_publicize_connections":[],"jetpack_featured_media_url":"https:\/\/derechosinfronteras.pe\/wp-content\/uploads\/2020\/02\/87264138_480712942607378_4420752040397897728_n.jpg","jetpack_sharing_enabled":true,"jetpack_likes_enabled":true,"_links":{"self":[{"href":"https:\/\/derechosinfronteras.pe\/ingles\/wp-json\/wp\/v2\/posts\/4120","targetHints":{"allow":["GET"]}}],"collection":[{"href":"https:\/\/derechosinfronteras.pe\/ingles\/wp-json\/wp\/v2\/posts"}],"about":[{"href":"https:\/\/derechosinfronteras.pe\/ingles\/wp-json\/wp\/v2\/types\/post"}],"author":[{"embeddable":true,"href":"https:\/\/derechosinfronteras.pe\/ingles\/wp-json\/wp\/v2\/users\/1"}],"replies":[{"embeddable":true,"href":"https:\/\/derechosinfronteras.pe\/ingles\/wp-json\/wp\/v2\/comments?post=4120"}],"version-history":[{"count":0,"href":"https:\/\/derechosinfronteras.pe\/ingles\/wp-json\/wp\/v2\/posts\/4120\/revisions"}],"wp:featuredmedia":[{"embeddable":true,"href":"https:\/\/derechosinfronteras.pe\/ingles\/wp-json\/wp\/v2\/media\/4121"}],"wp:attachment":[{"href":"https:\/\/derechosinfronteras.pe\/ingles\/wp-json\/wp\/v2\/media?parent=4120"}],"wp:term":[{"taxonomy":"category","embeddable":true,"href":"https:\/\/derechosinfronteras.pe\/ingles\/wp-json\/wp\/v2\/categories?post=4120"},{"taxonomy":"post_tag","embeddable":true,"href":"https:\/\/derechosinfronteras.pe\/ingles\/wp-json\/wp\/v2\/tags?post=4120"}],"curies":[{"name":"wp","href":"https:\/\/api.w.org\/{rel}","templated":true}]}}