{"id":4122,"date":"2020-02-19T18:48:51","date_gmt":"2020-02-19T23:48:51","guid":{"rendered":"http:\/\/derechosinfronteras.pe\/?p=5484"},"modified":"2020-02-19T18:48:51","modified_gmt":"2020-02-19T23:48:51","slug":"corredor-minero-del-sur-un-nuevo-caso-de-criminalizacion-de-la-protesta","status":"publish","type":"post","link":"https:\/\/derechosinfronteras.pe\/ingles\/corredor-minero-del-sur-un-nuevo-caso-de-criminalizacion-de-la-protesta\/","title":{"rendered":"Corredor minero del sur: Un nuevo caso de criminalizaci\u00f3n de la protesta"},"content":{"rendered":"<p>El \u00faltimo 14 de agosto del 2019 la Federaci\u00f3n Interprovincial de Defensa Territorial y Ambiental de las provincias de Cotabambas, Chumbivilcas, Paruro, Espinar y Grau (FIDTA-CCHEPG), la Federaci\u00f3n Agraria Revolucionaria T\u00fapac Amaru de Cusco (FARTAC) y la Federaci\u00f3n Departamental De Campesinos Cusco (FDDC) anunciaron un paro indefinido y escalonado en contra de todas las empresas mineras que hacen uso del corredor minero del sur que atraviesa los territorios de Cusco y Apur\u00edmac. Ante este hecho, la Procuradur\u00eda ha decidido iniciar una investigaci\u00f3n en contra de Victor Maita Frisancho, Presidente de la FARTAC, por el delito de entorpecimiento al funcionamiento de servicios p\u00fablicos.<\/p>\n<p>La investigaci\u00f3n preliminar, promovida por Luis Alberto Casaverde Reyna, Procurador P\u00fablico Adjunto Especializado en asuntos de Orden P\u00fablico del Ministerio del Interior, tendr\u00e1 un plazo de 60 d\u00edas calendarios. Adem\u00e1s, seg\u00fan la c\u00e9dula de notificaci\u00f3n, la investigaci\u00f3n terminar\u00e1 por definir a \u2018los que resulten responsables\u2019 por el presunto delito contra la seguridad p\u00fablica.<\/p>\n<p>Cabe se\u00f1alar que no es la primera vez que Frisancho es denunciado, pues el pasado 17 de octubre, la Fiscal\u00eda formaliz\u00f3 una denuncia en su contra, acus\u00e1ndolo de ser responsable de los heridos durante las protestas en la provincia cusque\u00f1a de Paruro en contra de la empresa minera MMG Las Bambas. Entre las personas heridas se encuentra \u00a0una comunera que perdi\u00f3 la vista a causa del impacto de un perdig\u00f3n.<\/p>\n<p>\u2018Hemos protestado en contra de las empresas por defender nuestros recursos, nuestra agua, es totalmente contradictorio que seamos nosotros los denunciados, se contin\u00faa con la criminalizaci\u00f3n de la protesta social, a pesar que Paola Bustamente, Alta Comisionada de la PCM, asegur\u00f3 que ya no existir\u00e1n denuncias penales contra los dirigentes\u2019 se\u00f1al\u00f3 el presidente de la FARTAC para Derechos Humanos sin Fronteras.<\/p>\n<p><strong>\u00bfY las demandas de las comunidades? <\/strong><\/p>\n<p>La plataforma de lucha de las comunidades originarias que habitan en el corredor minero del Sur siguen siendo vigentes: Implementaci\u00f3n de consulta previa y consentimiento, la nulidad de la aprobaci\u00f3n de la Modificatoria del Estudio del Impacto Ambiental (MEIA) del proyecto minero Coroccohuayco, que ser\u00e1 ejecutado por la transnacional Glencore, anulaci\u00f3n del DS. N\u00b0017-2017-MTC, que reclasifica como V\u00eda Nacional parte de sus territorios sin haberles consultado previamente, nulidad del Decreto de Urgencia N\u00ba 026-2019 que promueve la expropiaci\u00f3n de propiedades en el corredor minero del sur, \u00a0entre otras demandas.<\/p>\n<p>Ante estas demandas, han surgido una serie de protestas en distritos y comunidades de las provincias cusque\u00f1as de Espinar y Chumbivilcas, sin embargo el Estado no ha priorizado sus demandas, y por el contrario decidi\u00f3 declarar en estado de emergencia parte del corredor minero.<\/p>\n<p>\u2018Junto con el Gobernador Regional y la sociedad civil organizada hemos apostado por un di\u00e1logo, pero de la noche a la ma\u00f1ana aprueba un decreto de urgencia en el que se se\u00f1ala la expropiaci\u00f3n de las propiedades de los comuneros, es penoso que el Estado siga arrastrando el conflicto\u2019. Sentenci\u00f3 Frisancho.<\/p>\n<p>&nbsp;<\/p>","protected":false},"excerpt":{"rendered":"<p>El \u00faltimo 14 de agosto del 2019 la Federaci\u00f3n Interprovincial de Defensa Territorial y Ambiental de las provincias de Cotabambas, Chumbivilcas, Paruro, Espinar y Grau (FIDTA-CCHEPG), la Federaci\u00f3n Agraria Revolucionaria T\u00fapac Amaru de Cusco (FARTAC) y la Federaci\u00f3n Departamental De Campesinos Cusco (FDDC) anunciaron un paro indefinido y escalonado en contra de todas las empresas [&hellip;]<\/p>\n","protected":false},"author":1,"featured_media":4123,"comment_status":"open","ping_status":"open","sticky":false,"template":"","format":"standard","meta":{"_monsterinsights_skip_tracking":false,"_monsterinsights_sitenote_active":false,"_monsterinsights_sitenote_note":"","_monsterinsights_sitenote_category":0,"_jetpack_memberships_contains_paid_content":false,"footnotes":"","jetpack_publicize_message":"","jetpack_publicize_feature_enabled":true,"jetpack_social_post_already_shared":false,"jetpack_social_options":{"image_generator_settings":{"template":"highway","default_image_id":0,"font":"","enabled":false},"version":2}},"categories":[1],"tags":[],"class_list":["post-4122","post","type-post","status-publish","format-standard","has-post-thumbnail","hentry","category-sin-categoria"],"blocksy_meta":[],"jetpack_publicize_connections":[],"jetpack_featured_media_url":"https:\/\/derechosinfronteras.pe\/wp-content\/uploads\/2020\/02\/Fartac.jpg","jetpack_sharing_enabled":true,"jetpack_likes_enabled":true,"_links":{"self":[{"href":"https:\/\/derechosinfronteras.pe\/ingles\/wp-json\/wp\/v2\/posts\/4122","targetHints":{"allow":["GET"]}}],"collection":[{"href":"https:\/\/derechosinfronteras.pe\/ingles\/wp-json\/wp\/v2\/posts"}],"about":[{"href":"https:\/\/derechosinfronteras.pe\/ingles\/wp-json\/wp\/v2\/types\/post"}],"author":[{"embeddable":true,"href":"https:\/\/derechosinfronteras.pe\/ingles\/wp-json\/wp\/v2\/users\/1"}],"replies":[{"embeddable":true,"href":"https:\/\/derechosinfronteras.pe\/ingles\/wp-json\/wp\/v2\/comments?post=4122"}],"version-history":[{"count":0,"href":"https:\/\/derechosinfronteras.pe\/ingles\/wp-json\/wp\/v2\/posts\/4122\/revisions"}],"wp:featuredmedia":[{"embeddable":true,"href":"https:\/\/derechosinfronteras.pe\/ingles\/wp-json\/wp\/v2\/media\/4123"}],"wp:attachment":[{"href":"https:\/\/derechosinfronteras.pe\/ingles\/wp-json\/wp\/v2\/media?parent=4122"}],"wp:term":[{"taxonomy":"category","embeddable":true,"href":"https:\/\/derechosinfronteras.pe\/ingles\/wp-json\/wp\/v2\/categories?post=4122"},{"taxonomy":"post_tag","embeddable":true,"href":"https:\/\/derechosinfronteras.pe\/ingles\/wp-json\/wp\/v2\/tags?post=4122"}],"curies":[{"name":"wp","href":"https:\/\/api.w.org\/{rel}","templated":true}]}}