{"id":4126,"date":"2020-02-18T10:41:32","date_gmt":"2020-02-18T15:41:32","guid":{"rendered":"http:\/\/derechosinfronteras.pe\/?p=5470"},"modified":"2020-02-18T10:41:32","modified_gmt":"2020-02-18T15:41:32","slug":"pronunciamiento-urge-retomar-el-debate-politico-y-juridico-sobre-el-rol-de-la-mineria-en-el-pais","status":"publish","type":"post","link":"https:\/\/derechosinfronteras.pe\/ingles\/pronunciamiento-urge-retomar-el-debate-politico-y-juridico-sobre-el-rol-de-la-mineria-en-el-pais\/","title":{"rendered":"[PRONUNCIAMIENTO] Urge retomar el debate pol\u00edtico y jur\u00eddico sobre el rol de la miner\u00eda en el pa\u00eds"},"content":{"rendered":"<p>La Red Muqui, colectivo de 29 instituciones que promueven la defensa de derechos humanos y ambientales a nivel nacional, frente a la actual situaci\u00f3n pol\u00edtica y de conflictividad social que vive el pa\u00eds, se\u00f1ala a la opini\u00f3n publica lo siguiente:<\/p>\n<p><strong>Primero:<\/strong>\u00a0En medio de la actual crisis pol\u00edtica y los casos de corrupci\u00f3n vinculados a Odebrecht, y los cambios ministeriales recientes; rechazamos los casos de conflicto de intereses o las llamadas \u201cpuertas giratorias\u201d de funcionarios del Estado y de empresas privadas. No sorprende el caso del ex ministro de Energ\u00eda y Minas, Juan Carlos Liu, por trabajos anteriores realizados para Odebrecht. No basta con cambiar ministros, la crisis se mantendr\u00e1 si no se hacen cambios de fondo; mientras se mantenga el marco normativo que permite la modificaci\u00f3n de EIAs v\u00eda ITS en el sector minero, la pol\u00edtica de concesiones mineras, la permisibilidad de las puertas giratorias, as\u00ed como los decretos de urgencia emitidos sin la aprobaci\u00f3n del Congreso, entre otros.<\/p>\n<p><strong>Segundo:<\/strong>\u00a0Llamamos la atenci\u00f3n sobre la reactivaci\u00f3n de la conflictividad social que se viene dando en las provincias de Cotabambas, Espinar y Chumbivilcas, en el denominado corredor minero de Cusco y Apur\u00edmac. Las comunidades ubicadas en el entorno minero y la carretera del corredor vial exigen atenci\u00f3n a los acuerdos firmados por el gobierno nacional en las m\u00faltiples \u201cmesas de di\u00e1logo\u201d, as\u00ed como la compensaci\u00f3n por los da\u00f1os que se viene ocasionando en sus territorios. Sin embargo, en vez de respetar y avanzar en los acuerdos de las mesas de di\u00e1logo; la respuesta del Gobierno Nacional ha sido nuevamente declarar en estado de emergencia la zona y criminalizar la protesta social, lo que agrava aun m\u00e1s la situaci\u00f3n de tensi\u00f3n y conflictividad.<\/p>\n<p><strong>Tercero:<\/strong>\u00a0Valoramos la lucha de los pobladores y agricultores del valle de Tambo en Arequipa por defender su principal actividad econ\u00f3mica que es la agricultura, frente a la insistente imposici\u00f3n del proyecto Minero T\u00eda Mar\u00eda por parte de la empresa Southern Copper Corporation. Que finalmente ha llevado al presidente Martin Vizcarra y la PCM a afirmar que el proyecto minero no va en este gobierno porque:\u00a0<em>\u201cno est\u00e1n dadas las condiciones\u00bb<\/em>. Si bien este anuncio es un logro para los pobladores del valle de Tambo, exigimos que se retire a las FF.AA. y la PNP, ya que la hostilizaci\u00f3n contin\u00faa en la zona. El Gobierno debe reconocer que el proyecto T\u00eda Mar\u00eda es inviable porque no cuenta con la aceptaci\u00f3n social de la poblaci\u00f3n. Adem\u00e1s, persisten observaciones ambientales al proyecto aprobado; por ejemplo, las observaciones hechas por la UNOPS no han sido levantadas hasta ahora. En el valle de Tambo hay otras opciones de proyectos de vida como la agricultura, que son incompatibles con la actividad minera y que debe ser respetada por su aporte a la soberan\u00eda alimentaria y al desarrollo del pa\u00eds.<\/p>\n<p>Finalmente, urge retomar el debate jur\u00eddico y pol\u00edtico sobre el rol de la miner\u00eda en el pa\u00eds con la participaci\u00f3n de todos los sectores involucrados; principalmente de las comunidades y poblaciones en cuyos territorios se ven afectados sus derechos. No contamos con una institucionalidad p\u00fablica que garantice la gobernabilidad democr\u00e1tica y el respeto de los derechos humanos de todos los ciudadanos por igual. Adem\u00e1s, los marcos normativos actuales son insuficientes para garantizar el acceso al derecho a la salud humana y ambiental; a la participaci\u00f3n ciudadana; a la consulta previa y el ordenamiento territorial. Como lo ha se\u00f1alado recientemente Michel Forst, Relator Especial para Defensores de Derechos Humanos de la ONU, en su visita oficial a nuestro pa\u00eds:\u00a0<em>\u201cSe debe fomentar instituciones p\u00fablicas fuertes con medidas adecuadas que combatan la corrupci\u00f3n, los conflictos de intereses y uso de influencia indebida\u201d.<\/em><\/p>\n<p style=\"text-align: right;\">Lima, 17 de febrero del 2020.<\/p>","protected":false},"excerpt":{"rendered":"<p>La Red Muqui, colectivo de 29 instituciones que promueven la defensa de derechos humanos y ambientales a nivel nacional, frente a la actual situaci\u00f3n pol\u00edtica y de conflictividad social que vive el pa\u00eds, se\u00f1ala a la opini\u00f3n publica lo siguiente: Primero:\u00a0En medio de la actual crisis pol\u00edtica y los casos de corrupci\u00f3n vinculados a Odebrecht, [&hellip;]<\/p>\n","protected":false},"author":1,"featured_media":4127,"comment_status":"open","ping_status":"open","sticky":false,"template":"","format":"standard","meta":{"_monsterinsights_skip_tracking":false,"_monsterinsights_sitenote_active":false,"_monsterinsights_sitenote_note":"","_monsterinsights_sitenote_category":0,"_jetpack_memberships_contains_paid_content":false,"footnotes":"","jetpack_publicize_message":"","jetpack_publicize_feature_enabled":true,"jetpack_social_post_already_shared":false,"jetpack_social_options":{"image_generator_settings":{"template":"highway","default_image_id":0,"font":"","enabled":false},"version":2}},"categories":[1],"tags":[],"class_list":["post-4126","post","type-post","status-publish","format-standard","has-post-thumbnail","hentry","category-sin-categoria"],"blocksy_meta":[],"jetpack_publicize_connections":[],"jetpack_featured_media_url":"https:\/\/derechosinfronteras.pe\/wp-content\/uploads\/2020\/02\/Red-Muqui2-1.jpg","jetpack_sharing_enabled":true,"jetpack_likes_enabled":true,"_links":{"self":[{"href":"https:\/\/derechosinfronteras.pe\/ingles\/wp-json\/wp\/v2\/posts\/4126","targetHints":{"allow":["GET"]}}],"collection":[{"href":"https:\/\/derechosinfronteras.pe\/ingles\/wp-json\/wp\/v2\/posts"}],"about":[{"href":"https:\/\/derechosinfronteras.pe\/ingles\/wp-json\/wp\/v2\/types\/post"}],"author":[{"embeddable":true,"href":"https:\/\/derechosinfronteras.pe\/ingles\/wp-json\/wp\/v2\/users\/1"}],"replies":[{"embeddable":true,"href":"https:\/\/derechosinfronteras.pe\/ingles\/wp-json\/wp\/v2\/comments?post=4126"}],"version-history":[{"count":0,"href":"https:\/\/derechosinfronteras.pe\/ingles\/wp-json\/wp\/v2\/posts\/4126\/revisions"}],"wp:featuredmedia":[{"embeddable":true,"href":"https:\/\/derechosinfronteras.pe\/ingles\/wp-json\/wp\/v2\/media\/4127"}],"wp:attachment":[{"href":"https:\/\/derechosinfronteras.pe\/ingles\/wp-json\/wp\/v2\/media?parent=4126"}],"wp:term":[{"taxonomy":"category","embeddable":true,"href":"https:\/\/derechosinfronteras.pe\/ingles\/wp-json\/wp\/v2\/categories?post=4126"},{"taxonomy":"post_tag","embeddable":true,"href":"https:\/\/derechosinfronteras.pe\/ingles\/wp-json\/wp\/v2\/tags?post=4126"}],"curies":[{"name":"wp","href":"https:\/\/api.w.org\/{rel}","templated":true}]}}