{"id":4129,"date":"2020-02-08T09:50:12","date_gmt":"2020-02-08T14:50:12","guid":{"rendered":"http:\/\/derechosinfronteras.pe\/?p=5462"},"modified":"2020-02-08T09:50:12","modified_gmt":"2020-02-08T14:50:12","slug":"5462-2","status":"publish","type":"post","link":"https:\/\/derechosinfronteras.pe\/ingles\/5462-2\/","title":{"rendered":"Corredor Minero del Sur: Gobierno declara un nuevo estado de emergencia"},"content":{"rendered":"<p>Con Decreto Supremo N\u00ba 020-2020-PCM, y con fecha 08 de febrero, el Gobierno ha declarado en estado de emergencia una parte del Corredor Vial Minero Apur\u00edmac \u2013 Cusco \u2013 Arequipa. Seg\u00fan el DS la medida dudar\u00e1 30 d\u00edas calendarios,\u00a0incluyendo los quinientos metros\u00a0adyacentes a cada lado de la v\u00eda, en los\u00a0tramos comprendidos por el distrito de\u00a0Coporaque de la provincia de Espinar y por\u00a0el distrito de Ccapacmarca de la provincia\u00a0de Chumbivilcas, ambas provincias pertenecen a Cusco.<\/p>\n<p>Cabe se\u00f1alar que Urinsaya, que pertenece al distrito de Coporaque, y otras comunidades de Ccapacmarca, iniciaron medidas de lucha exigiendo la anulaci\u00f3n del DS. N\u00b0017-2017-MTC, que reclasifica como V\u00eda Nacional parte de los territorios del\u00a0<a href=\"https:\/\/www.facebook.com\/hashtag\/corredorminerodelsur?source=feed_text&amp;epa=HASHTAG&amp;__xts__%5B0%5D=68.ARDVrbH5OFOl_MZZeDPzZJjcGAl7GV0FFvQlnOlEZGpQkspm4moTMM4_pRILEWXucsviAzSLMBCsbbkL8BYd0CG0diU0Kx5XYqcGHS7DRDnEzhjAlXtPIZWpenRMcKGLZnqN9MiVR3ddgYphIyV9-4RKSBDMwHFIdEAU8aLzWamaolIbw9NUmb33NoAwgaVOqpV3If0n8qtgHz6axWaz5253Ibeqhxbbe3IV57DdAhcvNBNEzGXA3PtVgXVpfDA0XVpxOWXtYva1dGAEW6Dm005ueKhYlfAN96EUNRiWhbGoqYTO1kN09jtpRgaU9gJKp6jl5NSwcygMeUiGj4Ip2YKoYg&amp;__tn__=%2ANK-R\" target=\"_blank\" rel=\"noopener\">Corredor Minero Del Sur<\/a>, sin informar y consultar previamente a las comunidades, que, en la actualidad, se ven afectadas por el transporte de m\u00e1s de 500 veh\u00edculos que trasladan concentrado de cobre y otros insumos.<\/p>\n<p>Seg\u00fan detalla el documento, el Gobierno toma esta decisi\u00f3n, teniendo en cuenta el Informe N\u00b0 004-2020-VII<br \/>\nMACREPOL-SEC\/OFIPLO, de la VII Macro Regi\u00f3n Policial Cusco, en la que se informa supuestos delitos de los comuneros durante las protestas en contra de la actividad minera que afecta sus territorios.<\/p>\n<p>El corredor vial minero tiene una extensi\u00f3n aproximada de 482.200 km., que abarca desde la Ruta Nacional PE-3S X, ubicada en el distrito de Progreso, provincia de Grau, Apur\u00edmac, hasta la Ruta Nacional PE-34 A, que culmina en el centro poblado menor Pillones, distrito de San Antonio de Chuca, provincia de Caylloma, Arequipa. El Estado de Emergencia incluye los quinientos metros adyacentes a cada lado del Corredor Vial en menci\u00f3n. Durante treinta d\u00edas La Polic\u00eda Nacional del Per\u00fa y las Fuerzas Armadas \u2018mantendr\u00e1n\u2019 el control del orden interno.<\/p>\n<p>Por esta v\u00eda son permanentes las manifestaciones de las poblaciones locales en contra de las empresas mineras como: \u2018MMG Las Bambas\u2019, HudBay, Glencore, Anabi, entre otras, exigiendo les otorgue un resarcimiento econ\u00f3mico por el deterioro a sus viviendas, derrames, accidentes, enfermedades respiratorias y otras afectaciones causadas por el paso de camiones que transportan minerales o residuos t\u00f3xicos.<\/p>\n<p>Esta nueva medida aplicada para Apurimac, Cusco y Arequipa de declarar estados de emergencia bajo la figura de \u201cpreventiva\u201d, ya no es solo en territorios determinados, ahora se aplica a v\u00edas publicas interregionales, en la practica se militariza los espacios p\u00fablicos de transito para garantizar la inversi\u00f3n minera, siendo contrario al respeto de los derechos humanos, el Estado de derecho y la democracia.<\/p>\n<h5>\u00bfQu\u00e9 implica un estado de emergencia?<\/h5>\n<p>Seg\u00fan lo que dicta nuestra Constituci\u00f3n, la declaratoria de un Estado de Emergencia deja abierta la posibilidad de suspender o restringir -todos o alguno- de los siguientes derechos:<\/p>\n<p><strong>*Libertad y seguridad personal:<\/strong>\u00a0Las detenciones pueden ocurrir sin flagrancia o sin mandato judicial. Las acciones de habeas corpus en relaci\u00f3n a personas detenidas ser\u00e1n declaradas improcedentes.<\/p>\n<p><strong>*Inviolabilidad de domicilio:<\/strong>\u00a0Las PNP y\/o Fuerzas Armadas pueden ingresar a cualquier domicilio sin mandato judicial o flagrancia.<\/p>\n<p><strong>*Libertad de Reuni\u00f3n:<\/strong>\u00a0Se suspenden todo tipo de reuniones.<\/p>\n<p><strong>*Libertad de Tr\u00e1nsito:<\/strong>\u00a0Se puede suspender la libertad de circular en ciertos lugares y\/o en ciertos horarios (No es lo mismo que un \u2018Toque de queda\u2019)<\/p>\n<p><iframe style=\"border: none; overflow: hidden;\" src=\"https:\/\/www.facebook.com\/plugins\/post.php?href=https%3A%2F%2Fwww.facebook.com%2Fderechossinfronteras.pe%2Fposts%2F1337506013034590%3A0&amp;width=500\" width=\"500\" height=\"652\" frameborder=\"0\" scrolling=\"no\"><\/iframe><\/p>","protected":false},"excerpt":{"rendered":"<p>Con Decreto Supremo N\u00ba 020-2020-PCM, y con fecha 08 de febrero, el Gobierno ha declarado en estado de emergencia una parte del Corredor Vial Minero Apur\u00edmac \u2013 Cusco \u2013 Arequipa. Seg\u00fan el DS la medida dudar\u00e1 30 d\u00edas calendarios,\u00a0incluyendo los quinientos metros\u00a0adyacentes a cada lado de la v\u00eda, en los\u00a0tramos comprendidos por el distrito de\u00a0Coporaque [&hellip;]<\/p>\n","protected":false},"author":1,"featured_media":4130,"comment_status":"open","ping_status":"open","sticky":false,"template":"","format":"standard","meta":{"_monsterinsights_skip_tracking":false,"_monsterinsights_sitenote_active":false,"_monsterinsights_sitenote_note":"","_monsterinsights_sitenote_category":0,"_jetpack_memberships_contains_paid_content":false,"footnotes":"","jetpack_publicize_message":"","jetpack_publicize_feature_enabled":true,"jetpack_social_post_already_shared":false,"jetpack_social_options":{"image_generator_settings":{"template":"highway","default_image_id":0,"font":"","enabled":false},"version":2}},"categories":[1],"tags":[],"class_list":["post-4129","post","type-post","status-publish","format-standard","has-post-thumbnail","hentry","category-sin-categoria"],"blocksy_meta":[],"jetpack_publicize_connections":[],"jetpack_featured_media_url":"https:\/\/derechosinfronteras.pe\/wp-content\/uploads\/2020\/02\/Estado-de-Emergencia.jpg","jetpack_sharing_enabled":true,"jetpack_likes_enabled":true,"_links":{"self":[{"href":"https:\/\/derechosinfronteras.pe\/ingles\/wp-json\/wp\/v2\/posts\/4129","targetHints":{"allow":["GET"]}}],"collection":[{"href":"https:\/\/derechosinfronteras.pe\/ingles\/wp-json\/wp\/v2\/posts"}],"about":[{"href":"https:\/\/derechosinfronteras.pe\/ingles\/wp-json\/wp\/v2\/types\/post"}],"author":[{"embeddable":true,"href":"https:\/\/derechosinfronteras.pe\/ingles\/wp-json\/wp\/v2\/users\/1"}],"replies":[{"embeddable":true,"href":"https:\/\/derechosinfronteras.pe\/ingles\/wp-json\/wp\/v2\/comments?post=4129"}],"version-history":[{"count":0,"href":"https:\/\/derechosinfronteras.pe\/ingles\/wp-json\/wp\/v2\/posts\/4129\/revisions"}],"wp:featuredmedia":[{"embeddable":true,"href":"https:\/\/derechosinfronteras.pe\/ingles\/wp-json\/wp\/v2\/media\/4130"}],"wp:attachment":[{"href":"https:\/\/derechosinfronteras.pe\/ingles\/wp-json\/wp\/v2\/media?parent=4129"}],"wp:term":[{"taxonomy":"category","embeddable":true,"href":"https:\/\/derechosinfronteras.pe\/ingles\/wp-json\/wp\/v2\/categories?post=4129"},{"taxonomy":"post_tag","embeddable":true,"href":"https:\/\/derechosinfronteras.pe\/ingles\/wp-json\/wp\/v2\/tags?post=4129"}],"curies":[{"name":"wp","href":"https:\/\/api.w.org\/{rel}","templated":true}]}}