{"id":4131,"date":"2020-02-06T17:54:39","date_gmt":"2020-02-06T22:54:39","guid":{"rendered":"http:\/\/derechosinfronteras.pe\/?p=5458"},"modified":"2020-02-06T17:54:39","modified_gmt":"2020-02-06T22:54:39","slug":"onu-condena-la-persecucion-judicial-contra-los-defensores-de-derechos-en-peru","status":"publish","type":"post","link":"https:\/\/derechosinfronteras.pe\/ingles\/onu-condena-la-persecucion-judicial-contra-los-defensores-de-derechos-en-peru\/","title":{"rendered":"ONU condena la persecuci\u00f3n judicial contra los defensores de derechos en Per\u00fa"},"content":{"rendered":"<p>Brandon Quispe, Javier Mamani y otros 17 campesinos de Apur\u00edmac, en la sierra sur de\u00a0<a href=\"https:\/\/elpais.com\/tag\/peru\/a\" target=\"_blank\" rel=\"noopener\">Per\u00fa<\/a>, participan este martes en la primera sesi\u00f3n de un juicio en su contra. Desde 2018, la audiencia se ha suspendido ocho veces antes de iniciar. El caso de Quispe y Mamani, que fueron llevados ante la justicia despu\u00e9s de protestar contra las operaciones de la mina Las Bambas hace cinco a\u00f1os, es uno de varios que preocupan al relator de Naciones Unidas sobre defensores de derechos humanos,\u00a0<a href=\"https:\/\/elpais.com\/elpais\/2019\/04\/09\/planeta_futuro\/1554806336_403028.html\" target=\"_blank\" rel=\"noopener\">Michel Forst<\/a>, en Per\u00fa. \u00abEs un patr\u00f3n recurrente de uso indebido del derecho penal por parte de instituciones estatales o a solicitud de terceros, y la criminalizaci\u00f3n de la protesta social\u00bb, afirma Forst.<\/p>\n<p>Cientos de campesinos protestaron en septiembre de 2015 contra la minera china MMG porque modific\u00f3 el estudio de impacto ambiental sin informar ni consultar a los afectados por el proyecto. La Polic\u00eda respondi\u00f3 con violencia y el saldo fue de cuatro ciudadanos muertos. El cambio consist\u00eda en la eliminaci\u00f3n de la construcci\u00f3n de un ducto de traslado de mineral, que ser\u00eda reemplazado por el transporte en camiones. Los reclamos se centraban en que la instalaci\u00f3n da\u00f1ar\u00eda tierras de cultivo y animales y en que la empresa estaba incumpliendo compromisos con las comunidades cercanas a la operaci\u00f3n minera.<\/p>\n<p>Quispe y Mamani sostienen que cuando ayudaban a trasladar a los heridos, la Polic\u00eda les pidi\u00f3 documentos, los golpe\u00f3 y los traslad\u00f3 hacia el campamento minero. En un encuentro la semana pasada con Michel Forst, relator de Naciones Unidas sobre defensores de derechos humanos, ambos denunciaron que agentes de seguridad de la empresa les sembraron armas. El juicio contra los defensores debi\u00f3 haber empezado a mediados de 2018, pero no fue posible por cambios o ausencias de fiscal y la falta de int\u00e9rpretes de lengua quechua.<\/p>\n<p>\u00abLas comunidades ind\u00edgenas, los campesinos, las personas defensoras del derecho a la tierra y del ambiente son los grupos de defensores y defensoras que corren mayor riesgo en Per\u00fa\u00bb, ha concluido Forst, al terminar este lunes una visita de 13 d\u00edas en el pa\u00eds sudamericano. El proyecto minero Las Bambas fue incluido en un reporte elaborado en 2018 por 21 organizaciones latinoamericanas sobre empresas chinas que violan derechos, en este caso, por afectar tierras campesinas y tierras comunales.<\/p>\n<p>El experto franc\u00e9s describe que en Per\u00fa confluyen un uso indebido del sistema de justicia contra las personas que promueven o protegen los derechos de manera pac\u00edfica, y \u00abuna deficiencia sist\u00e9mica en la reacci\u00f3n de las autoridades contra los grandes intereses econ\u00f3micos, a nivel regional y local\u00bb. Tambi\u00e9n le preocupa que en el Estado, en los medios de comunicaci\u00f3n y en el sector privado califiquen a los defensores como \u00abenemigos del Estado\u00bb, \u00abterroristas\u00bb, o \u00abantidesarrollo\u00bb.<\/p>\n<p>En una conferencia de prensa en Lima, Forst coment\u00f3 que el gremio de los grandes empresarios peruanos, Confiep, le present\u00f3 un par de v\u00eddeos que se refer\u00edan a los defensores medioambientales \u00abcomo personas manipuladas por sus abogados y asesores, mostrados como delincuentes y terroristas\u00bb. Para el especialista, en Per\u00fa no hay un entorno seguro ni propicio para los protectores de derechos, sean defensores del medio ambiente, activistas LGTB, promotores de la igualdad de g\u00e9nero o periodistas.<\/p>\n<h3>Sistema de protecci\u00f3n<\/h3>\n<p>Desde mayo, Per\u00fa es uno de nueve pa\u00edses en el mundo con un protocolo sobre protecci\u00f3n de defensores de derechos humanos. Sin embargo, el Ministerio de Justicia a\u00fan est\u00e1 en la fase de dise\u00f1o del registro de denuncias de riesgos y ataques previsto por ese mecanismo. La entidad espera tenerlo listo en un par de semanas.<\/p>\n<p>En una entrevista con EL PA\u00cdS, el relator especial de la ONU destac\u00f3 que \u00abese registro ser\u00e1 importante porque hay una grave falta de informaci\u00f3n en Per\u00fa, y el mero hecho de que no haya datos impide medir la situaci\u00f3n de los defensores de derechos, por ejemplo: si el n\u00famero de ataques se incrementa o no. \u00bfC\u00f3mo podemos analizar el impacto de las medidas tomadas por el Gobierno para disminuir o aumentar el n\u00famero de ataques?\u00bb, comenta.<\/p>\n<p>\u00abTambi\u00e9n hace falta informaci\u00f3n apropiada sobre impunidad o \u00e9xito en las investigaciones. Por ejemplo, \u00bfcu\u00e1ntos perpetradores de ataques a defensores han sido llevados a los tribunales? Hace falta saber cu\u00e1ntas compa\u00f1\u00edas tienen un mecanismo para que los defensores en riesgo presenten sus quejas, si las empresas se investigar\u00e1n a s\u00ed mismas o si la denuncia debe ser enviada a a la justicia\u00bb, a\u00f1adi\u00f3.<\/p>\n<p>La Defensor\u00eda del Pueblo del pa\u00eds sudamericano registra mensualmente unos 180 conflictos sociales. En diciembre, el 69% fueron socioambientales. De los 475 defensores que se reunieron con Forst en Lima, Piura (costa norte), Cusco (sierra sur), Madre de Dios y Ucayali (Amazon\u00eda) la mayor\u00eda lucha por la protecci\u00f3n de recursos naturales.<\/p>\n<p>\u00abMe reun\u00ed con una gran cantidad de comunidades: desde peque\u00f1os agricultores, campesinos hasta pueblos ind\u00edgenas. Surgieron muchos nombres de compa\u00f1\u00edas, muchos incidentes con madereros ilegales y mineros ilegales que los amenazaron e hirieron. En un debate con Confiep y con empresas por separado, me explicaron que no todas las empresas est\u00e1n en el mismo nivel\u00bb, agreg\u00f3. Todas mencionaron que el manejo de bosques, la tala de madera, los agronegocios y megaproyectos son las \u00e1reas principales en las que las empresas est\u00e1n haciendo da\u00f1o a los defensores\u00bb.<\/p>\n<p>\u00bfSon comunes en otros pa\u00edses los convenios de servicios entre la Polic\u00eda y las empresas privadas? Forst responde que s\u00ed, pero que est\u00e1 regulado. \u00abEn pa\u00edses donde la Polic\u00eda \u2014de turno, o no\u2014, est\u00e1 empleada por compa\u00f1\u00edas, me dijeron que no usan armas, solo varas. Pero hay un conflicto de inter\u00e9s porque no puede haber del lado del uso de la fuerza, a la vez, la defensa de un inter\u00e9s privado\u00bb, responde.<\/p>\n<p>\u00abCuando los defensores denuncian, tienen que hacerlo a las mismas personas empleadas por las compa\u00f1\u00edas para proteger las instalaciones. Entonces, los defensores no se atreven a denunciar a alguien que protege un inter\u00e9s privado y los golpea o amenaza cuando se acercan a las instalaciones\u00bb, remarca Forst.<\/p>\n<p style=\"text-align: right;\">Redacci\u00f3n: El Pa\u00eds<\/p>","protected":false},"excerpt":{"rendered":"<p>Brandon Quispe, Javier Mamani y otros 17 campesinos de Apur\u00edmac, en la sierra sur de\u00a0Per\u00fa, participan este martes en la primera sesi\u00f3n de un juicio en su contra. Desde 2018, la audiencia se ha suspendido ocho veces antes de iniciar. El caso de Quispe y Mamani, que fueron llevados ante la justicia despu\u00e9s de protestar [&hellip;]<\/p>\n","protected":false},"author":1,"featured_media":4132,"comment_status":"open","ping_status":"open","sticky":false,"template":"","format":"standard","meta":{"_monsterinsights_skip_tracking":false,"_monsterinsights_sitenote_active":false,"_monsterinsights_sitenote_note":"","_monsterinsights_sitenote_category":0,"_jetpack_memberships_contains_paid_content":false,"footnotes":"","jetpack_publicize_message":"","jetpack_publicize_feature_enabled":true,"jetpack_social_post_already_shared":false,"jetpack_social_options":{"image_generator_settings":{"template":"highway","default_image_id":0,"font":"","enabled":false},"version":2}},"categories":[1],"tags":[],"class_list":["post-4131","post","type-post","status-publish","format-standard","has-post-thumbnail","hentry","category-sin-categoria"],"blocksy_meta":[],"jetpack_publicize_connections":[],"jetpack_featured_media_url":"https:\/\/derechosinfronteras.pe\/wp-content\/uploads\/2020\/02\/MG_6144.jpg","jetpack_sharing_enabled":true,"jetpack_likes_enabled":true,"_links":{"self":[{"href":"https:\/\/derechosinfronteras.pe\/ingles\/wp-json\/wp\/v2\/posts\/4131","targetHints":{"allow":["GET"]}}],"collection":[{"href":"https:\/\/derechosinfronteras.pe\/ingles\/wp-json\/wp\/v2\/posts"}],"about":[{"href":"https:\/\/derechosinfronteras.pe\/ingles\/wp-json\/wp\/v2\/types\/post"}],"author":[{"embeddable":true,"href":"https:\/\/derechosinfronteras.pe\/ingles\/wp-json\/wp\/v2\/users\/1"}],"replies":[{"embeddable":true,"href":"https:\/\/derechosinfronteras.pe\/ingles\/wp-json\/wp\/v2\/comments?post=4131"}],"version-history":[{"count":0,"href":"https:\/\/derechosinfronteras.pe\/ingles\/wp-json\/wp\/v2\/posts\/4131\/revisions"}],"wp:featuredmedia":[{"embeddable":true,"href":"https:\/\/derechosinfronteras.pe\/ingles\/wp-json\/wp\/v2\/media\/4132"}],"wp:attachment":[{"href":"https:\/\/derechosinfronteras.pe\/ingles\/wp-json\/wp\/v2\/media?parent=4131"}],"wp:term":[{"taxonomy":"category","embeddable":true,"href":"https:\/\/derechosinfronteras.pe\/ingles\/wp-json\/wp\/v2\/categories?post=4131"},{"taxonomy":"post_tag","embeddable":true,"href":"https:\/\/derechosinfronteras.pe\/ingles\/wp-json\/wp\/v2\/tags?post=4131"}],"curies":[{"name":"wp","href":"https:\/\/api.w.org\/{rel}","templated":true}]}}