{"id":4137,"date":"2020-02-04T18:13:50","date_gmt":"2020-02-04T23:13:50","guid":{"rendered":"http:\/\/derechosinfronteras.pe\/?p=5445"},"modified":"2020-02-04T18:13:50","modified_gmt":"2020-02-04T23:13:50","slug":"defensores-de-derechos-humanos-del-peru-no-tienen-un-entorno-seguro-para-actuar","status":"publish","type":"post","link":"https:\/\/derechosinfronteras.pe\/ingles\/defensores-de-derechos-humanos-del-peru-no-tienen-un-entorno-seguro-para-actuar\/","title":{"rendered":"&#8216;Defensores de derechos humanos del Per\u00fa no tienen un entorno seguro para actuar&#8217;"},"content":{"rendered":"<p>A pesar de los encomiables esfuerzos del Gobierno por proteger a las defensoras y defensores de la tierra y el ambiente, los patrones de amenaza y ataques en su contra se repiten en Cajamarca, Cusco, Ucayali y Madre de Dios, seg\u00fan lo se\u00f1al\u00f3 Michel Forst, Relator Especial de la ONU sobre la Situaci\u00f3n de los Defensores de Derechos Humanos. \u201cSufren de criminalizaci\u00f3n, acoso judicial, estigmatizaci\u00f3n, intimidaci\u00f3n y uso excesivo de la fuerza policial durante las protestas sociales\u201d, indic\u00f3 luego de una visita de 14 d\u00edas a diferentes zonas del pa\u00eds.<\/p>\n<p>Durante su visita al Per\u00fa, Forst se reuni\u00f3 con 450 defensoras y defensores de derechos humanos de diversas regiones, de los cuales el 40% eran mujeres.<\/p>\n<p>Las personas defensoras de derechos humanos siguen estando en peligro, especialmente quienes protegen la tierra, los recursos naturales y los derechos de los pueblos ind\u00edgenas. \u201cLa creciente presi\u00f3n sobre los recursos naturales hace que los defensores y defensoras de derechos humanos corran un gran riesgo de ser afectados por agentes no estatales, como empresas y redes delictivas. Las defensoras de derechos humanos, que abogan por los derechos sexuales y reproductivos y los derechos de las personas LGBTI tambi\u00e9n enfrentan ataques de grupos conservadores y religiosos. Los periodistas que revelan esc\u00e1ndalos de corrupci\u00f3n tambi\u00e9n son blanco de ataques\u201d, dijo el Relator.<\/p>\n<p>Por otra parte, el representante de Naciones Unidas enfatiz\u00f3 que \u201cEn las zonas rurales, los conflictos sociales y ambientales est\u00e1n intr\u00ednsecamente vinculados a patrones sist\u00e9micos de discriminaci\u00f3n y a modelos de explotaci\u00f3n de recursos naturales no sostenibles, a costa de los derechos de las comunidades afectadas y del medio ambiente (\u2026) la falta de consultas previas efectivas, la corrupci\u00f3n y el papel de los actores informales y criminales son un caldo de cultivo para los conflictos sociales y la destrucci\u00f3n del medio ambiente\u201d.<\/p>\n<p>Forst celebr\u00f3 la adopci\u00f3n del Protocolo para garantizar la protecci\u00f3n de personas defensoras de Derechos Humanos, as\u00ed como las medidas adoptadas para garantizar el Acuerdo de Escaz\u00fa y el Plan Nacional de Derechos Humanos, y alent\u00f3 al Gobierno a que asigne recursos humanos y financieros adecuados, adem\u00e1s de asegurar la plena participaci\u00f3n de las instituciones estatales y regionales en su aplicaci\u00f3n.<\/p>\n<p><span lang=\"ES\">Al cierre de su visita, Michel Forst lament\u00f3 llegar a la conclusi\u00f3n de que \u201cun gran n\u00famero de defensores de DDHH, y especialmente de los pueblos ind\u00edgenas y las comunidades locales que defienden el medio ambiente, no pueden actuar en un entorno seguro y propicio\u201d.<\/span><\/p>\n<p>Redacci\u00f3n: OXFAM<\/p>","protected":false},"excerpt":{"rendered":"<p>A pesar de los encomiables esfuerzos del Gobierno por proteger a las defensoras y defensores de la tierra y el ambiente, los patrones de amenaza y ataques en su contra se repiten en Cajamarca, Cusco, Ucayali y Madre de Dios, seg\u00fan lo se\u00f1al\u00f3 Michel Forst, Relator Especial de la ONU sobre la Situaci\u00f3n de los [&hellip;]<\/p>\n","protected":false},"author":1,"featured_media":4138,"comment_status":"open","ping_status":"open","sticky":false,"template":"","format":"standard","meta":{"_monsterinsights_skip_tracking":false,"_monsterinsights_sitenote_active":false,"_monsterinsights_sitenote_note":"","_monsterinsights_sitenote_category":0,"_jetpack_memberships_contains_paid_content":false,"footnotes":"","jetpack_publicize_message":"","jetpack_publicize_feature_enabled":true,"jetpack_social_post_already_shared":false,"jetpack_social_options":{"image_generator_settings":{"template":"highway","default_image_id":0,"font":"","enabled":false},"version":2}},"categories":[1],"tags":[],"class_list":["post-4137","post","type-post","status-publish","format-standard","has-post-thumbnail","hentry","category-sin-categoria"],"blocksy_meta":[],"jetpack_publicize_connections":[],"jetpack_featured_media_url":"https:\/\/derechosinfronteras.pe\/wp-content\/uploads\/2020\/02\/ONU.jpg","jetpack_sharing_enabled":true,"jetpack_likes_enabled":true,"_links":{"self":[{"href":"https:\/\/derechosinfronteras.pe\/ingles\/wp-json\/wp\/v2\/posts\/4137","targetHints":{"allow":["GET"]}}],"collection":[{"href":"https:\/\/derechosinfronteras.pe\/ingles\/wp-json\/wp\/v2\/posts"}],"about":[{"href":"https:\/\/derechosinfronteras.pe\/ingles\/wp-json\/wp\/v2\/types\/post"}],"author":[{"embeddable":true,"href":"https:\/\/derechosinfronteras.pe\/ingles\/wp-json\/wp\/v2\/users\/1"}],"replies":[{"embeddable":true,"href":"https:\/\/derechosinfronteras.pe\/ingles\/wp-json\/wp\/v2\/comments?post=4137"}],"version-history":[{"count":0,"href":"https:\/\/derechosinfronteras.pe\/ingles\/wp-json\/wp\/v2\/posts\/4137\/revisions"}],"wp:featuredmedia":[{"embeddable":true,"href":"https:\/\/derechosinfronteras.pe\/ingles\/wp-json\/wp\/v2\/media\/4138"}],"wp:attachment":[{"href":"https:\/\/derechosinfronteras.pe\/ingles\/wp-json\/wp\/v2\/media?parent=4137"}],"wp:term":[{"taxonomy":"category","embeddable":true,"href":"https:\/\/derechosinfronteras.pe\/ingles\/wp-json\/wp\/v2\/categories?post=4137"},{"taxonomy":"post_tag","embeddable":true,"href":"https:\/\/derechosinfronteras.pe\/ingles\/wp-json\/wp\/v2\/tags?post=4137"}],"curies":[{"name":"wp","href":"https:\/\/api.w.org\/{rel}","templated":true}]}}