{"id":4139,"date":"2020-02-03T13:21:44","date_gmt":"2020-02-03T18:21:44","guid":{"rendered":"http:\/\/derechosinfronteras.pe\/?p=5438"},"modified":"2020-02-03T13:21:44","modified_gmt":"2020-02-03T18:21:44","slug":"espinar-fiscalia-solicita-prision-preventiva-para-diez-dirigentes-sociales","status":"publish","type":"post","link":"https:\/\/derechosinfronteras.pe\/ingles\/espinar-fiscalia-solicita-prision-preventiva-para-diez-dirigentes-sociales\/","title":{"rendered":"Espinar: Fiscal\u00eda solicita prisi\u00f3n preventiva para diez dirigentes sociales"},"content":{"rendered":"<p>El pasado viernes 31 de enero, La Fiscal\u00eda ha solicitado prisi\u00f3n preventiva de 9 meses para dirigentes de Espinar.\u00a0 A la fecha, est\u00e1n detenidos\u00a0 Abel Kana Quispe y Jorge Kana Taco, Teniente Gobernador y Fiscal de la Comunidad Espinarense de Urisanya respectivamente. La raz\u00f3n: el supuesto \u2018secuestro\u2019 a Elvis Flores, un trabajador de la empresa PROSEGUR, que brinda servicios de seguridad para la compa\u00f1\u00eda minera \u2018Las Bambas\u2019, quien habr\u00eda llegado a vivir en un hospedaje de la comunidad desde el 25 de enero.<\/p>\n<p>El supuesto delito se habr\u00eda cometido el 30 de enero. Los comuneros descubrieron que Flores estaba grabando y fotografiando durante las asambleas comunales y acciones de protesta. Aqu\u00ed, cabe se\u00f1alar que Urinsaya, que pertenece al distrito de Coporaque, inici\u00f3 medidas de lucha exigiendo la anulaci\u00f3n del DS. N\u00b0017-2017-MTC, que reclasifica como V\u00eda Nacional parte de los territorios del\u00a0<a href=\"https:\/\/www.facebook.com\/hashtag\/corredorminerodelsur?source=feed_text&amp;epa=HASHTAG&amp;__xts__%5B0%5D=68.ARDVrbH5OFOl_MZZeDPzZJjcGAl7GV0FFvQlnOlEZGpQkspm4moTMM4_pRILEWXucsviAzSLMBCsbbkL8BYd0CG0diU0Kx5XYqcGHS7DRDnEzhjAlXtPIZWpenRMcKGLZnqN9MiVR3ddgYphIyV9-4RKSBDMwHFIdEAU8aLzWamaolIbw9NUmb33NoAwgaVOqpV3If0n8qtgHz6axWaz5253Ibeqhxbbe3IV57DdAhcvNBNEzGXA3PtVgXVpfDA0XVpxOWXtYva1dGAEW6Dm005ueKhYlfAN96EUNRiWhbGoqYTO1kN09jtpRgaU9gJKp6jl5NSwcygMeUiGj4Ip2YKoYg&amp;__tn__=%2ANK-R\" target=\"_blank\" rel=\"noopener\">Corredor Minero Del Sur<\/a>, sin informar y consultar previamente a las comunidades, que, en la actualidad, se ven afectadas por el transporte de m\u00e1s de 500 veh\u00edculos que trasladan concentrado de cobre y otros insumos.<\/p>\n<p>Para las tres de la tarde, del 31 de enero, La Fiscal\u00eda recibe la denuncia de Flores, afirmando que los comuneros lo hab\u00edan encerrado en su propio hospedaje. A partir de este momento, surgen una serie de irregularidades por parte del Ministerio P\u00fablico, pues deciden detener a Virginia Cca\u00f1a, due\u00f1a del hospedaje, en calidad de imputada, quien, seg\u00fan comunicaciones con el abogado de oficio, ha sido obligada a declarar.<\/p>\n<p>Lo inexplicable, es que despu\u00e9s de las declaraciones de Cca\u00f1a, la Fiscal de Espinar, Carmen Rosa Salas \u2013la misma que estuvo a cargo de la denuncia en contra del ex Alcalde y Ex dirigentes en el conflicto del 2012- oficializa una denuncia de prisi\u00f3n preventiva a diez comuneros que ocupan alg\u00fan cargo dirigencial: 08 hombres y 02 mujeres.<\/p>\n<p>Actualmente, Abel Kana y Jorge Kana, est\u00e1n detenidos en el Poder Judicial de Sicuani, y \u00a0Salas ha ordenado que la audiencia de prisi\u00f3n preventiva \u00a0se realice para hoy, 03 de febrero, a las tres de la tarde. Este caso es \u2018Sui Generis\u2019 en Espinar, pues es la primera vez que existe la posibilidad que diez dirigentes puedan ir a prisi\u00f3n en calidad de \u2018prevenci\u00f3n\u2019 en un marco de protesta social.<\/p>\n<p><strong>Relaci\u00f3n de Investigados:<\/strong><\/p>\n<p>1.- Abel Kana Quispe \u2013 Teniente Gobernador<\/p>\n<p>2.- Jorge Kana Taco \u2013 Fiscal de la Comunidad<\/p>\n<p>3.- Santos Gregorio Arpi Quispe \u2013 Integrante de Ronda Campesina<\/p>\n<p>4.- Guillermo Hermogenes Quispe Taco \u2013 Integrante de Ronda Campesina<\/p>\n<p>5.- Matilde Huamani Ccompi &#8211; Comunera<\/p>\n<p>6.- Roger Choqueccota Qquehue \u2013 Integrante de Agrupaci\u00f3n Vecinal<\/p>\n<p>7.- Isaias Kana Huillca \u2013 Presidente de Comunidad<\/p>\n<p>8.- Brigida Huamani Huillca \u2013 Presidenta de Club de Madres<\/p>\n<p>9.- Guillermo Kana Chuma \u2013 Comunero de Sector Churpa Baja<\/p>\n<p>10.- Gregorio Sinanyuca Quispe \u2013 Presidente de Ronda Central de la comunidad<\/p>\n<p><strong>Datos: <\/strong><\/p>\n<p>*Los comuneros tambi\u00e9n exigen reparaci\u00f3n por da\u00f1os a su salud y medio ambiente, adem\u00e1s de la afectaci\u00f3n de sus terrenos agr\u00edcolas, adem\u00e1s demandan ser reconocida como \u00e1rea de influencia directa de del proyecto minero Las Bambas.<\/p>\n<p>*Durante los d\u00edas de protesta, \u00a0la comunidad ha solicitado la presencia del Gerente General de MMG Las Bambas, para retomar el di\u00e1logo y exponer sus demandas, sin embargo no ha existido ning\u00fan acercamiento de parte de la empresa.<\/p>\n<p>*La Federaci\u00f3n Unificada de Campesinos de Espinar \u2013 FUCAE, inmediatamente tomo postura con un pronunciamiento, exigiendo al Estado que deje de criminalizar a los dirigentes, y que m\u00e1s bien demuestren \u2018voluntad franca y trasparente para resolver sus demandas\u2019.<\/p>\n<p>En el siguiente video, Flores confirma que brinda servicios para la empresa minera MMG Las Bambas<br \/>\n<iframe style=\"border: none; overflow: hidden;\" src=\"https:\/\/www.facebook.com\/plugins\/video.php?href=https%3A%2F%2Fwww.facebook.com%2Fderechossinfronteras.pe%2Fvideos%2F619927152097585%2F&amp;show_text=0&amp;width=560\" width=\"560\" height=\"308\" frameborder=\"0\" scrolling=\"no\" allowfullscreen=\"allowfullscreen\"><\/iframe><\/p>","protected":false},"excerpt":{"rendered":"<p>El pasado viernes 31 de enero, La Fiscal\u00eda ha solicitado prisi\u00f3n preventiva de 9 meses para dirigentes de Espinar.\u00a0 A la fecha, est\u00e1n detenidos\u00a0 Abel Kana Quispe y Jorge Kana Taco, Teniente Gobernador y Fiscal de la Comunidad Espinarense de Urisanya respectivamente. La raz\u00f3n: el supuesto \u2018secuestro\u2019 a Elvis Flores, un trabajador de la empresa [&hellip;]<\/p>\n","protected":false},"author":1,"featured_media":4140,"comment_status":"open","ping_status":"open","sticky":false,"template":"","format":"standard","meta":{"_monsterinsights_skip_tracking":false,"_monsterinsights_sitenote_active":false,"_monsterinsights_sitenote_note":"","_monsterinsights_sitenote_category":0,"_jetpack_memberships_contains_paid_content":false,"footnotes":"","jetpack_publicize_message":"","jetpack_publicize_feature_enabled":true,"jetpack_social_post_already_shared":false,"jetpack_social_options":{"image_generator_settings":{"template":"highway","default_image_id":0,"font":"","enabled":false},"version":2}},"categories":[1],"tags":[],"class_list":["post-4139","post","type-post","status-publish","format-standard","has-post-thumbnail","hentry","category-sin-categoria"],"blocksy_meta":[],"jetpack_publicize_connections":[],"jetpack_featured_media_url":"https:\/\/derechosinfronteras.pe\/wp-content\/uploads\/2020\/02\/Prision-Preventiva.jpg","jetpack_sharing_enabled":true,"jetpack_likes_enabled":true,"_links":{"self":[{"href":"https:\/\/derechosinfronteras.pe\/ingles\/wp-json\/wp\/v2\/posts\/4139","targetHints":{"allow":["GET"]}}],"collection":[{"href":"https:\/\/derechosinfronteras.pe\/ingles\/wp-json\/wp\/v2\/posts"}],"about":[{"href":"https:\/\/derechosinfronteras.pe\/ingles\/wp-json\/wp\/v2\/types\/post"}],"author":[{"embeddable":true,"href":"https:\/\/derechosinfronteras.pe\/ingles\/wp-json\/wp\/v2\/users\/1"}],"replies":[{"embeddable":true,"href":"https:\/\/derechosinfronteras.pe\/ingles\/wp-json\/wp\/v2\/comments?post=4139"}],"version-history":[{"count":0,"href":"https:\/\/derechosinfronteras.pe\/ingles\/wp-json\/wp\/v2\/posts\/4139\/revisions"}],"wp:featuredmedia":[{"embeddable":true,"href":"https:\/\/derechosinfronteras.pe\/ingles\/wp-json\/wp\/v2\/media\/4140"}],"wp:attachment":[{"href":"https:\/\/derechosinfronteras.pe\/ingles\/wp-json\/wp\/v2\/media?parent=4139"}],"wp:term":[{"taxonomy":"category","embeddable":true,"href":"https:\/\/derechosinfronteras.pe\/ingles\/wp-json\/wp\/v2\/categories?post=4139"},{"taxonomy":"post_tag","embeddable":true,"href":"https:\/\/derechosinfronteras.pe\/ingles\/wp-json\/wp\/v2\/tags?post=4139"}],"curies":[{"name":"wp","href":"https:\/\/api.w.org\/{rel}","templated":true}]}}