{"id":4141,"date":"2020-01-30T17:02:40","date_gmt":"2020-01-30T22:02:40","guid":{"rendered":"http:\/\/derechosinfronteras.pe\/?p=5433"},"modified":"2020-01-30T17:02:40","modified_gmt":"2020-01-30T22:02:40","slug":"defensores-ambientales-de-cusco-inocentes","status":"publish","type":"post","link":"https:\/\/derechosinfronteras.pe\/ingles\/defensores-ambientales-de-cusco-inocentes\/","title":{"rendered":"Defensores ambientales de Cusco: \u00a1Inocentes!"},"content":{"rendered":"<p>Es un motivo de alegr\u00eda que el \u00faltimo lunes, 27 de enero, el Juzgado Penal Colegiado de Cusco, presidido por la Dra. Y\u00e9pez Provincia, haya absuelto a diez defensores del ambiente y del territorio de la Provincia de Chumbivilcas, espec\u00edficamente del distrito de Llusco. Los defensores estuvieron en paro entre diciembre del 2011 y enero y febrero del 2012, en contra de la contaminaci\u00f3n generada por el paso de los camiones de la empresa minera Anabi SAC. por una carretera bastante estrecha y sin pavimentar, adem\u00e1s la actividad minera habr\u00eda contaminado el rio Molino en la cuenca del Yaramayo.<\/p>\n<p>El Colegiado a considerado, en su adelanto de sentencia, b\u00e1sicamente lo siguiente:<\/p>\n<p>*No se ha logrado demostrar el dolo de los acusados, es decir, la intenci\u00f3n de cometer delitos, como coautores.<\/p>\n<p>*No existe ni una sola prueba, una sola acta, en la que se demuestre que los acusados se hayan puesto de acuerdo para cometer los delitos de secuestro, robo agravado, disturbios, entorpecimiento, entre otros.<\/p>\n<p>*No hay ninguna sindicaci\u00f3n directa, entre los hechos, los delitos y la responsabilidad penal de los acusados.<\/p>\n<p>*En los videos que se han visualizado, que son m\u00e1s de 200, no se atribuye una imputaci\u00f3n directa a ninguno de los acusados.<\/p>\n<p>*Hay una parcialidad en las declaraciones de los testigos, porque todos son trabajadores de la empresa minera.<\/p>\n<p>Por todos estos fundamentos, hay una duda razonable, que no ha roto, el principio de inocencia, y por eso se les absuelve y se ordena que una vez la sentencia sea declarado consentido se ordene el envi\u00f3 de la acusaci\u00f3n fiscal al \u00d3rgano de Control Interno, para que inicie investigaciones en contra del fiscal por supuestas responsabilidades en el ejercicio de sus funciones. Esperamos que en segunda instancia se confirme la sentencia.<\/p>\n<p>Saludamos la solidaridad del Pueblo de Chumbivilcas, de las organizaciones sociales de la Regi\u00f3n Cusco, como la FARTAC, la Asamblea del Cusco, la AREJO, entre otras, por estar acompa\u00f1ando a los procesados en los momentos de la definici\u00f3n de la sentencia. Los familiares y los mismos defensores que a pesar de los a\u00f1os transcurridos, siguen firmes en sus luchas.<\/p>\n<p>La victoria inicial es de las justas luchas del pueblo de Chumbivilcas. Saludamos tambi\u00e9n el esfuerzo que hemos tenido con los colegas de la defensa para articular la estrategia legal a seguir, y, sobre todo el compromiso de Derechos Humanos Sin Fronteras (DHSF), EarthRights International (ERI), Red Muqui Sur y colegas como Pablo Ricardo Abdo, Katherine Paucar, Sergio Sullca, el abogado de la Defensa P\u00fablica de Chumbivilcas, Juan Carlos Ccalla Quispe, y el estudio jur\u00eddico Mendoza Muelle. Y, el Instituto de Defensa Legal (IDL), que nos apoy\u00f3 con un \u2018amicus curiae\u2019 a trav\u00e9s de Juan Carlos Ruiz Molleda. Hemos hecho un buen trabajo de equipo. En modo especial al equipo de comunicaci\u00f3n de ERI y DHSF.<\/p>\n<p>Es un honor haber defendido al Pueblo Chumbivilcano a trav\u00e9s de sus defensores ambientales; despu\u00e9s del adelanto de la lectura de la sentencia, lo primero que hicieron los ciudadanos y ciudadanas Chumbivilcanos, y a pesar de la intensa lluvia, fue cantar el himno nacional como afirmaci\u00f3n de su ciudadan\u00eda y pertenencia a este pa\u00eds. Gracias por la confianza. Ning\u00fan defensor del ambiente merece la c\u00e1rcel por defender su tierra, sus recursos, e incluso su propia vida. Seguiremos en la lucha hasta que cese la criminalizaci\u00f3n de la protesta social.<\/p>\n<p>&nbsp;<br \/>\n<iframe src=\"https:\/\/www.facebook.com\/plugins\/video.php?href=https%3A%2F%2Fwww.facebook.com%2Fderechossinfronteras.pe%2Fvideos%2F612888172615380%2F&#038;show_text=0&#038;width=560\" width=\"560\" height=\"315\" style=\"border:none;overflow:hidden\" scrolling=\"no\" frameborder=\"0\" allowtransparency=\"true\" allowfullscreen=\"true\"><\/iframe><\/p>","protected":false},"excerpt":{"rendered":"<p>Es un motivo de alegr\u00eda que el \u00faltimo lunes, 27 de enero, el Juzgado Penal Colegiado de Cusco, presidido por la Dra. Y\u00e9pez Provincia, haya absuelto a diez defensores del ambiente y del territorio de la Provincia de Chumbivilcas, espec\u00edficamente del distrito de Llusco. Los defensores estuvieron en paro entre diciembre del 2011 y enero [&hellip;]<\/p>\n","protected":false},"author":1,"featured_media":4142,"comment_status":"open","ping_status":"open","sticky":false,"template":"","format":"standard","meta":{"_monsterinsights_skip_tracking":false,"_monsterinsights_sitenote_active":false,"_monsterinsights_sitenote_note":"","_monsterinsights_sitenote_category":0,"_jetpack_memberships_contains_paid_content":false,"footnotes":"","jetpack_publicize_message":"","jetpack_publicize_feature_enabled":true,"jetpack_social_post_already_shared":false,"jetpack_social_options":{"image_generator_settings":{"template":"highway","default_image_id":0,"font":"","enabled":false},"version":2}},"categories":[1],"tags":[],"class_list":["post-4141","post","type-post","status-publish","format-standard","has-post-thumbnail","hentry","category-sin-categoria"],"blocksy_meta":[],"jetpack_publicize_connections":[],"jetpack_featured_media_url":"https:\/\/derechosinfronteras.pe\/wp-content\/uploads\/2020\/01\/CasoAnabi-Ramiro.jpg","jetpack_sharing_enabled":true,"jetpack_likes_enabled":true,"_links":{"self":[{"href":"https:\/\/derechosinfronteras.pe\/ingles\/wp-json\/wp\/v2\/posts\/4141","targetHints":{"allow":["GET"]}}],"collection":[{"href":"https:\/\/derechosinfronteras.pe\/ingles\/wp-json\/wp\/v2\/posts"}],"about":[{"href":"https:\/\/derechosinfronteras.pe\/ingles\/wp-json\/wp\/v2\/types\/post"}],"author":[{"embeddable":true,"href":"https:\/\/derechosinfronteras.pe\/ingles\/wp-json\/wp\/v2\/users\/1"}],"replies":[{"embeddable":true,"href":"https:\/\/derechosinfronteras.pe\/ingles\/wp-json\/wp\/v2\/comments?post=4141"}],"version-history":[{"count":0,"href":"https:\/\/derechosinfronteras.pe\/ingles\/wp-json\/wp\/v2\/posts\/4141\/revisions"}],"wp:featuredmedia":[{"embeddable":true,"href":"https:\/\/derechosinfronteras.pe\/ingles\/wp-json\/wp\/v2\/media\/4142"}],"wp:attachment":[{"href":"https:\/\/derechosinfronteras.pe\/ingles\/wp-json\/wp\/v2\/media?parent=4141"}],"wp:term":[{"taxonomy":"category","embeddable":true,"href":"https:\/\/derechosinfronteras.pe\/ingles\/wp-json\/wp\/v2\/categories?post=4141"},{"taxonomy":"post_tag","embeddable":true,"href":"https:\/\/derechosinfronteras.pe\/ingles\/wp-json\/wp\/v2\/tags?post=4141"}],"curies":[{"name":"wp","href":"https:\/\/api.w.org\/{rel}","templated":true}]}}