{"id":4145,"date":"2020-01-29T13:27:20","date_gmt":"2020-01-29T18:27:20","guid":{"rendered":"http:\/\/derechosinfronteras.pe\/?p=5423"},"modified":"2020-01-29T13:27:20","modified_gmt":"2020-01-29T18:27:20","slug":"cusco-onu-evalua-situacion-de-los-defensores-de-derechos-humanos-en-el-sur-andino","status":"publish","type":"post","link":"https:\/\/derechosinfronteras.pe\/ingles\/cusco-onu-evalua-situacion-de-los-defensores-de-derechos-humanos-en-el-sur-andino\/","title":{"rendered":"Cusco: ONU eval\u00faa situaci\u00f3n de los defensores de derechos humanos en el Sur Andino"},"content":{"rendered":"<p>Como parte de su visita al Per\u00fa, Michel Forst, relator especial de las Naciones Unidas, se reunir\u00e1\u00a0en la Ciudad Imperial, este 29 de enero, con representantes de diferentes organizaciones\u00a0sociales de base de las regiones de Puno, Apur\u00edmac, Arequipa y Cusco, para evaluar la posibilidad\u00a0de promover y proteger los derechos humanos en un entorno seguro y propicio. El espacio de\u00a0encuentro ser\u00e1 en el Conversatorio: SITUACI\u00d3N DE DEFENSORXS DE DERECHOS HUMANOS EN\u00a0EL SUR ANDINO, que se llevar\u00e1 a cabo en la Casa Fray Bartolom\u00e9 de las Casas (Av. Tullumayo\u00a0#456), desde las 4:00 p.m.La raz\u00f3n es el tratamiento que se les viene dando a las y los defensores de derechos humanos\u00a0en contextos de protestas o manifestaciones, en temas como la defensa del medio ambiente, el<br \/>\nejercicio de la libertad de expresi\u00f3n y la lucha contra la violencia de g\u00e9nero.<\/p>\n<p><strong>El derecho a defender derechos<\/strong><\/p>\n<p>Desde hace muchos a\u00f1os, el Sur Andino sufre la persecuci\u00f3n de sus dirigentes, por ejemplo en\u00a0Espinar, Cusco, el ex alcalde, Oscar Mollohuanca, contin\u00faa procesado; las detenciones del ex gobernador Walter Aduviri en Puno, de dirigentes de Fuerabamba en Apur\u00edmac; y de l\u00edderes\u00a0sindicales en T\u00eda Mar\u00eda.<\/p>\n<p>Pero la criminalizaci\u00f3n no es la \u00fanica forma de persecuci\u00f3n, tambi\u00e9n se encuentra la vulneraci\u00f3n\u00a0de los derechos de las mujeres defensoras, as\u00ed como de la comunidad LGTBI, y de los constantes\u00a0acosos a los periodistas y comunicadores que denuncian la vulneraci\u00f3n de derechos por parte\u00a0del Estado y de las empresas extractivas. La preocupaci\u00f3n es mayor, cuando se tiene en cuenta\u00a0que los principales ejecutores de estas vulneraciones son miembros del Estado como la Polic\u00eda\u00a0Nacional y las FFAA.<\/p>\n<p><strong>Todos los derechos humanos para todos<\/strong><\/p>\n<p>Forst compartir\u00e1 sus observaciones y recomendaciones preliminares en una conferencia de\u00a0prensa que tendr\u00e1 lugar el lunes 3 de febrero en el Hotel Dazzler Miaflores de Lima, ante medios\u00a0nacionales e internacionales. Su visita en el pa\u00eds inici\u00f3 el 21 de enero recogiendo la misma\u00a0informaci\u00f3n en los departamentos de Piura y Madre de Dios, para luego continuar en Ucayali\u00a0antes de terminar en la capital.<\/p>\n<p>La invitaci\u00f3n se realiza desde las instituciones como: Derechos Humanos Sin Fronteras (DHSF),\u00a0Aprodeh \u2013 Apur\u00edmac, Derechos Humanos y Medio Ambiente, FEDEPAZ, Cooperacci\u00f3n, Red\u00a0Muqui, CNDDHH, Earth Rights International, Entrepueblos y BD, con el apoyo de\u00a0Amnist\u00eda Internacional y OXFAM.<\/p>\n<p>&nbsp;<\/p>\n<p><iframe src=\"https:\/\/www.facebook.com\/plugins\/post.php?href=https%3A%2F%2Fwww.facebook.com%2Fderechossinfronteras.pe%2Fphotos%2Fa.741549455963585%2F2639360749515770%2F%3Ftype%3D3&#038;width=500\" width=\"500\" height=\"709\" style=\"border:none;overflow:hidden\" scrolling=\"no\" frameborder=\"0\" allowtransparency=\"true\" allow=\"encrypted-media\"><\/iframe>&nbsp;<\/p>","protected":false},"excerpt":{"rendered":"<p>Como parte de su visita al Per\u00fa, Michel Forst, relator especial de las Naciones Unidas, se reunir\u00e1\u00a0en la Ciudad Imperial, este 29 de enero, con representantes de diferentes organizaciones\u00a0sociales de base de las regiones de Puno, Apur\u00edmac, Arequipa y Cusco, para evaluar la posibilidad\u00a0de promover y proteger los derechos humanos en un entorno seguro y [&hellip;]<\/p>\n","protected":false},"author":1,"featured_media":4146,"comment_status":"open","ping_status":"open","sticky":false,"template":"","format":"standard","meta":{"_monsterinsights_skip_tracking":false,"_monsterinsights_sitenote_active":false,"_monsterinsights_sitenote_note":"","_monsterinsights_sitenote_category":0,"_jetpack_memberships_contains_paid_content":false,"footnotes":"","jetpack_publicize_message":"","jetpack_publicize_feature_enabled":true,"jetpack_social_post_already_shared":false,"jetpack_social_options":{"image_generator_settings":{"template":"highway","default_image_id":0,"font":"","enabled":false},"version":2}},"categories":[1],"tags":[],"class_list":["post-4145","post","type-post","status-publish","format-standard","has-post-thumbnail","hentry","category-sin-categoria"],"blocksy_meta":[],"jetpack_publicize_connections":[],"jetpack_featured_media_url":"https:\/\/derechosinfronteras.pe\/wp-content\/uploads\/2020\/01\/MG_6151-copia.jpg","jetpack_sharing_enabled":true,"jetpack_likes_enabled":true,"_links":{"self":[{"href":"https:\/\/derechosinfronteras.pe\/ingles\/wp-json\/wp\/v2\/posts\/4145","targetHints":{"allow":["GET"]}}],"collection":[{"href":"https:\/\/derechosinfronteras.pe\/ingles\/wp-json\/wp\/v2\/posts"}],"about":[{"href":"https:\/\/derechosinfronteras.pe\/ingles\/wp-json\/wp\/v2\/types\/post"}],"author":[{"embeddable":true,"href":"https:\/\/derechosinfronteras.pe\/ingles\/wp-json\/wp\/v2\/users\/1"}],"replies":[{"embeddable":true,"href":"https:\/\/derechosinfronteras.pe\/ingles\/wp-json\/wp\/v2\/comments?post=4145"}],"version-history":[{"count":0,"href":"https:\/\/derechosinfronteras.pe\/ingles\/wp-json\/wp\/v2\/posts\/4145\/revisions"}],"wp:featuredmedia":[{"embeddable":true,"href":"https:\/\/derechosinfronteras.pe\/ingles\/wp-json\/wp\/v2\/media\/4146"}],"wp:attachment":[{"href":"https:\/\/derechosinfronteras.pe\/ingles\/wp-json\/wp\/v2\/media?parent=4145"}],"wp:term":[{"taxonomy":"category","embeddable":true,"href":"https:\/\/derechosinfronteras.pe\/ingles\/wp-json\/wp\/v2\/categories?post=4145"},{"taxonomy":"post_tag","embeddable":true,"href":"https:\/\/derechosinfronteras.pe\/ingles\/wp-json\/wp\/v2\/tags?post=4145"}],"curies":[{"name":"wp","href":"https:\/\/api.w.org\/{rel}","templated":true}]}}