{"id":4147,"date":"2020-01-28T11:36:01","date_gmt":"2020-01-28T16:36:01","guid":{"rendered":"http:\/\/derechosinfronteras.pe\/?p=5415"},"modified":"2020-01-28T11:36:01","modified_gmt":"2020-01-28T16:36:01","slug":"cusco-defensores-del-medio-ambiente-son-declarados-inocentes","status":"publish","type":"post","link":"https:\/\/derechosinfronteras.pe\/ingles\/cusco-defensores-del-medio-ambiente-son-declarados-inocentes\/","title":{"rendered":"Cusco: Defensores del medio ambiente son declarados inocentes"},"content":{"rendered":"<p><strong>28 de enero de 2020 \u2013<\/strong> Ayer, al promediar las nueve de la noche, y luego de m\u00e1s de nueve a\u00f1os de un proceso lleno de cuestionamientos, el Poder Judicial dict\u00f3 sentencia absolutoria a favor de diez y defensores del territorio y derechos humanos de la provincia cusque\u00f1a de Chumbivilcas, que fueron denunciados por la minera Anabi S.A.C. en el 2011.<\/p>\n<p>Cabe recordar que, los procesados fueron dirigentes comunales y de organizaciones sociales de base que protestaron de manera pac\u00edfica, entre diciembre del 2011 y febrero del 2012, por la grave contaminaci\u00f3n ambiental que produc\u00eda la empresa minera en menci\u00f3n. A ra\u00edz de estas protestas, la minera present\u00f3 una denuncia contra los ex dirigentes por los presuntos delitos de secuestro, disturbios, da\u00f1os a la propiedad, entre otros, la cual fue impulsada por la Fiscal\u00eda de Chumbivilcas.<\/p>\n<p>Durante este proceso judicial, diferentes organizaciones han acompa\u00f1ado con asesor\u00eda legal a los dirigentes, como Derechos Humanos Sin Fronteras, Red Muqui Sur y EarthRights International, quienes junto a otros abogados y abogadas independientes, han denunciado una serie de cuestionamientos, entre las que resaltan una inadecuada valoraci\u00f3n de las pruebas, una suspensi\u00f3n repetitiva de audiencias, el cambio continuo de magistrados, entre otros hechos que ponen en tela de juicio la autonom\u00eda, independencia e imparcialidad de la administraci\u00f3n de justicia.<\/p>\n<p>Este largo proceso lleg\u00f3 a su fin el \u00a027 de enero, en el que la colegiatura conformada por los jueces Edson Ormachea Acurio, Gilbert Arias Paullo, Lizbeth Nohem\u00ed Yepez Provincia y Valencia Tito N\u00fa\u00f1ez decidi\u00f3 absolver de todos los cargos a los diez \u2018defensores de la pachamama\u2019 (As\u00ed es como se reconocen).<\/p>\n<p>Esta sentencia sienta un gran precedente para todos los casos de defensores ambientales que han sido criminalizados en el Per\u00fa, y deja claro que el Ministerio P\u00fablico adelanta investigaciones sin fundamentos. Como declar\u00f3 la jueza, la Fiscal\u00eda no pudo probar ninguno de los hechos, lo que deja entrever c\u00f3mo estos procesos son usados para disuadir y reprimir el ejercicio leg\u00edtimo de la defensa de los derechos.<\/p>\n<p><em>\u201cNo nos podemos callar ante tanta injusticia, porque la ley es igual para todos,\u201d <\/em>declar\u00f3 el l\u00edder chumbivilcano Luciano Ataucuri Ch\u00e1vez, criminalizado en este proceso<em>, a los exteriores del Poder Judicial de Cusco, donde los esperan cientos de personas para felicitarlos por la sentencia absolutoria. <\/em><\/p>\n<p>Celebramos, junto a los l\u00edderes y lideresas ABSUELTOS, sus familias y a toda la comunidad Chumbivilcana esta sentencia positiva. Esperamos se convierta en un precedente para que cese la criminalizaci\u00f3n contra defensores de derechos del territorio en el Per\u00fa.<\/p>\n<p><img decoding=\"async\" class=\"wp-image-5418 aligncenter\" src=\"http:\/\/derechosinfronteras.pe\/wp-content\/uploads\/2020\/01\/descarga-4.jpg\" alt=\"\" width=\"154\" height=\"154\" \/>\u00a0 \u00a0 \u00a0 \u00a0 \u00a0 \u00a0 \u00a0 \u00a0 \u00a0 \u00a0 \u00a0 \u00a0 \u00a0 \u00a0 \u00a0 \u00a0 \u00a0 \u00a0\u00a0<img decoding=\"async\" class=\"wp-image-5420 aligncenter\" src=\"http:\/\/derechosinfronteras.pe\/wp-content\/uploads\/2020\/01\/DHSF.jpg\" alt=\"\" width=\"124\" height=\"121\" \/><\/p>","protected":false},"excerpt":{"rendered":"<p>28 de enero de 2020 \u2013 Ayer, al promediar las nueve de la noche, y luego de m\u00e1s de nueve a\u00f1os de un proceso lleno de cuestionamientos, el Poder Judicial dict\u00f3 sentencia absolutoria a favor de diez y defensores del territorio y derechos humanos de la provincia cusque\u00f1a de Chumbivilcas, que fueron denunciados por la [&hellip;]<\/p>\n","protected":false},"author":1,"featured_media":4148,"comment_status":"open","ping_status":"open","sticky":false,"template":"","format":"standard","meta":{"_monsterinsights_skip_tracking":false,"_monsterinsights_sitenote_active":false,"_monsterinsights_sitenote_note":"","_monsterinsights_sitenote_category":0,"_jetpack_memberships_contains_paid_content":false,"footnotes":"","jetpack_publicize_message":"","jetpack_publicize_feature_enabled":true,"jetpack_social_post_already_shared":false,"jetpack_social_options":{"image_generator_settings":{"template":"highway","default_image_id":0,"font":"","enabled":false},"version":2}},"categories":[1],"tags":[],"class_list":["post-4147","post","type-post","status-publish","format-standard","has-post-thumbnail","hentry","category-sin-categoria"],"blocksy_meta":[],"jetpack_publicize_connections":[],"jetpack_featured_media_url":"https:\/\/derechosinfronteras.pe\/wp-content\/uploads\/2020\/01\/Absolucion.jpg","jetpack_sharing_enabled":true,"jetpack_likes_enabled":true,"_links":{"self":[{"href":"https:\/\/derechosinfronteras.pe\/ingles\/wp-json\/wp\/v2\/posts\/4147","targetHints":{"allow":["GET"]}}],"collection":[{"href":"https:\/\/derechosinfronteras.pe\/ingles\/wp-json\/wp\/v2\/posts"}],"about":[{"href":"https:\/\/derechosinfronteras.pe\/ingles\/wp-json\/wp\/v2\/types\/post"}],"author":[{"embeddable":true,"href":"https:\/\/derechosinfronteras.pe\/ingles\/wp-json\/wp\/v2\/users\/1"}],"replies":[{"embeddable":true,"href":"https:\/\/derechosinfronteras.pe\/ingles\/wp-json\/wp\/v2\/comments?post=4147"}],"version-history":[{"count":0,"href":"https:\/\/derechosinfronteras.pe\/ingles\/wp-json\/wp\/v2\/posts\/4147\/revisions"}],"wp:featuredmedia":[{"embeddable":true,"href":"https:\/\/derechosinfronteras.pe\/ingles\/wp-json\/wp\/v2\/media\/4148"}],"wp:attachment":[{"href":"https:\/\/derechosinfronteras.pe\/ingles\/wp-json\/wp\/v2\/media?parent=4147"}],"wp:term":[{"taxonomy":"category","embeddable":true,"href":"https:\/\/derechosinfronteras.pe\/ingles\/wp-json\/wp\/v2\/categories?post=4147"},{"taxonomy":"post_tag","embeddable":true,"href":"https:\/\/derechosinfronteras.pe\/ingles\/wp-json\/wp\/v2\/tags?post=4147"}],"curies":[{"name":"wp","href":"https:\/\/api.w.org\/{rel}","templated":true}]}}