{"id":4153,"date":"2020-01-24T11:23:45","date_gmt":"2020-01-24T16:23:45","guid":{"rendered":"http:\/\/derechosinfronteras.pe\/?p=5406"},"modified":"2020-01-24T11:23:45","modified_gmt":"2020-01-24T16:23:45","slug":"chumbivilcas-organizaciones-anuncian-paralizacion-en-contra-de-las-bambas","status":"publish","type":"post","link":"https:\/\/derechosinfronteras.pe\/ingles\/chumbivilcas-organizaciones-anuncian-paralizacion-en-contra-de-las-bambas\/","title":{"rendered":"Chumbivilcas: Organizaciones anuncian paralizaci\u00f3n en contra de \u2018Las Bambas\u2019"},"content":{"rendered":"<p>A trav\u00e9s de un documento dirigido al Presidente del Consejo de Ministros, Vicente Zeballos, con fecha 18 de enero del 2020, representantes de organizaciones sociales de base de la provincia cusque\u00f1a de Chumbivilcas, han anunciado una paralizaci\u00f3n \u00a0en contra de la empresa minera MMG Las Bambas.<\/p>\n<p>\u2018Hemos agotado todas las instancias con el Gobierno Central y con la empresa MMG Las Bambas, recibiendo todo tipo de evasivas y hoy con las mesas t\u00e9cnicas que se vienen promoviendo con las autoridades locales no han tra\u00eddo ninguna soluci\u00f3n a nuestras demandas, al contrario se tiene como fin criminalizar nuestro justo reclamo\u2019 se\u00f1ala textualmente uno de los p\u00e1rrafos del documento emitido por las organizaciones sociales.<\/p>\n<p>Se ha anunciado que la huelga indefinida empezaran este lunes 27 de enero, y se sumar\u00edan comunidades de Espinar, y de otros distritos y provincias afectadas por el uso del corredor minero del sur. Hasta la fecha han acatado el paro Colquemarca, Santo Tom\u00e1s, Chamaca, Velille y Yauri.<\/p>\n<p>Finalmente, expresan su deseo de seguir dialogando, y que el Gobierno sepa responder adecuadamente a sus demandas \u2013ambientales y sociales-, sin embargo hasta la fecha la PCM no se ha pronunciado.<\/p>\n<p><img fetchpriority=\"high\" decoding=\"async\" class=\"aligncenter wp-image-5407\" src=\"http:\/\/derechosinfronteras.pe\/wp-content\/uploads\/2020\/01\/WhatsApp-Image-2020-01-18-at-6.37.48-PM-768x1024.jpeg\" alt=\"\" width=\"565\" height=\"754\" \/><\/p>\n<p>&nbsp;<\/p>","protected":false},"excerpt":{"rendered":"<p>A trav\u00e9s de un documento dirigido al Presidente del Consejo de Ministros, Vicente Zeballos, con fecha 18 de enero del 2020, representantes de organizaciones sociales de base de la provincia cusque\u00f1a de Chumbivilcas, han anunciado una paralizaci\u00f3n \u00a0en contra de la empresa minera MMG Las Bambas. \u2018Hemos agotado todas las instancias con el Gobierno Central [&hellip;]<\/p>\n","protected":false},"author":1,"featured_media":4154,"comment_status":"open","ping_status":"open","sticky":false,"template":"","format":"standard","meta":{"_monsterinsights_skip_tracking":false,"_monsterinsights_sitenote_active":false,"_monsterinsights_sitenote_note":"","_monsterinsights_sitenote_category":0,"_jetpack_memberships_contains_paid_content":false,"footnotes":"","jetpack_publicize_message":"","jetpack_publicize_feature_enabled":true,"jetpack_social_post_already_shared":false,"jetpack_social_options":{"image_generator_settings":{"template":"highway","default_image_id":0,"font":"","enabled":false},"version":2}},"categories":[1],"tags":[],"class_list":["post-4153","post","type-post","status-publish","format-standard","has-post-thumbnail","hentry","category-sin-categoria"],"blocksy_meta":[],"jetpack_publicize_connections":[],"jetpack_featured_media_url":"https:\/\/derechosinfronteras.pe\/wp-content\/uploads\/2020\/01\/Chumbivilcas.jpg","jetpack_sharing_enabled":true,"jetpack_likes_enabled":true,"_links":{"self":[{"href":"https:\/\/derechosinfronteras.pe\/ingles\/wp-json\/wp\/v2\/posts\/4153","targetHints":{"allow":["GET"]}}],"collection":[{"href":"https:\/\/derechosinfronteras.pe\/ingles\/wp-json\/wp\/v2\/posts"}],"about":[{"href":"https:\/\/derechosinfronteras.pe\/ingles\/wp-json\/wp\/v2\/types\/post"}],"author":[{"embeddable":true,"href":"https:\/\/derechosinfronteras.pe\/ingles\/wp-json\/wp\/v2\/users\/1"}],"replies":[{"embeddable":true,"href":"https:\/\/derechosinfronteras.pe\/ingles\/wp-json\/wp\/v2\/comments?post=4153"}],"version-history":[{"count":0,"href":"https:\/\/derechosinfronteras.pe\/ingles\/wp-json\/wp\/v2\/posts\/4153\/revisions"}],"wp:featuredmedia":[{"embeddable":true,"href":"https:\/\/derechosinfronteras.pe\/ingles\/wp-json\/wp\/v2\/media\/4154"}],"wp:attachment":[{"href":"https:\/\/derechosinfronteras.pe\/ingles\/wp-json\/wp\/v2\/media?parent=4153"}],"wp:term":[{"taxonomy":"category","embeddable":true,"href":"https:\/\/derechosinfronteras.pe\/ingles\/wp-json\/wp\/v2\/categories?post=4153"},{"taxonomy":"post_tag","embeddable":true,"href":"https:\/\/derechosinfronteras.pe\/ingles\/wp-json\/wp\/v2\/tags?post=4153"}],"curies":[{"name":"wp","href":"https:\/\/api.w.org\/{rel}","templated":true}]}}