{"id":4155,"date":"2020-01-16T18:10:08","date_gmt":"2020-01-16T23:10:08","guid":{"rendered":"http:\/\/derechosinfronteras.pe\/?p=5399"},"modified":"2020-01-16T18:10:08","modified_gmt":"2020-01-16T23:10:08","slug":"espinar-organizaciones-realizan-paro-rechazando-casos-de-violencia-contra-la-mujer","status":"publish","type":"post","link":"https:\/\/derechosinfronteras.pe\/ingles\/espinar-organizaciones-realizan-paro-rechazando-casos-de-violencia-contra-la-mujer\/","title":{"rendered":"*Espinar: Organizaciones realizan paro rechazando casos de violencia contra la mujer*"},"content":{"rendered":"<p>Como se anunci\u00f3 el pasado 14 de enero, las organizaciones sociales de base de la provincia cusque\u00f1a de Espinar iniciaron el 16 de enero un paro preventivo de 24 horas. Entre las organizaciones convocantes est\u00e1n la AUPE, FUDIE, FUCAE, FUJEK, SUCME, SUTE, Sindicatos de Trabajadores de Construcci\u00f3n Civil y Frentes de Defensa distritales.<\/p>\n<p>La decisi\u00f3n fue un\u00e1nime, y la principal raz\u00f3n por la cual se decidi\u00f3 esta medida de acci\u00f3n fueron los hechos que vulneraron la vida e integridad de dos mujeres en Espinar: negligencia m\u00e9dica que la poblaci\u00f3n asegura result\u00f3 en el fallecimiento de una mujer despu\u00e9s de dar a luz en el Hospital de Espinar, y una tentativa de feminicidio en los exteriores de una discoteca. Lo que han destacado las organizaciones sociales es la inacci\u00f3n de los funcionarios estatales, quienes no respondieron ante las situaciones, causando una doble vulneraci\u00f3n de derechos a las v\u00edctimas, y sus familiares.<\/p>\n<p>Las organizaciones exigen, a trav\u00e9s de un pronunciamiento, que el Ministerio de Salud y la Direcci\u00f3n Regional de Salud \u2013 DIRESA inicien las investigaciones correspondientes sobre el fallecimiento de M.LL.M. Por otro lado, solicitan que el Ministerio del Interior investigue a los efectivos policiales que atendieron a Y.A.C, ya que ella los denuncia por su inacci\u00f3n y maltrato despu\u00e9s de haber sido agredida violentamente en una de las principales calles de la ciudad.<\/p>\n<p>Tambi\u00e9n exigen que el Ministerio P\u00fablico realice las investigaciones penales de ambos casos. Al Ministerio de la Mujer, el pedido es que le hagan seguimiento a los procesos de investigaci\u00f3n, asegur\u00e1ndose que se respeten los derechos de las mujeres, como les corresponde.<\/p>\n<p>Finalmente, exigen que la Municipalidad Provincial de Espinar fiscalice los centros de atenci\u00f3n nocturna, respecto a las licencias, salubridad y seguridad, adem\u00e1s que el Alcalde Provincial, Lolo Arenas, reinstale la \u2018Instancia Provincial de Concertaci\u00f3n para prevenir, sancionar y erradicar la violencia contra las mujeres y los integrantes del grupo familiar\u2019, instancia que se cre\u00f3 en Agosto 2019, como indica la ley, pero que ha estado inactiva en los \u00faltimos meses.<\/p>","protected":false},"excerpt":{"rendered":"<p>Como se anunci\u00f3 el pasado 14 de enero, las organizaciones sociales de base de la provincia cusque\u00f1a de Espinar iniciaron el 16 de enero un paro preventivo de 24 horas. Entre las organizaciones convocantes est\u00e1n la AUPE, FUDIE, FUCAE, FUJEK, SUCME, SUTE, Sindicatos de Trabajadores de Construcci\u00f3n Civil y Frentes de Defensa distritales. La decisi\u00f3n [&hellip;]<\/p>\n","protected":false},"author":1,"featured_media":4156,"comment_status":"open","ping_status":"open","sticky":false,"template":"","format":"standard","meta":{"_monsterinsights_skip_tracking":false,"_monsterinsights_sitenote_active":false,"_monsterinsights_sitenote_note":"","_monsterinsights_sitenote_category":0,"_jetpack_memberships_contains_paid_content":false,"footnotes":"","jetpack_publicize_message":"","jetpack_publicize_feature_enabled":true,"jetpack_social_post_already_shared":false,"jetpack_social_options":{"image_generator_settings":{"template":"highway","default_image_id":0,"font":"","enabled":false},"version":2}},"categories":[1],"tags":[],"class_list":["post-4155","post","type-post","status-publish","format-standard","has-post-thumbnail","hentry","category-sin-categoria"],"blocksy_meta":[],"jetpack_publicize_connections":[],"jetpack_featured_media_url":"https:\/\/derechosinfronteras.pe\/wp-content\/uploads\/2020\/01\/HJSS2MCPUBD53CJGQ5EKG55DF4.jpg","jetpack_sharing_enabled":true,"jetpack_likes_enabled":true,"_links":{"self":[{"href":"https:\/\/derechosinfronteras.pe\/ingles\/wp-json\/wp\/v2\/posts\/4155","targetHints":{"allow":["GET"]}}],"collection":[{"href":"https:\/\/derechosinfronteras.pe\/ingles\/wp-json\/wp\/v2\/posts"}],"about":[{"href":"https:\/\/derechosinfronteras.pe\/ingles\/wp-json\/wp\/v2\/types\/post"}],"author":[{"embeddable":true,"href":"https:\/\/derechosinfronteras.pe\/ingles\/wp-json\/wp\/v2\/users\/1"}],"replies":[{"embeddable":true,"href":"https:\/\/derechosinfronteras.pe\/ingles\/wp-json\/wp\/v2\/comments?post=4155"}],"version-history":[{"count":0,"href":"https:\/\/derechosinfronteras.pe\/ingles\/wp-json\/wp\/v2\/posts\/4155\/revisions"}],"wp:featuredmedia":[{"embeddable":true,"href":"https:\/\/derechosinfronteras.pe\/ingles\/wp-json\/wp\/v2\/media\/4156"}],"wp:attachment":[{"href":"https:\/\/derechosinfronteras.pe\/ingles\/wp-json\/wp\/v2\/media?parent=4155"}],"wp:term":[{"taxonomy":"category","embeddable":true,"href":"https:\/\/derechosinfronteras.pe\/ingles\/wp-json\/wp\/v2\/categories?post=4155"},{"taxonomy":"post_tag","embeddable":true,"href":"https:\/\/derechosinfronteras.pe\/ingles\/wp-json\/wp\/v2\/tags?post=4155"}],"curies":[{"name":"wp","href":"https:\/\/api.w.org\/{rel}","templated":true}]}}