{"id":4157,"date":"2020-01-10T17:39:12","date_gmt":"2020-01-10T22:39:12","guid":{"rendered":"http:\/\/derechosinfronteras.pe\/?p=5393"},"modified":"2020-01-10T17:39:12","modified_gmt":"2020-01-10T22:39:12","slug":"atencion-de-salud-de-calidad-para-todas-y-todos-a-proposito-del-ano-de-la-universalizacion-de-la-salud-anunciado-por-vizcarra","status":"publish","type":"post","link":"https:\/\/derechosinfronteras.pe\/ingles\/atencion-de-salud-de-calidad-para-todas-y-todos-a-proposito-del-ano-de-la-universalizacion-de-la-salud-anunciado-por-vizcarra\/","title":{"rendered":"\u00bfAtenci\u00f3n de salud de calidad para todas y todos? A prop\u00f3sito del a\u00f1o de la \u201cUniversalizaci\u00f3n de la Salud\u201d anunciado por  Vizcarra"},"content":{"rendered":"<blockquote>\n<p style=\"text-align: right;\">Por: Blga. Karem luque &#8211; \u00c1rea de Derechos Colectivos y Medio Ambiente &#8211; DHSF<\/p>\n<\/blockquote>\n<p>\u201cM\u00e1s de 7 mil personas viven afectadas por metales pesados\u201d advert\u00eda hace unos meses el ex congresista Wilbert Rozas quien presid\u00eda la Comisi\u00f3n de Pueblos Andinos Amaz\u00f3nicos Afroperuanos Ambiente y Ecolog\u00eda y quien durante una audiencia p\u00fablica realizada en el congreso de la Rep\u00fablica expon\u00eda en compa\u00f1\u00eda de otros parlamentarios los hallazgos del informe. \u201cSon personas contaminadas con plomo, cadmio, mercurio, ars\u00e9nico y selenio. Est\u00e1n afectadas en su salud en condici\u00f3n grave porque la situaci\u00f3n es irreversible, en muchos casos. Ac\u00e1 hemos venido a constatar una situaci\u00f3n de car\u00e1cter humano\u201d continuaba el ex parlamentario. Mostrando que el d\u00e9ficit de atenci\u00f3n a la salud reflejaba la miop\u00eda con la que hemos venido abordando la problem\u00e1tica del sistema de salud en su conjunto.<\/p>\n<p>Antes de empezar a escribir este articulo quisiera comentarles una situaci\u00f3n particular que me toco vivir el a\u00f1o pasado, porque tiene que ver con el anuncio del presidente Vizcarra de que, el 2020 ser\u00e1 el a\u00f1o de la universalizaci\u00f3n de la salud. Hace unos meses mi hermano menor sufri\u00f3 un accidente dom\u00e9stico, la noticia me quebr\u00f3 totalmente pero adem\u00e1s me llevo a pasar por una serie de injusticias \u201cnormalizadas\u201d en el hospital de Juliaca. Una semana fue el tiempo que estuvimos en el hospital viendo como la indiferencia del personal de salud nos llenaba de miedos y de incertidumbres. No toleramos m\u00e1s esto y decidimos pedir una referencia al Hospital Regional Honorio Delgado de Arequipa, al llegar all\u00e1 nos hicieron esperar en el pasillo por casi 12 horas.<\/p>\n<p>Tuvimos la suerte de encontrar una cama disponible, mi hermano contaba con SIS definitivamente era una ventaja sin embargo, el requer\u00eda una operaci\u00f3n complicada, luego de una serie de pedidos al personal medico y de conseguir dinero para su intervenci\u00f3n logramos salir de esta situaci\u00f3n dif\u00edcil. Despu\u00e9s de 2 meses en hospitalizaci\u00f3n y recuperaci\u00f3n le dieron por fin el alta, no saben lo agradecidos que nos fuimos, porque lo peor ya hab\u00eda pasado, pero adem\u00e1s nos \u00edbamos dolidos, sent\u00eda que nos hab\u00edan robado toda la dignidad, todo ese tiempo ten\u00edamos que pedir con la sonrisa fingida a los m\u00e9dicos, enfermeras y t\u00e9cnicos (no a todxs) que no gritar\u00e1n, que le pusieran los inyectables con cuidado, que nos dejen dormir a su lado aun en el suelo para estar al tanto por las noches. Cuento esto de manera personal para dar un resumen porque siento que a diferencia de otros casos \u2013 que cuentan con SIS &#8211; lo que hemos vivido, es una atenci\u00f3n \u201cprivilegiada\u201d. Entonces \u00bfse imaginan lo que tendr\u00e1n que pasar miles de ciudadanos y ciudadanas peruanas que no cuentan con los recursos y contactos para una atenci\u00f3n de salud de calidad?<\/p>\n<p><strong>La primera muerte materna en Espinar \u2013 Una situaci\u00f3n que a\u00fan nos falta erradicar<\/strong><\/p>\n<p>El 02 de enero en la provincia de Espinar Marta Llaique Mollohuanca de 27 a\u00f1os de edad que hab\u00eda dado a luz, fue reportada \u2013 luego de 11 d\u00edas de internamiento \u2013 como la primera muerte materna del 2019. Pero \u00bfQu\u00e9 implica tener un deceso cuando se suponen que nuestros hospitales est\u00e1n equipados?, pues para la Organizaci\u00f3n Mundial de la Salud indica que, la mayor\u00eda de las muertes maternas son evitables, pues existen soluciones terap\u00e9uticas o profil\u00e1cticas para sus principales causas. As\u00ed mismo indica: \u2026 Son muchas las causas de que las mujeres no reciban la asistencia que necesitan antes, durante y despu\u00e9s del parto. En algunas zonas remotas es posible que no haya profesionales disponibles, y si los hay, que la atenci\u00f3n no sea buena.<\/p>\n<p>En base a estas \u00faltimas l\u00edneas es que, la familia de la Sra. Marta empieza sus reclamos ya que, ellos han denunciado una posible negligencia m\u00e9dica por una mala atenci\u00f3n en el hospital de Espinar. As\u00ed mismo el director del hospital Carlos Aspilcueta ha emitido una carta abierta a la poblaci\u00f3n indicando que se han determinado iniciar los procedimientos administrativos dispuestos por Ley para poder determinar las causas reales del fallecimiento de la paciente.<\/p>\n<p>Cabe resaltar que al 2019 la DIRESA Cusco ha reportado entre los a\u00f1os 2009 \u2013 2019, 12 muertes maternas en la provincia, lo cual genera gran preocupaci\u00f3n ya que, la vida de las mujeres no est\u00e1 siendo garantizada en un momento tan privilegiado como es el embarazo y que por ende, atenta enormemente a la seguridad de la mujer y su salud en el marco de la Ley general de Salud N\u00b0 26842.<\/p>\n<p><strong>A\u00f1os de luchas, denuncias y pedidos urgentes para atender a las y los afectados de salud por metales t\u00f3xicos<\/strong><\/p>\n<p>Es conocido ya, el caso de las y los afectados de Espinar quienes desde el 2012 a partir del conflicto han agendado tambi\u00e9n pedir en todas las formas posibles una adecuada atenci\u00f3n a la salud para los males que ya est\u00e1n siendo sintom\u00e1ticos en sus organismos y de sus familiares. El caso ha tenido una demanda al gobierno central, espec\u00edficamente al MINSA para pedir que se elabore y ejecute un plan de Atenci\u00f3n especializada y que en diciembre del a\u00f1o pasado luego de 4 a\u00f1os de espera tuvo la respuesta del Juez del Juzgado Mixto de Espinar, d\u00e1ndoles la raz\u00f3n a los demandantes.<\/p>\n<p>As\u00ed mismo durante el 2019 la DIRESA \u2013 Cusco ha efectuado atenciones integrales en la provincia, atenciones que aun cuando se coordinaron previamente no resultaron del todo efectivas en las y los afectados de Espinar. Las quejas y reclamos fueron claros y coherentes, el SIS no les pod\u00eda brindar todos los medicamentos que solicitaban para sus males ya que, farmacia solo se abastece de algunos medicamentos gen\u00e9ricos para ser distribuidos gratuitamente, aquellos medicamentos que no se tienen, deben ser comprados en farmacias particulares.<\/p>\n<p>Durante el esperado anuncio del presidente Mart\u00edn Vizcarra para denominar este a\u00f1o 2020 pudimos o\u00edr claramente que este ciclo previo al bicentenario se denominar\u00e1 como \u201cA\u00f1o de la universalizaci\u00f3n de la salud\u201d. Y en ese marco frente a todos estos casos l\u00edneas arribas compartidos \u2013 diferenciados uno del otro \u2013 no cabe duda que no es suficiente so\u00f1ar o aspirar a universalizar el acceso a la salud o ser incorporados al SIS\u00b9. Y que, tal como lo dice la Ley Marco del Aseguramiento Universal en Salud: &#8230; la poblaci\u00f3n residente en el territorio nacional debe disponer de un seguro de salud que le permita acceder a un conjunto de prestaciones de salud de car\u00e1cter preventivo, promocional, recuperativo y de rehabilitaci\u00f3n, en condiciones adecuadas de eficiencia, equidad, oportunidad, calidad y dignidad, sobre la base del Plan Esencial de aseguramiento en salud (PEAS). Esto termina siendo puro papel muerto.<\/p>\n<p>Por ello se\u00f1or presidente consideramos que este a\u00f1o queremos m\u00e1s que una denominaci\u00f3n, queremos profesionales de salud capacitados y sensibilizados para que cumplan bien su labor, queremos que los centros de salud y los hospitales est\u00e9n dotados de equipos y medicamentos para todos los asegurados. As\u00ed mismo, es tambi\u00e9n prioritario para el legislativo entrante aprobar los proyectos de ley\u00a0como el N\u00b0 3633\u00b2, entre otras pol\u00edticas p\u00fablicas pendientes para atender a las y los afectados a la salud por metales t\u00f3xicos. Es necesario que tambi\u00e9n se trabaje para disminuir los \u00edndices de anemia, y todos los dem\u00e1s problemas de salud p\u00fablica no resueltos y, finalmente es lograr que los d\u00edas en un hospital no terminen siendo hostiles, l\u00fagubres ni mucho menos inhumanos.<\/p>\n<hr \/>\n<p>1. Tal como se dio en diciembre del a\u00f1o pasado con el Decreto de Urgencia N\u00b0 017-2019 publicado el 28 de noviembre del 2019 en el diario oficial El Peruano y que establece medidas para la cobertura universal de salud.<\/p>\n<p>2. Ley que crea el fondo especial y registro para actividades de prevenci\u00f3n, mitigaci\u00f3n y tratamiento derivado de la afectaci\u00f3n en la salud por contaminaci\u00f3n con metales pesados y otras sustancias qu\u00edmicas.<\/p>\n<p>&nbsp;<\/p>","protected":false},"excerpt":{"rendered":"<p>Por: Blga. Karem luque &#8211; \u00c1rea de Derechos Colectivos y Medio Ambiente &#8211; DHSF \u201cM\u00e1s de 7 mil personas viven afectadas por metales pesados\u201d advert\u00eda hace unos meses el ex congresista Wilbert Rozas quien presid\u00eda la Comisi\u00f3n de Pueblos Andinos Amaz\u00f3nicos Afroperuanos Ambiente y Ecolog\u00eda y quien durante una audiencia p\u00fablica realizada en el congreso [&hellip;]<\/p>\n","protected":false},"author":1,"featured_media":4158,"comment_status":"open","ping_status":"open","sticky":false,"template":"","format":"standard","meta":{"_monsterinsights_skip_tracking":false,"_monsterinsights_sitenote_active":false,"_monsterinsights_sitenote_note":"","_monsterinsights_sitenote_category":0,"_jetpack_memberships_contains_paid_content":false,"footnotes":"","jetpack_publicize_message":"","jetpack_publicize_feature_enabled":true,"jetpack_social_post_already_shared":false,"jetpack_social_options":{"image_generator_settings":{"template":"highway","default_image_id":0,"font":"","enabled":false},"version":2}},"categories":[1],"tags":[],"class_list":["post-4157","post","type-post","status-publish","format-standard","has-post-thumbnail","hentry","category-sin-categoria"],"blocksy_meta":[],"jetpack_publicize_connections":[],"jetpack_featured_media_url":"https:\/\/derechosinfronteras.pe\/wp-content\/uploads\/2020\/01\/212421_884957.jpg","jetpack_sharing_enabled":true,"jetpack_likes_enabled":true,"_links":{"self":[{"href":"https:\/\/derechosinfronteras.pe\/ingles\/wp-json\/wp\/v2\/posts\/4157","targetHints":{"allow":["GET"]}}],"collection":[{"href":"https:\/\/derechosinfronteras.pe\/ingles\/wp-json\/wp\/v2\/posts"}],"about":[{"href":"https:\/\/derechosinfronteras.pe\/ingles\/wp-json\/wp\/v2\/types\/post"}],"author":[{"embeddable":true,"href":"https:\/\/derechosinfronteras.pe\/ingles\/wp-json\/wp\/v2\/users\/1"}],"replies":[{"embeddable":true,"href":"https:\/\/derechosinfronteras.pe\/ingles\/wp-json\/wp\/v2\/comments?post=4157"}],"version-history":[{"count":0,"href":"https:\/\/derechosinfronteras.pe\/ingles\/wp-json\/wp\/v2\/posts\/4157\/revisions"}],"wp:featuredmedia":[{"embeddable":true,"href":"https:\/\/derechosinfronteras.pe\/ingles\/wp-json\/wp\/v2\/media\/4158"}],"wp:attachment":[{"href":"https:\/\/derechosinfronteras.pe\/ingles\/wp-json\/wp\/v2\/media?parent=4157"}],"wp:term":[{"taxonomy":"category","embeddable":true,"href":"https:\/\/derechosinfronteras.pe\/ingles\/wp-json\/wp\/v2\/categories?post=4157"},{"taxonomy":"post_tag","embeddable":true,"href":"https:\/\/derechosinfronteras.pe\/ingles\/wp-json\/wp\/v2\/tags?post=4157"}],"curies":[{"name":"wp","href":"https:\/\/api.w.org\/{rel}","templated":true}]}}