{"id":4163,"date":"2020-01-08T19:20:04","date_gmt":"2020-01-09T00:20:04","guid":{"rendered":"http:\/\/derechosinfronteras.pe\/?p=5364"},"modified":"2020-01-08T19:20:04","modified_gmt":"2020-01-09T00:20:04","slug":"cusco-conforman-comision-para-analizar-resolucion-que-clasifica-como-via-nacional-el-corredor-minero-del-sur","status":"publish","type":"post","link":"https:\/\/derechosinfronteras.pe\/ingles\/cusco-conforman-comision-para-analizar-resolucion-que-clasifica-como-via-nacional-el-corredor-minero-del-sur\/","title":{"rendered":"Cusco: Conforman Comisi\u00f3n para analizar resoluci\u00f3n que clasifica como v\u00eda nacional el corredor minero del sur"},"content":{"rendered":"<p>08.01.2020. A convocatoria del Gobernador Regional de Cusco, Jean Paul Benavente, para hoy se instal\u00f3 y conform\u00f3 la Comisi\u00f3n T\u00e9cnica encargada de exigir la nulidad de la Resoluci\u00f3n Ministerial N\u00b0 372-2018-MTC que clasifica como v\u00eda nacional parte de la ruta del corredor minero del sur, sin haber consultado previamente a las comunidades que conforman este territorio. \u00a0A la cita asistieron alcaldes distritales y provinciales de Espinar, Chumbivilcas, Paruro, presidentes de comunidades campesinas afectadas por la contaminaci\u00f3n de los veh\u00edculos que hacen uso del corredor minero, dirigentes de frentes de defensa, entre otros.<\/p>\n<p>Funcionarios del Ministerio de Transportes y Comunicaciones realizaron una presentaci\u00f3n sobre los mecanismos y procedimientos de aprobaci\u00f3n de la reclasificaci\u00f3n de rutas del corredor minero casi justificando su decisi\u00f3n. Los dirigentes presentes cuestionaron que el MTC no ha respetado el derecho de propiedad, la autonom\u00eda de la comunidad, se ha vulnerado derechos como la omisi\u00f3n de consulta previa.<\/p>\n<p>Despu\u00e9s del debate acalorado que se desarroll\u00f3 en las instalaciones del Gobierno Regional, se acord\u00f3 implementar un plan de trabajo, as\u00ed como evaluar un eventual pronunciamiento para solicitar la derogatoria del Decreto de Urgencia que dispone la expropiaci\u00f3n y adquisici\u00f3n de tierras comunales, del mismo modo se har\u00e1 entrega de un ejemplar del expediente administrativo a cada presidente comunal.<\/p>\n<p>En la pr\u00f3xima reuni\u00f3n tendr\u00e1 lugar la exposici\u00f3n del Gobierno Regional sobre el procedimiento administrativo seguido en el a\u00f1o 2018 para solicitar la reclasificaci\u00f3n de rutas al Ministerio de Transportes y Comunicaciones. As\u00ed mismo, las organizaciones sociales plantearan los argumentos y procedimientos para plantear quede sin efecto Resoluci\u00f3n Ministerial N\u00b0 372-2018-MTC.<\/p>","protected":false},"excerpt":{"rendered":"<p>08.01.2020. A convocatoria del Gobernador Regional de Cusco, Jean Paul Benavente, para hoy se instal\u00f3 y conform\u00f3 la Comisi\u00f3n T\u00e9cnica encargada de exigir la nulidad de la Resoluci\u00f3n Ministerial N\u00b0 372-2018-MTC que clasifica como v\u00eda nacional parte de la ruta del corredor minero del sur, sin haber consultado previamente a las comunidades que conforman este [&hellip;]<\/p>\n","protected":false},"author":1,"featured_media":4164,"comment_status":"open","ping_status":"open","sticky":false,"template":"","format":"standard","meta":{"_monsterinsights_skip_tracking":false,"_monsterinsights_sitenote_active":false,"_monsterinsights_sitenote_note":"","_monsterinsights_sitenote_category":0,"_jetpack_memberships_contains_paid_content":false,"footnotes":"","jetpack_publicize_message":"","jetpack_publicize_feature_enabled":true,"jetpack_social_post_already_shared":false,"jetpack_social_options":{"image_generator_settings":{"template":"highway","default_image_id":0,"font":"","enabled":false},"version":2}},"categories":[1],"tags":[],"class_list":["post-4163","post","type-post","status-publish","format-standard","has-post-thumbnail","hentry","category-sin-categoria"],"blocksy_meta":[],"jetpack_publicize_connections":[],"jetpack_featured_media_url":"https:\/\/derechosinfronteras.pe\/wp-content\/uploads\/2020\/01\/MTC-.png","jetpack_sharing_enabled":true,"jetpack_likes_enabled":true,"_links":{"self":[{"href":"https:\/\/derechosinfronteras.pe\/ingles\/wp-json\/wp\/v2\/posts\/4163","targetHints":{"allow":["GET"]}}],"collection":[{"href":"https:\/\/derechosinfronteras.pe\/ingles\/wp-json\/wp\/v2\/posts"}],"about":[{"href":"https:\/\/derechosinfronteras.pe\/ingles\/wp-json\/wp\/v2\/types\/post"}],"author":[{"embeddable":true,"href":"https:\/\/derechosinfronteras.pe\/ingles\/wp-json\/wp\/v2\/users\/1"}],"replies":[{"embeddable":true,"href":"https:\/\/derechosinfronteras.pe\/ingles\/wp-json\/wp\/v2\/comments?post=4163"}],"version-history":[{"count":0,"href":"https:\/\/derechosinfronteras.pe\/ingles\/wp-json\/wp\/v2\/posts\/4163\/revisions"}],"wp:featuredmedia":[{"embeddable":true,"href":"https:\/\/derechosinfronteras.pe\/ingles\/wp-json\/wp\/v2\/media\/4164"}],"wp:attachment":[{"href":"https:\/\/derechosinfronteras.pe\/ingles\/wp-json\/wp\/v2\/media?parent=4163"}],"wp:term":[{"taxonomy":"category","embeddable":true,"href":"https:\/\/derechosinfronteras.pe\/ingles\/wp-json\/wp\/v2\/categories?post=4163"},{"taxonomy":"post_tag","embeddable":true,"href":"https:\/\/derechosinfronteras.pe\/ingles\/wp-json\/wp\/v2\/tags?post=4163"}],"curies":[{"name":"wp","href":"https:\/\/api.w.org\/{rel}","templated":true}]}}