{"id":4165,"date":"2020-01-08T11:19:15","date_gmt":"2020-01-08T16:19:15","guid":{"rendered":"http:\/\/derechosinfronteras.pe\/?p=5345"},"modified":"2020-01-08T11:19:15","modified_gmt":"2020-01-08T16:19:15","slug":"sindefensorxsnohaydemocracia-firma-peticion-por-defensorxs-del-territorio-en-cusco","status":"publish","type":"post","link":"https:\/\/derechosinfronteras.pe\/ingles\/sindefensorxsnohaydemocracia-firma-peticion-por-defensorxs-del-territorio-en-cusco\/","title":{"rendered":"#SinDefensorxsNoHayDemocracia: Firma petici\u00f3n por defensorxs del territorio en Cusco"},"content":{"rendered":"<h2 style=\"text-align: center;\"><strong>Defensores del territorio y del ambiente en riesgo\u00a0<\/strong><strong>de ser\u00a0<\/strong><strong>condenados a m\u00e1s de 20 a\u00f1os de c\u00e1rcel<\/strong><\/h2>\n<p>Entre noviembre del 2011 y febrero del 2012, pobladores de la provincia cusque\u00f1a de Chumbivilcas, a trav\u00e9s de sus\u00a0 organizaciones sociales como el Frente de Defensa de los Intereses de LLusco, el Frente de Defensa de Chumbivilcas, las comunidades campesinas del distrito de Llusco, La Federaci\u00f3n Agraria Revolucionaria T\u00fapac Amaru de Cusco (FARTAC), entre otras, ejercieron su derecho de libertad de expresi\u00f3n, opini\u00f3n y de reuni\u00f3n, exigiendo di\u00e1logo con el Estado por la visible contaminaci\u00f3n ambiental en la cuenca del r\u00edo Yahuarmayo, conocido como Molino, y por las afectaciones negativas causadas por el paso de camiones mineros de gran tonelaje generada por la empresa minera ANABI SAC.<\/p>\n<p>Pese a m\u00faltiples pedidos ante las instancias del Estado, los dirigentes y las comunidades no fueron escuchadas, sin embargo a partir de las medidas de movilizaci\u00f3n y protesta social en el mes de enero de 2012 se instal\u00f3 una mesa de di\u00e1logo integrada por el Presidente del Consejo de Ministros, el Ministerio de Energ\u00eda y Minas, la Autoridad Nacional del Agua, Autoridades locales y regionales; y representantes de la empresa minera ANABI SAC. Uno de los compromisos acordados en este espacio de di\u00e1logo, fue la realizaci\u00f3n de un monitoreo ambiental, cuyos resultados deb\u00edan presentarse p\u00fablicamente ante la poblaci\u00f3n, dicho acuerdo que no fue cumplido.<\/p>\n<p>Lamentablemente el conflicto social se desbord\u00f3 en distintos momentos, siendo uno de los hechos m\u00e1s graves el incendio del campamento minero ocurrido el 05 de febrero de 2012, por lo cual la empresa minera ANABI SAC denunci\u00f3 a varios dirigentes de organizaciones sociales por diversos delitos. Sin hacer mayor investigaci\u00f3n penal, la fiscal\u00eda formalizo la denuncia penal contra nueve varones y una mujer, defensores del territorio y del medio ambiente, de Llusco, Chumbivilcas y Cusco, por delitos de secuestro, robo agravado, disturbios, da\u00f1os agravados a la propiedad privada, entre otros.<\/p>\n<p>El juicio contra dirigentes sociales est\u00e1 en las \u00faltimas etapas, y se estima que en las siguientes semanas de enero del 2020, el Juzgado Penal Colegiado Supraprovincial B de Cusco se pronuncie con una <strong>sentencia condenatoria<\/strong>.<\/p>\n<figure id=\"attachment_5358\" aria-describedby=\"caption-attachment-5358\" style=\"width: 762px\" class=\"wp-caption aligncenter\"><img fetchpriority=\"high\" decoding=\"async\" class=\"wp-image-5358\" src=\"http:\/\/derechosinfronteras.pe\/wp-content\/uploads\/2020\/01\/Victoria-1024x682.jpg\" alt=\"\" width=\"762\" height=\"508\" \/><figcaption id=\"caption-attachment-5358\" class=\"wp-caption-text\">Victoria Quispesivana, defensora en riesgo de encarcelamiento, tambi\u00e9n ha sido dirigenta de la Federaci\u00f3n Agraria Revolucionaria T\u00fapac Amaru del Cusco.<\/figcaption><\/figure>\n<p>Lxs defensorxs est\u00e1n en grave peligro de ser encarcelados por 20 a\u00f1os, o m\u00e1s, considerando que esta es la pena m\u00ednima por el delito de secuestro, y la fiscal\u00eda ha pedido 30 a\u00f1os de c\u00e1rcel. El elemento com\u00fan entre los acusados es su condici\u00f3n de dirigentes de organizaciones sociales y\/o autoridades, pues no existe evidencia confirmando su participaci\u00f3n en los actos. Igualmente, las acusaciones est\u00e1n basadas \u00fanicamente en \u00a0testimonios de ex-trabajadores de la empresa minera ANABI SAC.<\/p>\n<p>La sentencia de 20 a\u00f1os o m\u00e1s de los 10 acusados no solo significar\u00eda que ellos pasaran el resto de sus vidas adultas encarcelados por defender su territorio y medio ambiente, tambi\u00e9n marcar\u00eda un precedente para procesos judiciales contra hombres y mujeres que deciden ejercer su derecho constitucional de denunciar contaminaci\u00f3n ambiental y dem\u00e1s vulneraciones de sus derechos por empresas extractivas.<\/p>\n<p><strong>Por tanto, desde la sociedad civil\u00a0 solicitamos al \u201cJuzgado Penal Colegiado Supraprovincial B de Cusco\u201d encargado de este caso, que:<\/strong><\/p>\n<p>&#8211; Desarrolle el juicio de manera imparcial, acorde a la Carta Magna en la igualdad ante la ley. Nadie debe ser discriminado por motivo de origen, raza, sexo, idioma, religi\u00f3n, opini\u00f3n, condici\u00f3n econ\u00f3mica o de cualquiera otra \u00edndole. En este sentido, la sentencia del colegiado tiene que fundamentarse en el derecho a una decisi\u00f3n justa como elemento esencial\u00a0 de un proceso justo y sano.<\/p>\n<p>&#8211; La decisi\u00f3n final debe versar en derechos fundamentales tal cual la Carta Magna hace menci\u00f3n <em>\u201c\u2026gozar de un ambiente equilibrado\u00a0 y adecuado al desarrollo\u00a0 de su vida<\/em>\u201d y no bas\u00e1ndose meramente en lo que la empresa contaminadora minera alega. \u00a0Hubo protestas porque los territorios de las comunidades est\u00e1n siendo depredados de manera irreversible.<\/p>\n<p>(Puedes leer el contenido completo del petitorio <a href=\"https:\/\/es.scribd.com\/document\/442307368\/Petitorio-Defensores-Ambientales-de-Cusco\" target=\"_blank\" rel=\"noopener\">aqu\u00ed<\/a>)<\/p>\n<p>A\u00f1ade tu firma a esta petici\u00f3n llenando el siguiente formulario:<\/p>\n<p><iframe src=\"https:\/\/docs.google.com\/forms\/d\/e\/1FAIpQLSe5jeY-GHv6mKbyq589bmOsY-1-dHF33gD5LbVEF8DQoCxbSg\/viewform?embedded=true\" width=\"640\" height=\"763\" frameborder=\"0\" marginwidth=\"0\" marginheight=\"0\" data-mce-fragment=\"1\">Cargando\u2026<\/iframe><\/p>\n<p>&nbsp;<\/p>\n<p><strong>Trayectoria en la empresa minera ANABI SAC<\/strong><\/p>\n<p>La empresa minera ANABI SAC no es reconocida por tener buenas pr\u00e1cticas ambientales y que en diversas ocasiones ha sido sancionada por el Organismo de Evaluaci\u00f3n y Fiscalizaci\u00f3n Ambiental (OEFA) por contaminaci\u00f3n generada por los proyectos mineros que viene ejecutando en distintas partes del pa\u00eds. En el caso de Llusco, Cusco, habr\u00eda sido sancionada en el a\u00f1o 2011, antes de que los pobladores se levanten y denuncien las afectaciones negativas en su territorio.. Informaci\u00f3n que se puede encontrar en la p\u00e1gina web de OEFA (https:\/\/www.oefa.gob.pe\/?s=anabi).<\/p>\n<p>Los defensores del territorio que podr\u00edan recibir una pena de c\u00e1rcel tan alta son: <strong>Jaime Mantilla Chancua\u00f1a<\/strong>, en ese entonces Alcalde de LLusco;\u00a0<strong>Julian Alejo Ataucuri<\/strong>, ex Secretario General del Frente de Defensa de los intereses de Llusco;<strong>\u00a0Victoria Quispesivana Corrales,<\/strong> ex Secretaria General del Frente de Defensa de los intereses de Chumbivilcas;\u00a0<strong>Luciano Ataucuri Chavez<\/strong>\u00a0, quien era Presidente del Comit\u00e9 de Lucha del Distrito de Llusco;\u00a0<strong>Samuel Acero Hurtado,<\/strong>\u00a0representante de la FARTAC en ese entonces;\u00a0<strong>Urbano Cjulca Caceres<\/strong> ex Secretario General de los Intereses de Qui\u00f1ota;\u00a0<strong>Esteban Alvis Cahuana,<\/strong>\u00a0ex Presidente de la comunidad campesina de San Sebatian Llusco; <strong>Wilber Garcia Huaycani,<\/strong> en ese entonces Presidente de la Liga Agraria provincial de Santo Tom\u00e1s de Chumbivilcas;\u00a0<strong>Grimaldo Asto Puma<\/strong> en ese entonces chofer de la Municipalidad Distrital de LLusco; y finalmente <strong>Edgardo Aguirre Pacheco,\u00a0<\/strong>ex Secretario de actas del Frente \u00danico de Defensa e Intereses de Chumbivilcas.<\/p>\n<p><strong>Petitorio ante el Sistema de Justicia Peruano<\/strong><\/p>\n<p style=\"margin: 12px auto 6px auto; font-family: Helvetica,Arial,Sans-serif; font-style: normal; font-variant: normal; font-weight: normal; font-size: 14px; line-height: normal; font-size-adjust: none; font-stretch: normal; -x-system-font: none; display: block;\"><a style=\"text-decoration: underline;\" title=\"View Petitorio Defensores Ambientales de Cusco on Scribd\" href=\"https:\/\/www.scribd.com\/document\/442307368\/Petitorio-Defensores-Ambientales-de-Cusco#from_embed\" target=\"_blank\" rel=\"noopener\">Petitorio Defensores Ambientales de Cusco<\/a> by <a style=\"text-decoration: underline;\" title=\"View Derechos Humanos Cusco&#039;s profile on Scribd\" href=\"https:\/\/www.scribd.com\/user\/319042434\/Derechos-Humanos-Cusco#from_embed\" target=\"_blank\" rel=\"noopener\">Derechos Humanos Cusco<\/a> on Scribd<\/p>\n<p><iframe id=\"doc_61657\" class=\"scribd_iframe_embed\" title=\"Petitorio Defensores Ambientales de Cusco\" src=\"https:\/\/es.scribd.com\/embeds\/442307368\/content?start_page=1&amp;view_mode=scroll&amp;access_key=key-lWzR9SRQwof0AWsRiR3U&amp;show_recommendations=true\" width=\"100%\" height=\"600\" frameborder=\"0\" scrolling=\"no\" data-auto-height=\"false\" data-aspect-ratio=\"0.7729220222793488\"><\/iframe><\/p>\n<p><iframe src=\"https:\/\/www.facebook.com\/plugins\/video.php?href=https%3A%2F%2Fwww.facebook.com%2Fderechossinfronteras.pe%2Fvideos%2F612888172615380%2F&#038;show_text=0&#038;width=560\" width=\"560\" height=\"315\" style=\"border:none;overflow:hidden\" scrolling=\"no\" frameborder=\"0\" allowtransparency=\"true\" allowfullscreen=\"true\"><\/iframe><\/p>","protected":false},"excerpt":{"rendered":"<p>Defensores del territorio y del ambiente en riesgo\u00a0de ser\u00a0condenados a m\u00e1s de 20 a\u00f1os de c\u00e1rcel Entre noviembre del 2011 y febrero del 2012, pobladores de la provincia cusque\u00f1a de Chumbivilcas, a trav\u00e9s de sus\u00a0 organizaciones sociales como el Frente de Defensa de los Intereses de LLusco, el Frente de Defensa de Chumbivilcas, las comunidades [&hellip;]<\/p>\n","protected":false},"author":1,"featured_media":4166,"comment_status":"open","ping_status":"open","sticky":false,"template":"","format":"standard","meta":{"_monsterinsights_skip_tracking":false,"_monsterinsights_sitenote_active":false,"_monsterinsights_sitenote_note":"","_monsterinsights_sitenote_category":0,"_jetpack_memberships_contains_paid_content":false,"footnotes":"","jetpack_publicize_message":"","jetpack_publicize_feature_enabled":true,"jetpack_social_post_already_shared":false,"jetpack_social_options":{"image_generator_settings":{"template":"highway","default_image_id":0,"font":"","enabled":false},"version":2}},"categories":[1],"tags":[],"class_list":["post-4165","post","type-post","status-publish","format-standard","has-post-thumbnail","hentry","category-sin-categoria"],"blocksy_meta":[],"jetpack_publicize_connections":[],"jetpack_featured_media_url":"https:\/\/derechosinfronteras.pe\/wp-content\/uploads\/2020\/01\/CasoAnabi-1.jpg","jetpack_sharing_enabled":true,"jetpack_likes_enabled":true,"_links":{"self":[{"href":"https:\/\/derechosinfronteras.pe\/ingles\/wp-json\/wp\/v2\/posts\/4165","targetHints":{"allow":["GET"]}}],"collection":[{"href":"https:\/\/derechosinfronteras.pe\/ingles\/wp-json\/wp\/v2\/posts"}],"about":[{"href":"https:\/\/derechosinfronteras.pe\/ingles\/wp-json\/wp\/v2\/types\/post"}],"author":[{"embeddable":true,"href":"https:\/\/derechosinfronteras.pe\/ingles\/wp-json\/wp\/v2\/users\/1"}],"replies":[{"embeddable":true,"href":"https:\/\/derechosinfronteras.pe\/ingles\/wp-json\/wp\/v2\/comments?post=4165"}],"version-history":[{"count":0,"href":"https:\/\/derechosinfronteras.pe\/ingles\/wp-json\/wp\/v2\/posts\/4165\/revisions"}],"wp:featuredmedia":[{"embeddable":true,"href":"https:\/\/derechosinfronteras.pe\/ingles\/wp-json\/wp\/v2\/media\/4166"}],"wp:attachment":[{"href":"https:\/\/derechosinfronteras.pe\/ingles\/wp-json\/wp\/v2\/media?parent=4165"}],"wp:term":[{"taxonomy":"category","embeddable":true,"href":"https:\/\/derechosinfronteras.pe\/ingles\/wp-json\/wp\/v2\/categories?post=4165"},{"taxonomy":"post_tag","embeddable":true,"href":"https:\/\/derechosinfronteras.pe\/ingles\/wp-json\/wp\/v2\/tags?post=4165"}],"curies":[{"name":"wp","href":"https:\/\/api.w.org\/{rel}","templated":true}]}}