{"id":4177,"date":"2020-01-06T18:02:33","date_gmt":"2020-01-06T23:02:33","guid":{"rendered":"http:\/\/derechosinfronteras.pe\/?p=5325"},"modified":"2020-01-06T18:02:33","modified_gmt":"2020-01-06T23:02:33","slug":"por-que-es-tan-dificil-la-atencion-a-la-salud-en-el-pais-apuntes-a-partir-del-caso-espinar","status":"publish","type":"post","link":"https:\/\/derechosinfronteras.pe\/ingles\/por-que-es-tan-dificil-la-atencion-a-la-salud-en-el-pais-apuntes-a-partir-del-caso-espinar\/","title":{"rendered":"\u00bfPor qu\u00e9 es tan dif\u00edcil la atenci\u00f3n a la salud en el pa\u00eds? Apuntes a partir del caso Espinar"},"content":{"rendered":"<p>\u2018Hacen falta m\u00e1s de 16 mil m\u00e9dicos especialistas\u2019 se\u00f1alaba hace dos meses un titular del diario \u2018La Rep\u00fablica\u2019, esta declaraci\u00f3n fue de la ex ministra de Salud, Zulema Tom\u00e1s, durante la conmemoraci\u00f3n del D\u00eda del M\u00e9dico Peruano. A esto se sumaban las declaraciones de la Dra. Tania Lopez, Jefa de la Unidad de atenci\u00f3n de personas Expuestas a Metales Pesados y otras sustancias del MINSA, precisando que en el Per\u00fa \u201cno tenemos suficientes especialistas en toxicolog\u00eda\u201d. Esta situaci\u00f3n es realmente preocupante, pues el propio MINSA inform\u00f3 que en el 2018 que se hab\u00edan detectado cerca de 5.000 casos de personas afectadas por metales t\u00f3xicos, de los cuales el 84% son ni\u00f1as y ni\u00f1os menores de 12 a\u00f1os.<\/p>\n<p>Al 2018, el MINSA mostraba que Cusco ocupa el 4to lugar con 923 casos de personas expuestas a metales pesados, los cuales representan el 13% de casos a nivel nacional\u00b9. Por otro lado, seg\u00fan la DIRESA\u00b2, en la provincia cusque\u00f1a de Espinar, al 2019, se han realizado 1621\u00b3 dosajes a personas que habitan en comunidades cerca al proyecto minero Antapaccay, y otra parte a pobladores de otros distritos.<\/p>\n<p>Se sabe que, de las comunidades campesinas evaluadas durante el 2010, el 100 % de las personas, tuvo niveles biol\u00f3gicos detectables de Ars\u00e9nico, Cadmio, Mercurio y Plomo. Durante el 2013 el informe final oficial del MINSA se\u00f1ala que los resultados en su mayor\u00eda evidenciaron la presencia de ars\u00e9nico (100%), cadmio (90%), plomo (100%), manganeso (70%), mercurio (88%) y talio (100%). Finalmente, a partir de los resultados emitidos durante el 2018 se determin\u00f3 que de 896 personas dosadas el 79.1 % presenta ars\u00e9nico, el 2.01 % cadmio, el 0.67 % mercurio y el 0.22 % plomo, todas estas cifras generan gran preocupaci\u00f3n y angustia en las personas que habitan la zona de influencia minera.<\/p>\n<p><strong>La persistente lucha de Espinar en\u00a0materia de salud ambiental y humana<\/strong><\/p>\n<p>En ese escenario tan adverso recordamos que la lucha de Espinar por reivindicar sus derechos en la defensa de su salud humana y ambiental tiene una larga data, Melchora Surco \u2013 presidenta de ADEPAMI (Asociaci\u00f3n para la Defensa de Pacpacco Afectada por la Miner\u00eda), denunci\u00f3 ante la Comisi\u00f3n Interamericana de Derechos Humanos (CIDH), en Washington \u2013 EEUU, que su derecho a la salud, y el de su comunidad, no estaba siendo protegido por el Estado Peruano. Melchora tambi\u00e9n fue la promotora, junto a la comunidad de Huisa, la FUCAE, y otras organizaciones, en iniciar una demanda legal de cumplimiento contra diferentes instancias de gobierno: MINSA, MINAM, GORE Cusco, DIRESA, ANA y otros, para que se dise\u00f1e e implemente una estrategia de salud p\u00fablica de emergencia para atender los problemas ambientales y de salud humana de Espinar.<\/p>\n<p>El a\u00f1o 2017, Espinar se articul\u00f3 a la Plataforma Nacional de Afectados y afectadas por metales, metaloides y otras sustancias qu\u00edmicas t\u00f3xicas, que busca la creaci\u00f3n de pol\u00edticas p\u00fablicas en favor de las comunidades andinas y amaz\u00f3nicas que se encuentran expuestas y afectadas por la presencia de metales pesados en su ambiente, y que terminan generando toxicidad en sus cuerpos. Muchas de estas zonas identifican a los proyectos mineros y de extracci\u00f3n de hidrocarburos como los principales causantes de los da\u00f1os a su salud.<\/p>\n<p>Para el 2018 se exig\u00eda que la Municipalidad de Espinar asuma su rol de garantizar y asignar presupuestos para atender a las comunidades afectadas por metales t\u00f3xicos. Ante la insistencia de varias comunidades se discut\u00eda en las reuniones del Convenio Marco la posibilidad de asignar presupuesto del XIII aporte que recibir\u00eda la Municipalidad Provincial de Espinar (MPE) y luego ser\u00eda destinado a atender a las comunidades de influencia directa del proyecto minero Antapaccay a partir de la ejecuci\u00f3n de un plan extramural, el cual propiciar\u00eda la adquisici\u00f3n de unidades m\u00f3viles que puedan atender en las mismas comunidades a las y los afectados de salud, y que contar\u00eda con un presupuesto estimado de 3 millones de soles para 2 a\u00f1os.<\/p>\n<p>Durante el 2019 las comunidades de Espinar ped\u00edan con mayor inter\u00e9s ser involucrados como actores de los procesos de atenci\u00f3n planificados por la DIRESA Cusco, as\u00ed mismo se exig\u00eda a la MPE mayor involucramiento para una acci\u00f3n conjunta que marque un nuevo proceso de atenci\u00f3n en salud. Es por ello, que en las oficinas de DHSF<sup><span style=\"font-family: 'Helvetica','sans-serif'; color: #333333;\">4\u00a0<\/span><\/sup>logran consensuar compromisos y actividades para una atenci\u00f3n integral con enfoque intercultural y de respeto por sus derechos humanos. Por primera vez, instancias de gobierno, municipalidad, y organizaciones de la sociedad civil se pon\u00edan de acuerdo previamente para mejorar la atenci\u00f3n en salud.<\/p>\n<p><strong>Logros y desaf\u00edos con miras al 2020<\/strong><\/p>\n<p>Es necesario analizar, con mucha esperanza e inspiraci\u00f3n, a las comunidades y sus voceras\/os quienes a partir de su lucha incansable han promovido y buscan seguir generando pol\u00edticas para atender su salud. Reconocer que todos estos a\u00f1os no han sido en vano, sino por el contrario han generado que el Juez del Juzgado Mixto de Espinar emita la sentencia para que el gobierno elabore una estrategia que contemple un plan de vigilancia epidemiol\u00f3gica y sanitaria, y se encargue de establecer atenci\u00f3n m\u00e9dica pertinente con especial atenci\u00f3n a ni\u00f1os, madres gestantes y adultos mayores.<\/p>\n<p>Han despertado el inter\u00e9s de excongresistas como Wilbert Rozas y Oracio Pacori, para promover los proyectos de Ley N\u00b0 1256 y N\u00b0 2740, que promueven la prevenci\u00f3n, mitigaci\u00f3n y atenci\u00f3n de la salud afectada por la contaminaci\u00f3n con metales pesados y otras sustancias qu\u00edmicas. Queda pendiente para el nuevo Congreso de la Rep\u00fablica aprobar estos proyectos para beneficiar a miles de peruanos olvidados en su atenci\u00f3n de salud, pero recordados por habitar en territorios ricos en minerales.<\/p>\n<p>As\u00ed mismo, durante el 2019 se desarroll\u00f3 la cuarta audiencia de la Comisi\u00f3n de Pueblos Andinos Amaz\u00f3nicos y Afro-Peruanos, Ambiente y Ecolog\u00eda del Congreso de la Republica disuelto, donde se inform\u00f3 los \u201cAvances para la prevenci\u00f3n y atenci\u00f3n integral de la afectaci\u00f3n de la salud por contaminaci\u00f3n con metales pesados y otros asociados a miner\u00eda e hidrocarburos\u201d. Uno de los casos emblem\u00e1ticos para emprender este estudio fue el Caso Espinar, adem\u00e1s, el espacio evidenci\u00f3 las deficiencias para la creaci\u00f3n de la Comisi\u00f3n Multisectorial que deber\u00eda conformarse por diferentes ministerios, para ayudar a prevenir, mitigar, y atender a las y los m\u00e1s de 7000 afectados por metales t\u00f3xicos.<\/p>\n<p>Muchas de las acciones pol\u00edticas y p\u00fablicas han dado la raz\u00f3n a las y los afectados de Espinar y de todo el pa\u00eds, es urgente que se emitan pol\u00edticas en favor de estas zonas para velar y proteger su salud. Lo que le queda ahora como tarea urgente al Estado Peruano, con miras al bicentenario, es actuar \u00a1ya! para disminuir y atender de manera integral los principales problemas de estas comunidades afectadas por las actividades extractivas, el costo del \u201cdesarrollo econ\u00f3mico\u201d no puede estar por encima de la vida de nuestras hermanas y hermanos\u2022<\/p>\n<blockquote>\n<hr \/>\n<p>1 Datos obtenidos de la R.M. 979-2018\/MINSA. Disponible en l\u00ednea en el siguiente link: https:\/\/bit.ly\/2YzeU40<br \/>\n2 Plan de acci\u00f3n de salud integral para la poblaci\u00f3n en riesgo a metales pesados y metaloides, en las provincias de Espinar, Chumbivilcas y La Convenci\u00f3n Cusco 2019 \u2013 2021.<br \/>\n3 Incorporamos adem\u00e1s los 506 casos de personas que fueron dosadas en el 2010 a partir de un estudio pagado por la empresa minera Quechua al MINSA. Informaci\u00f3n disponible en: https:\/\/bit.ly\/2P6iC2g<\/p>\n<p>4 Puede encontrar el desarrollo de la reuni\u00f3n en el siguiente enlace: https:\/\/bit.ly\/343OHMf<\/p><\/blockquote>","protected":false},"excerpt":{"rendered":"<p>\u2018Hacen falta m\u00e1s de 16 mil m\u00e9dicos especialistas\u2019 se\u00f1alaba hace dos meses un titular del diario \u2018La Rep\u00fablica\u2019, esta declaraci\u00f3n fue de la ex ministra de Salud, Zulema Tom\u00e1s, durante la conmemoraci\u00f3n del D\u00eda del M\u00e9dico Peruano. A esto se sumaban las declaraciones de la Dra. Tania Lopez, Jefa de la Unidad de atenci\u00f3n de [&hellip;]<\/p>\n","protected":false},"author":1,"featured_media":4178,"comment_status":"open","ping_status":"open","sticky":false,"template":"","format":"standard","meta":{"_monsterinsights_skip_tracking":false,"_monsterinsights_sitenote_active":false,"_monsterinsights_sitenote_note":"","_monsterinsights_sitenote_category":0,"_jetpack_memberships_contains_paid_content":false,"footnotes":"","jetpack_publicize_message":"","jetpack_publicize_feature_enabled":true,"jetpack_social_post_already_shared":false,"jetpack_social_options":{"image_generator_settings":{"template":"highway","default_image_id":0,"font":"","enabled":false},"version":2}},"categories":[1],"tags":[],"class_list":["post-4177","post","type-post","status-publish","format-standard","has-post-thumbnail","hentry","category-sin-categoria"],"blocksy_meta":[],"jetpack_publicize_connections":[],"jetpack_featured_media_url":"https:\/\/derechosinfronteras.pe\/wp-content\/uploads\/2020\/01\/Caso-Espinar.jpg","jetpack_sharing_enabled":true,"jetpack_likes_enabled":true,"_links":{"self":[{"href":"https:\/\/derechosinfronteras.pe\/ingles\/wp-json\/wp\/v2\/posts\/4177","targetHints":{"allow":["GET"]}}],"collection":[{"href":"https:\/\/derechosinfronteras.pe\/ingles\/wp-json\/wp\/v2\/posts"}],"about":[{"href":"https:\/\/derechosinfronteras.pe\/ingles\/wp-json\/wp\/v2\/types\/post"}],"author":[{"embeddable":true,"href":"https:\/\/derechosinfronteras.pe\/ingles\/wp-json\/wp\/v2\/users\/1"}],"replies":[{"embeddable":true,"href":"https:\/\/derechosinfronteras.pe\/ingles\/wp-json\/wp\/v2\/comments?post=4177"}],"version-history":[{"count":0,"href":"https:\/\/derechosinfronteras.pe\/ingles\/wp-json\/wp\/v2\/posts\/4177\/revisions"}],"wp:featuredmedia":[{"embeddable":true,"href":"https:\/\/derechosinfronteras.pe\/ingles\/wp-json\/wp\/v2\/media\/4178"}],"wp:attachment":[{"href":"https:\/\/derechosinfronteras.pe\/ingles\/wp-json\/wp\/v2\/media?parent=4177"}],"wp:term":[{"taxonomy":"category","embeddable":true,"href":"https:\/\/derechosinfronteras.pe\/ingles\/wp-json\/wp\/v2\/categories?post=4177"},{"taxonomy":"post_tag","embeddable":true,"href":"https:\/\/derechosinfronteras.pe\/ingles\/wp-json\/wp\/v2\/tags?post=4177"}],"curies":[{"name":"wp","href":"https:\/\/api.w.org\/{rel}","templated":true}]}}