{"id":4181,"date":"2020-01-06T17:40:03","date_gmt":"2020-01-06T22:40:03","guid":{"rendered":"http:\/\/derechosinfronteras.pe\/?p=5317"},"modified":"2020-01-06T17:40:03","modified_gmt":"2020-01-06T22:40:03","slug":"el-complejo-camino-de-la-lucha-por-la-salud-ambiental-en-el-peru","status":"publish","type":"post","link":"https:\/\/derechosinfronteras.pe\/ingles\/el-complejo-camino-de-la-lucha-por-la-salud-ambiental-en-el-peru\/","title":{"rendered":"El complejo camino de la lucha por la salud ambiental en el Per\u00fa"},"content":{"rendered":"<p>Hace menos de dos a\u00f1os el Ministerio de Salud (MINSA) reconoci\u00f3 p\u00fablicamente, que el \u201casunto\u201d de la contaminaci\u00f3n de ciudadanas y ciudadanos, por metales t\u00f3xicos principalmente en zonas en donde se desarrollan actividades empresariales mineras, petroleras e industriales, es un problema de salud p\u00fablica nacional.<br \/>\nQue el MINSA ponga en agenda la afectaci\u00f3n de la salud humana por metales fue resultado de las luchas en varias partes del Per\u00fa. No podemos dejar de mencionar los constantes reclamos y movilizaciones de los afectados de la ciudad de Pasco, Espinar o La Oroya, as\u00ed como las protestas de la comunidades ind\u00edgenas amaz\u00f3nicas en la zona denominada Cuatro Cuencas o Chiriaco; lugares que en los \u00faltimos a\u00f1os han sido escenario de conflictos por la precaria atenci\u00f3n para las v\u00edctimas de la contaminaci\u00f3n.<\/p>\n<p>En el 2017 estas luchas se encontraron para organizar e impulsar la Plataforma Nacional de Afectados y Afectadas por Metales T\u00f3xicos, la cual entendi\u00f3 que el reclamo por la salud ambiental y humana en las zonas impactadas por los proyectos mineros, petroleros o industriales, necesitaba de un trabajo colectivo y articulado para lograr una pol\u00edtica nacional multisectorial e integral que pudiera impulsar una atenci\u00f3n preventiva y especializada.<br \/>\nPara los integrantes de la plataforma queda claro que los estados de emergencia decretados en las zonas petroleras o mineras no son suficientes para solucionar un problema que tiene que ser asumido de manera multisectorial por el Estado, respondiendo con pol\u00edticas, presupuestos, y personal capacitado en prevenci\u00f3n y atenci\u00f3n especializada para las personas afectadas por metales t\u00f3xicos a nivel nacional. La plataforma ha venido desarrollando diversas acciones de fortalecimiento organizativo, as\u00ed como de denuncia y acciones para visibilizar su plataforma de lucha. Es importante destacar su participaci\u00f3n en la V Audiencia de la Comisi\u00f3n de Pueblos Ind\u00edgenas: \u201cAvances para la prevenci\u00f3n y atenci\u00f3n integral de la afectaci\u00f3n de salud por contaminaci\u00f3n con metales pesados y oros asociados a miner\u00eda e hidrocarburos\u201d, as\u00ed como la primera reuni\u00f3n nacional \u201cMujeres, territorios y salud ambiental\u201d que cont\u00f3 con la participaci\u00f3n de 30 mujeres de las provincias de San Mateo, Loreto, Bagua, Pasco, La Oroya, Lima, Melgar, Hualgayoc, Moquegua, Huancayo y Espinar, donde se logr\u00f3 el objetivo de construir una agenda de las mujeres rumbo al encuentro nacional.<\/p>\n<p>El II Encuentro Nacional de afectados y afectadas se desarroll\u00f3 bajo el lema \u201cSalud, Territorio y agua para los pueblos\u201d. Este tuvo como objetivo evaluar las principales acciones de los dos a\u00f1os de creaci\u00f3n de la Plataforma, fortalecer la red de afectados y afectadas, y planificar acciones nacionales y regionales en los territorios en donde est\u00e1 presente la Plataforma.<\/p>\n<p>Es importante resaltar que la Plataforma, a pesar de algunas voces pesimistas, ha logrado consolidarse como un espacio reconocido por el Gobierno y la Presidencia del Consejo de Ministros llevando la voz de los afectados y afectadas a nivel nacional. Fue as\u00ed que el d\u00eda viernes 4 de octubre, la Plataforma tuvo una importante reuni\u00f3n con la Presidencia de Consejo de Ministros en donde el viceministro Molina se comprometi\u00f3 a emitir el DS para instalar la comisi\u00f3n multisectorial a inicios de noviembre.<\/p>\n<p>A pesar de estas diversas acciones que se han venido realizando, la agenda de lucha de la Plataforma Nacional de Afectados y Afectadas sigue sin resolverse. En este momento dos son los temas centrales que la plataforma est\u00e1 demandando al Estado: la creaci\u00f3n de La Comisi\u00f3n Multisectorial y el Abordaje Integral que debe asumir el MINSA para la atenci\u00f3n de los afectados.<\/p>\n<p><strong>\u00a1Una comisi\u00f3n multisectorial ahora!<\/strong><\/p>\n<p>La Plataforma Nacional viene solicitando una Comisi\u00f3n Multisectorial de naturaleza permanente, dada la magnitud y extensi\u00f3n del problema de salud humana y ambiental que se tiene en el Per\u00fa.<br \/>\nLa propuesta de la Plataforma es que esta comisi\u00f3n est\u00e9 adscrita a la Presidencia del Consejo de Ministros y deba encargarse de elaborar un primer informe t\u00e9cnico que fundamente la propuesta del plan multisectorial de prevenci\u00f3n y control de riesgos y da\u00f1os relacionados con la exposici\u00f3n a metales pesados y sustancias qu\u00edmicas, as\u00ed como del seguimiento, implementaci\u00f3n, evaluaci\u00f3n y cumplimiento del plan multisectorial de parte de todos los ministerios, de manera que se garantice el derecho a la salud de las poblaciones afectadas que buscan una atenci\u00f3n preventiva, integral y especializada.<\/p>\n<p><strong>Atenci\u00f3n que de verdad sea integral<\/strong><\/p>\n<p>La segunda demanda central de la Plataforma en estos momentos, es que se implemente una atenci\u00f3n adecuada a las personas afectadas por metales t\u00f3xicos. Por ello en los \u00faltimos d\u00edas hay mucha preocupaci\u00f3n por la posibilidad de que se apruebe una directiva administrativa que no solucione el problema, sino que m\u00e1s bien perjudique lo avanzando hasta ahora en atenci\u00f3n a las y los afectados. Si bien se reconoce que es importante una articulaci\u00f3n e integraci\u00f3n mayor de sectores y niveles de gobierno para el real cumplimiento de una atenci\u00f3n integral, as\u00ed como asegurar los recursos necesarios mediante una intervenci\u00f3n desde los planes y presupuestos nacional y regional, es real que la d\u00e9bil rector\u00eda del MINSA en cuanto a las pol\u00edticas y programas nacionales y directivas para la identificaci\u00f3n, priorizaci\u00f3n y atenci\u00f3n de las poblaciones afectadas por la contaminaci\u00f3n ambiental, no garantiza que el problema de la atenci\u00f3n mejore en las zonas donde se requiere la implementaci\u00f3n de un abordaje integral a las personas afectadas por metales t\u00f3xicos.<\/p>\n<p>Por eso es importante que la aprobaci\u00f3n de cualquier directiva est\u00e9 respaldada con los mayores consensos, acuerdos formales, acciones de coordinaci\u00f3n, mandatos normativos, compromisos y decisiones vinculantes que les permita efectuar las funciones y tareas con legitimidad y aceptaci\u00f3n. Una acci\u00f3n conjunta multisectorial, multi e inter disciplinaria, que optimice el uso de los recursos y gane en eficiencia beneficiando a las personas afectadas por la contaminaci\u00f3n.<\/p>\n<p>En resumen, estos han sido dos a\u00f1os intensos de lucha de la Plataforma Nacional que nos deja varias lecciones para nosotros que venimos apoyando el proceso de construcci\u00f3n de un espacio de articulaci\u00f3n nacional. La primera, es que a pesar de la fragmentaci\u00f3n social es posible hacer alianzas, articular y sumar acciones a nivel nacional que permitan avanzar en la defensa de derechos, en este caso el de la salud ambiental y humana. Segundo, que es posible ir uniendo las agendas de las y los afectados de comunidades amaz\u00f3nicas y comunidades andinas en una sola agenda nacional. Tercero, que las mujeres afectadas tienen impactos diferenciados en el cuerpo y viven de manera distinta los impactos en el territorio. Sin embargo, tienen una importante fuerza movilizadora dentro del movimiento. Y por \u00faltimo, que es posible ir construyendo un movimiento nacional por la salud ambiental y humana en el Per\u00fa que busque una atenci\u00f3n preventiva, integral y especializada de personas contaminadas por los metales t\u00f3xicos en el Per\u00fa\u2022<\/p>","protected":false},"excerpt":{"rendered":"<p>Hace menos de dos a\u00f1os el Ministerio de Salud (MINSA) reconoci\u00f3 p\u00fablicamente, que el \u201casunto\u201d de la contaminaci\u00f3n de ciudadanas y ciudadanos, por metales t\u00f3xicos principalmente en zonas en donde se desarrollan actividades empresariales mineras, petroleras e industriales, es un problema de salud p\u00fablica nacional. Que el MINSA ponga en agenda la afectaci\u00f3n de la [&hellip;]<\/p>\n","protected":false},"author":1,"featured_media":4182,"comment_status":"open","ping_status":"open","sticky":false,"template":"","format":"standard","meta":{"_monsterinsights_skip_tracking":false,"_monsterinsights_sitenote_active":false,"_monsterinsights_sitenote_note":"","_monsterinsights_sitenote_category":0,"_jetpack_memberships_contains_paid_content":false,"footnotes":"","jetpack_publicize_message":"","jetpack_publicize_feature_enabled":true,"jetpack_social_post_already_shared":false,"jetpack_social_options":{"image_generator_settings":{"template":"highway","default_image_id":0,"font":"","enabled":false},"version":2}},"categories":[1],"tags":[],"class_list":["post-4181","post","type-post","status-publish","format-standard","has-post-thumbnail","hentry","category-sin-categoria"],"blocksy_meta":[],"jetpack_publicize_connections":[],"jetpack_featured_media_url":"https:\/\/derechosinfronteras.pe\/wp-content\/uploads\/2020\/01\/Salud.jpg","jetpack_sharing_enabled":true,"jetpack_likes_enabled":true,"_links":{"self":[{"href":"https:\/\/derechosinfronteras.pe\/ingles\/wp-json\/wp\/v2\/posts\/4181","targetHints":{"allow":["GET"]}}],"collection":[{"href":"https:\/\/derechosinfronteras.pe\/ingles\/wp-json\/wp\/v2\/posts"}],"about":[{"href":"https:\/\/derechosinfronteras.pe\/ingles\/wp-json\/wp\/v2\/types\/post"}],"author":[{"embeddable":true,"href":"https:\/\/derechosinfronteras.pe\/ingles\/wp-json\/wp\/v2\/users\/1"}],"replies":[{"embeddable":true,"href":"https:\/\/derechosinfronteras.pe\/ingles\/wp-json\/wp\/v2\/comments?post=4181"}],"version-history":[{"count":0,"href":"https:\/\/derechosinfronteras.pe\/ingles\/wp-json\/wp\/v2\/posts\/4181\/revisions"}],"wp:featuredmedia":[{"embeddable":true,"href":"https:\/\/derechosinfronteras.pe\/ingles\/wp-json\/wp\/v2\/media\/4182"}],"wp:attachment":[{"href":"https:\/\/derechosinfronteras.pe\/ingles\/wp-json\/wp\/v2\/media?parent=4181"}],"wp:term":[{"taxonomy":"category","embeddable":true,"href":"https:\/\/derechosinfronteras.pe\/ingles\/wp-json\/wp\/v2\/categories?post=4181"},{"taxonomy":"post_tag","embeddable":true,"href":"https:\/\/derechosinfronteras.pe\/ingles\/wp-json\/wp\/v2\/tags?post=4181"}],"curies":[{"name":"wp","href":"https:\/\/api.w.org\/{rel}","templated":true}]}}