{"id":4183,"date":"2020-01-06T17:38:16","date_gmt":"2020-01-06T22:38:16","guid":{"rendered":"http:\/\/derechosinfronteras.pe\/?p=5319"},"modified":"2020-01-06T17:38:16","modified_gmt":"2020-01-06T22:38:16","slug":"todos-los-ministerios-son-responsables-de-nuestra-afectacion-por-metales-toxicos-entrevista-a-yolanda-zurita-vocera-de-la-plataforma-nacional-de-afectados-y-afec","status":"publish","type":"post","link":"https:\/\/derechosinfronteras.pe\/ingles\/todos-los-ministerios-son-responsables-de-nuestra-afectacion-por-metales-toxicos-entrevista-a-yolanda-zurita-vocera-de-la-plataforma-nacional-de-afectados-y-afec\/","title":{"rendered":"\u2018\u2018Todos los ministerios son responsables de nuestra afectaci\u00f3n por metales t\u00f3xicos\u2019\u2019 &#8211; Entrevista a Yolanda Zurita, Vocera de la Plataforma Nacional de Afectados y Afectadas por Metales T\u00f3xicos"},"content":{"rendered":"<p>Yolanda Zurita, tiene 60 a\u00f1os y es natural de Jun\u00edn. Es una de las voceras de la Plataforma Nacional de Afectados y Afectadas por Metales T\u00f3xicos. En su sangre tiene metales t\u00f3xicos, principalmente Plomo, Cadmio y Ars\u00e9nico. Desde que estaba en la Universidad se ha involucrado en la defensa del medio ambiente y salud humana. Su capacidad de indignaci\u00f3n no es gratuita, su formaci\u00f3n cat\u00f3lica y su compromiso con la pastoral social de su parroquia la ha empujado a luchar por una vida digna y por el respeto de la creaci\u00f3n.<\/p>\n<p><strong>Yolanda, \u00bfDesde cu\u00e1ndo sabes que vives con metales t\u00f3xicos en tu cuerpo?<\/strong><\/p>\n<p>Era universitaria cuando empec\u00e9 a tener convulsiones. En el Hospital me dijeron que era peque\u00f1a lesi\u00f3n en el cerebro y que no era grave. A comienzos del 2000 la Comisi\u00f3n Episcopal de Acci\u00f3n Social (CEAS), junto a otras instituciones, realizaron una conferencia sobre las consecuencias de los metales pesados, desde ese momento empec\u00e9 a relacionar mis malestares con la posibilidad de tener metales a causa de la actividad extractiva. Por esas fechas la Universidad inicia una investigaci\u00f3n, y me invitan a hacerme un dosaje, cuando me entregan los resultados confirmo que tengo metales en mi sangre.<\/p>\n<p><strong>La iglesia ha cumplido un rol importante frente a la afectaci\u00f3n de la salud humana por metales t\u00f3xicos\u2026<\/strong><\/p>\n<p>En Huancayo han cumplido un rol importante. En el 2000 se realiz\u00f3 un encuentro de la Arquidi\u00f3cesis, y empezaron a conformar pastorales espec\u00edficas con \u00e9nfasis en los derechos, porque si hemos sido creados a imagen y semejanza de Dios, merecemos una vida digna, y esto implica que respeten todos nuestros derechos. Desde entonces, en mi parroquia hicimos una evaluaci\u00f3n del contexto que viv\u00edamos, nosotros ya sent\u00edamos efectos a nuestra salud, pero no todos sab\u00edan si era consecuencia de la actividad del complejo metal\u00fargico, por ello decidimos conformar una pastoral que aborde los temas de salud, y conformamos el Comit\u00e9 de Derechos Humanos \u2013 Eje Ecolog\u00eda y Medio Ambiente de la Pastoral Social<\/p>\n<p><strong>Supongo que el proceso no ha sido f\u00e1cil, m\u00e1s cuando es la iglesia quien se involucra\u2026<\/strong><\/p>\n<p>Sab\u00edamos que no iba a ser f\u00e1cil, porque al comienzo no sab\u00edamos nada, afortunadamente CEAS nos ayud\u00f3 con capacitaciones. Despu\u00e9s reflexionamos que de nada servir\u00eda que solo la Pastoral est\u00e9 informada, as\u00ed que empezamos a invitar a juntas vecinales, comunidades, frentes de defensa y organizaciones. Muchas ONG\u2019s nacionales e internacionales nos visitaban permanentemente. Doe Run ya administraba el complejo metal\u00fargico, y gracias a estas instituciones vinculadas a iglesia nos enteramos de los antecedentes que ten\u00eda esta empresa.<\/p>\n<p><strong>\u00bfY qu\u00e9 acciones empezaron a realizar?<\/strong><\/p>\n<p>Despu\u00e9s de la experiencia de la pastoral, en el 2001 se conforma el Movimiento por la Salud de La Oroya, donde varias organizaciones se suman. El espacio se fortaleci\u00f3 a\u00fan m\u00e1s cuando se hacen p\u00fablicos los resultados de un estudio que la elabor\u00f3 la Comisi\u00f3n Ambiental Municipal, que determin\u00f3 que el aire de La Oroya estaba contaminado a un 99 % a consecuencia de la actividad de Doe Run.<\/p>\n<p><strong>\u00bfEs en este momento cuando deciden tomar acciones legales?<\/strong><\/p>\n<p>Decidimos denunciar al Ministerio de Salud, y afortunadamente, en el 2007, la sentencia sale a nuestro favor, le ordenan al Ministerio iniciar una atenci\u00f3n especializada y gratuita a las personas afectadas por metales t\u00f3xicos. Sin embargo, pasan los a\u00f1os y el Estado no cumple la sentencia, por eso fuimos hasta la Comisi\u00f3n Interamericana de Derechos Humanos. En el 2009 deciden atender nuestras denuncias, y hemos asistido a muchas audiencias m\u00e1s de 60 afectados, ahora estamos esperando el informe que la Comisi\u00f3n debe enviar al Estado Peruano.<\/p>\n<p><strong>\u00bfY Qu\u00e9 ha hecho el gobierno regional frente a esta situaci\u00f3n?<\/strong><\/p>\n<p>En el 2012, el gobierno regional emiti\u00f3 una ordenanza para crear un registro de afectados, promover atenci\u00f3n integral e implementar un programa de prevenci\u00f3n, pero solo han sido buenas intenciones, no han destinado prepuesto, y cuando han venido profesionales, ninguno ha sido especialista. Esto nos empuj\u00f3 a formar la Plataforma Regional de Salud Ambiental y Humana, donde se articulan representantes de Jun\u00edn, Yauli, La Oroya, Parroquias, La Pastoral Social de Arquidi\u00f3cesis; organizaciones de Jauja, Concepci\u00f3n y Huancayo.<\/p>\n<p><strong>Se convirti\u00f3 en una preocupaci\u00f3n regional&#8230; <\/strong><\/p>\n<p>Es que se realiz\u00f3 un estudio para evaluar la contaminaci\u00f3n del aire, y se determin\u00f3 que la contaminaci\u00f3n de Doe Run llega a 180 Km a la redonda, dependiendo de la velocidad del viento, porque puede ser m\u00e1s, entonces las otras provincias entendieron que tambi\u00e9n se estaban afectando. Adem\u00e1s, Doe Run tiene su dep\u00f3sito de di\u00f3xido de ars\u00e9nico que afecta al r\u00edo Mantaro, y existen otras empresas como Volcan o Chinalco que contaminan nuestro suelo y agua, as\u00ed que la problem\u00e1tica se empez\u00f3 asumir como regional.<\/p>\n<p><strong>Es una situaci\u00f3n que enfrentan varias regiones, por eso ahora se articulan en una plataforma nacional\u2026<\/strong><\/p>\n<p>La Plataforma Regional de Jun\u00edn, es acompa\u00f1ada por la Red Uniendo Manos contra la Pobreza y CEAS, que a su vez articulan a la Red Muqui, as\u00ed que en noviembre del 2017 nos invitaron a un encuentro para presentar la experiencia de nuestra plataforma. Al reconocer que somos varios lugares con las mismas exigencias, nace la Plataforma Nacional de afectados por metales t\u00f3xicos, y me escogen como una de sus representantes, en mi caso soy la vocera de la zona andina.<\/p>\n<p><strong>\u00bfQu\u00e9 acciones han realizando en este tiempo?<\/strong><\/p>\n<p>Principalmente acciones de incidencia para exigir la implementaci\u00f3n de una pol\u00edtica especializada, multisectorial e integral que atienda a todas las personas afectadas. Exigimos la creaci\u00f3n de una Comisi\u00f3n Multisectorial permanente. El Ejecutivo nos afirm\u00f3 que en noviembre se creaba esta comisi\u00f3n, pero es una mentira m\u00e1s. Hemos tenido reuniones con el Ministerio de Salud, del Ambiente, de Energ\u00eda y Minas y con la PCM, porque todos los ministerios son responsables de nuestra afectaci\u00f3n por metales t\u00f3xicos. De qu\u00e9 sirve que el Ministerio de Salud nos atienda, si el Ministerio de Minas no fiscaliza las actividades extractivas.<\/p>\n<p><strong>La Plataforma Nacional les ha ayudado tambi\u00e9n a acompa\u00f1arse entre mujeres\u2026<\/strong><\/p>\n<p>Eso es cierto, porque tenemos afectaciones particulares, incluso m\u00e1s, tenemos que cuidar a nuestros esposos, a nuestros hijos, a pesar que tambi\u00e9n estamos enfermas. En mi caso, y de otras compa\u00f1eras, hemos sufrido acoso y amenazas de los trabajadores de las empresas, estas cosas que te comento, han sido compartidas en un encuentro que tuvimos solo las mujeres que pertenecemos a la plataforma.<\/p>\n<p><strong>\u00bfCu\u00e1l es la apuesta a largo plazo de la Plataforma Nacional?<\/strong><\/p>\n<p>Vamos a insistir en que se cree la Comisi\u00f3n Multisectorial, pero vamos a exigir que nos incluyan a las personas afectadas para elaborar juntos el programa de atenci\u00f3n, de lo contrario no tendr\u00eda sentido tener una comisi\u00f3n que no incluya a quienes viven d\u00eda a d\u00eda las consecuencias de la contaminaci\u00f3n. Es tiempo de que las autoridades sean coherentes, no podemos hablar de desarrollo sostenible, si nuestra salud est\u00e1 siendo seriamente afectada, solo por darle prioridad a las actividades extractivas y empresas transnacionales\u2022<\/p>","protected":false},"excerpt":{"rendered":"<p>Yolanda Zurita, tiene 60 a\u00f1os y es natural de Jun\u00edn. Es una de las voceras de la Plataforma Nacional de Afectados y Afectadas por Metales T\u00f3xicos. En su sangre tiene metales t\u00f3xicos, principalmente Plomo, Cadmio y Ars\u00e9nico. Desde que estaba en la Universidad se ha involucrado en la defensa del medio ambiente y salud humana. [&hellip;]<\/p>\n","protected":false},"author":1,"featured_media":4184,"comment_status":"open","ping_status":"open","sticky":false,"template":"","format":"standard","meta":{"_monsterinsights_skip_tracking":false,"_monsterinsights_sitenote_active":false,"_monsterinsights_sitenote_note":"","_monsterinsights_sitenote_category":0,"_jetpack_memberships_contains_paid_content":false,"footnotes":"","jetpack_publicize_message":"","jetpack_publicize_feature_enabled":true,"jetpack_social_post_already_shared":false,"jetpack_social_options":{"image_generator_settings":{"template":"highway","default_image_id":0,"font":"","enabled":false},"version":2}},"categories":[1],"tags":[],"class_list":["post-4183","post","type-post","status-publish","format-standard","has-post-thumbnail","hentry","category-sin-categoria"],"blocksy_meta":[],"jetpack_publicize_connections":[],"jetpack_featured_media_url":"https:\/\/derechosinfronteras.pe\/wp-content\/uploads\/2020\/01\/Yolanda-Zurita.jpg","jetpack_sharing_enabled":true,"jetpack_likes_enabled":true,"_links":{"self":[{"href":"https:\/\/derechosinfronteras.pe\/ingles\/wp-json\/wp\/v2\/posts\/4183","targetHints":{"allow":["GET"]}}],"collection":[{"href":"https:\/\/derechosinfronteras.pe\/ingles\/wp-json\/wp\/v2\/posts"}],"about":[{"href":"https:\/\/derechosinfronteras.pe\/ingles\/wp-json\/wp\/v2\/types\/post"}],"author":[{"embeddable":true,"href":"https:\/\/derechosinfronteras.pe\/ingles\/wp-json\/wp\/v2\/users\/1"}],"replies":[{"embeddable":true,"href":"https:\/\/derechosinfronteras.pe\/ingles\/wp-json\/wp\/v2\/comments?post=4183"}],"version-history":[{"count":0,"href":"https:\/\/derechosinfronteras.pe\/ingles\/wp-json\/wp\/v2\/posts\/4183\/revisions"}],"wp:featuredmedia":[{"embeddable":true,"href":"https:\/\/derechosinfronteras.pe\/ingles\/wp-json\/wp\/v2\/media\/4184"}],"wp:attachment":[{"href":"https:\/\/derechosinfronteras.pe\/ingles\/wp-json\/wp\/v2\/media?parent=4183"}],"wp:term":[{"taxonomy":"category","embeddable":true,"href":"https:\/\/derechosinfronteras.pe\/ingles\/wp-json\/wp\/v2\/categories?post=4183"},{"taxonomy":"post_tag","embeddable":true,"href":"https:\/\/derechosinfronteras.pe\/ingles\/wp-json\/wp\/v2\/tags?post=4183"}],"curies":[{"name":"wp","href":"https:\/\/api.w.org\/{rel}","templated":true}]}}