{"id":4185,"date":"2020-01-06T16:56:51","date_gmt":"2020-01-06T21:56:51","guid":{"rendered":"http:\/\/derechosinfronteras.pe\/?p=5312"},"modified":"2020-01-06T16:56:51","modified_gmt":"2020-01-06T21:56:51","slug":"la-agenda-pendiente-de-los-derechos-humanos-en-la-fugaz-campana-congresal","status":"publish","type":"post","link":"https:\/\/derechosinfronteras.pe\/ingles\/la-agenda-pendiente-de-los-derechos-humanos-en-la-fugaz-campana-congresal\/","title":{"rendered":"La agenda pendiente de los derechos humanos  en la \u201cfugaz\u201d campa\u00f1a congresal"},"content":{"rendered":"<p>Terminamos el 2019 con la sensaci\u00f3n de que fueron varios a\u00f1os a la vez, digo esto porque si revisamos todos los hechos pol\u00edticos que hemos tenido en el pa\u00eds dif\u00edcilmente lo olvidaremos, quiz\u00e1 el hito que marc\u00f3 un antes y un despu\u00e9s en este a\u00f1o, fue la disoluci\u00f3n del Congreso de la Rep\u00fablica el pasado 30 de setiembre, lo que consecuentemente trajo la convocatoria a las elecciones complementarias al Congreso para el pr\u00f3ximo 26 de enero del 2020. Si bien se ha avanzado en algunos aspectos de la lucha contra la corrupci\u00f3n, en lo que se refiere a la reforma pol\u00edtica y judicial, las cosas todav\u00eda est\u00e1n estancadas, y ni que decir de los temas centrales m\u00e1s estructurales como la desigualdad, la pobreza, acceso a educaci\u00f3n, a la salud, seguridad, entre otros. Estas agendas \u00faltimas han desencadenado una serie de movilizaciones en Am\u00e9rica Latina, donde se reclama cambios constitucionales y estructurales que rompan con las desigualdades econ\u00f3micas y sociales que hoy viven millones de personas, sin embargo, esta ola de protestas todav\u00eda no ha llegado al Per\u00fa.<\/p>\n<p>Bajo esta premisa es que hacemos un r\u00e1pido repaso a los principales hechos y afectaciones de derechos que hemos tenido durante el 2019 y las agendas pendientes en relaci\u00f3n a estos temas en el surandino peruano, pero particularmente en provincias altas del Cusco.<\/p>\n<p><strong>La criminalizaci\u00f3n de la protesta social y la situaci\u00f3n de los defensores y defensoras de los derechos humanos<\/strong><\/p>\n<p>Durante el presente a\u00f1o los conflictos sociales se han mantenido en el corredor minero del sur, principalmente en Espinar, Chumbivilcas y Cotabambas, denominado como el corredor minero, en el \u00faltimo semestre Paruro ha tenido su propio conflicto vinculado al uso de la carretera por parte de la empresa minera Las Bambas, la intervenci\u00f3n policial violenta en este caso dejo como saldo varias personas heridas y una se\u00f1ora que perdi\u00f3 la vista por el impacto de perdigones. Al mantenerse los conflictos, las medidas que se han tomado desde el Gobierno Central ha sido declarar en estado de mergencia el corredor minero, adem\u00e1s los procesos judiciales que criminalizan la protesta social se han mantenido, es as\u00ed que, los casos de Espinar del 2012 en Ica han reiniciado, el caso de Anabi del 2011 en Chumbivilcas se encuentra en pleno juicio oral, los casos de Cotabambas por el conflicto de Las Bambas 2015-2016, tambi\u00e9n se mantienen los casos en Arequipa por \u2018T\u00eda Mar\u00eda\u2019 y el de Walter Aduviri en Puno se han reactivado este a\u00f1o y se mantienen con procesos abiertos.<\/p>\n<p>Esto quiere decir que los hechos de criminalizaci\u00f3n, utilizando el tipo penal para denunciar a l\u00edderes y dirigentes sociales se han mantenido, inclusive a partir del conflicto de Fuerabamba en Cotabambas (agosto del 2018) la figura legal que est\u00e1n ensayando desde las fiscal\u00edas para este tipo de contextos, son el delito de extorsi\u00f3n, esto quiere decir que cualquier organizaci\u00f3n, inclusive una comunidad campesina puede ser acusada como organizaci\u00f3n criminal, si es que realiza una protesta social. De otro lado las estigmatizaciones a los defensores y defensoras de derechos humanos se mantienen, ya sea por participar, denunciar o por pronunciarse en los casos de conflictividad social donde se evidencia la vulneraci\u00f3n de un derecho individual o colectivo.<\/p>\n<p><strong>El necesario debate de un nuevo marco legal y social para la miner\u00eda<\/strong><\/p>\n<p>Todo lo mencionado anteriormente sobre el tema de la conflictividad social, la criminalizaci\u00f3n de la protesta y la situaci\u00f3n de los defensores y defensoras de derechos humanos en el pa\u00eds y particularmente en el surandino peruano tiene que ver con esta discusi\u00f3n, urge y es necesario abrir este debate, el presidente Vizcarra anunci\u00f3 el 28 de julio, en su mensaje a la Naci\u00f3n, la revisi\u00f3n de la Ley General de Miner\u00eda, que tiene casi 30 a\u00f1os de vigencia y m\u00e1s de 29 modificaciones, en todo este tiempo la expansi\u00f3n minera ha provocado impactos acumulativos; estr\u00e9s social y ambiental en los territorios y una agenda de derechos sociales, econ\u00f3micos, culturales y ambientales que requieren una atenci\u00f3n integral e inmediata. Luego del anuncio del presidente Vizcarra, en su momento el Premier Salvador del Solar cre\u00f3 la \u201cComisi\u00f3n para el Desarrollo Minero Sostenible\u201d. Mediante Resoluci\u00f3n Suprema N\u00b0 145-2019-PCM, cuyo mandato es proponer medidas normativas, de gesti\u00f3n, de pol\u00edtica p\u00fablica, para el desarrollo de actividades mineras sostenibles. Nos parece que no basta con la creaci\u00f3n de una comisi\u00f3n, creemos que se debe abrir el debate de manera m\u00e1s amplia, con participaci\u00f3n de las comunidades afectadas y las autoridades locales y regionales.<br \/>\nSi no logramos en el corto plazo discutir el rol de la miner\u00eda y la forma como se relaciona con las poblaciones afectadas los conflictos se van a mantener, y probablemente se agudicen con el tiempo.<\/p>\n<p><strong>La reforma pol\u00edtica pendiente y la elecci\u00f3n de nuevos congresistas<\/strong><\/p>\n<p>Seg\u00fan el Jurado Nacional de Elecciones (JNE) tenemos 24 organizaciones pol\u00edticas inscritas a nivel nacional, y son las que presentan candidatos para las elecciones de enero del 2020. Pero como ya sabemos la mayor\u00eda siguen siendo \u201cvientres de alquiler\u201d que se ofrecen al mejor postor, por ello es importante que el pr\u00f3ximo Congreso retome las propuestas de reforma pol\u00edtica que present\u00f3 el Ejecutivo en su momento: combatir la corrupci\u00f3n y fomentar la rendici\u00f3n de cuentas, tener partidos pol\u00edticos y organizaciones pol\u00edticas regionales m\u00e1s fuertes y representativas, sin embargo para este proceso electoral iremos con la antigua norma, y es probable que entre los que se elijan hayan algunos impresentables que salgan elegidos.<\/p>\n<p>\u00bfY en relaci\u00f3n a las agendas y temas vinculados a la conflictividad social, el medio ambiente, la miner\u00eda y los derechos humanos que dicen o c\u00f3mo se est\u00e1n pronunciando los candidatos al congreso? En el caso particular de Cusco el Jurado Electoral Especial (JEE) valid\u00f3 la inscripci\u00f3n de 20 listas, de los cuales se dio luz verde a 97 candidatos al Congreso. Esto quiere decir que un promedio de 20 candidatos va a disputar 01 esca\u00f1o, de los 5 que tiene Cusco, un dato aparte es que varios de los candidatos fueros observados por tener procesos legales abiertos por violencia familiar, alimentos o denuncias de corrupci\u00f3n. Otro tema relevante en esta coyuntura electoral es que el candidato al congreso no puede prometer obras ni gestiones de presupuestos, ya que ese no es su rol, ellos lo que hacen es representar, fiscalizar y presentar iniciativas legislativas, por ello es importante primero conocer al candidato, sus antecedentes y lo que est\u00e1 diciendo en su campa\u00f1a.<\/p>\n<p>Sobre las agendas que hemos se\u00f1alado de las listas que hemos revisado por lo menos tres partidos tienen una agenda o una opini\u00f3n sobre la conflictividad social, el medio ambiente, los derechos humanos, la actividad minera, entre otros, en Cusco estos partidos son Democracia Directa, Frente Amplio y Juntos por el Per\u00fa. Probablemente en 17 meses es muy poco lo que se pueda hacer desde un Congreso complementario, sin embargo, los temas se\u00f1alados requieren de una atenci\u00f3n legislativa, pol\u00edtica y social, seguir postergando esta discusi\u00f3n es no querer atender los justos reclamos de las poblaciones y comunidades afectadas por la actividad minera en el pa\u00eds\u2022<\/p>","protected":false},"excerpt":{"rendered":"<p>Terminamos el 2019 con la sensaci\u00f3n de que fueron varios a\u00f1os a la vez, digo esto porque si revisamos todos los hechos pol\u00edticos que hemos tenido en el pa\u00eds dif\u00edcilmente lo olvidaremos, quiz\u00e1 el hito que marc\u00f3 un antes y un despu\u00e9s en este a\u00f1o, fue la disoluci\u00f3n del Congreso de la Rep\u00fablica el pasado [&hellip;]<\/p>\n","protected":false},"author":1,"featured_media":4186,"comment_status":"open","ping_status":"open","sticky":false,"template":"","format":"standard","meta":{"_monsterinsights_skip_tracking":false,"_monsterinsights_sitenote_active":false,"_monsterinsights_sitenote_note":"","_monsterinsights_sitenote_category":0,"_jetpack_memberships_contains_paid_content":false,"footnotes":"","jetpack_publicize_message":"","jetpack_publicize_feature_enabled":true,"jetpack_social_post_already_shared":false,"jetpack_social_options":{"image_generator_settings":{"template":"highway","default_image_id":0,"font":"","enabled":false},"version":2}},"categories":[1],"tags":[],"class_list":["post-4185","post","type-post","status-publish","format-standard","has-post-thumbnail","hentry","category-sin-categoria"],"blocksy_meta":[],"jetpack_publicize_connections":[],"jetpack_featured_media_url":"https:\/\/derechosinfronteras.pe\/wp-content\/uploads\/2020\/01\/Agenda-pendiente.jpg","jetpack_sharing_enabled":true,"jetpack_likes_enabled":true,"_links":{"self":[{"href":"https:\/\/derechosinfronteras.pe\/ingles\/wp-json\/wp\/v2\/posts\/4185","targetHints":{"allow":["GET"]}}],"collection":[{"href":"https:\/\/derechosinfronteras.pe\/ingles\/wp-json\/wp\/v2\/posts"}],"about":[{"href":"https:\/\/derechosinfronteras.pe\/ingles\/wp-json\/wp\/v2\/types\/post"}],"author":[{"embeddable":true,"href":"https:\/\/derechosinfronteras.pe\/ingles\/wp-json\/wp\/v2\/users\/1"}],"replies":[{"embeddable":true,"href":"https:\/\/derechosinfronteras.pe\/ingles\/wp-json\/wp\/v2\/comments?post=4185"}],"version-history":[{"count":0,"href":"https:\/\/derechosinfronteras.pe\/ingles\/wp-json\/wp\/v2\/posts\/4185\/revisions"}],"wp:featuredmedia":[{"embeddable":true,"href":"https:\/\/derechosinfronteras.pe\/ingles\/wp-json\/wp\/v2\/media\/4186"}],"wp:attachment":[{"href":"https:\/\/derechosinfronteras.pe\/ingles\/wp-json\/wp\/v2\/media?parent=4185"}],"wp:term":[{"taxonomy":"category","embeddable":true,"href":"https:\/\/derechosinfronteras.pe\/ingles\/wp-json\/wp\/v2\/categories?post=4185"},{"taxonomy":"post_tag","embeddable":true,"href":"https:\/\/derechosinfronteras.pe\/ingles\/wp-json\/wp\/v2\/tags?post=4185"}],"curies":[{"name":"wp","href":"https:\/\/api.w.org\/{rel}","templated":true}]}}