{"id":4187,"date":"2020-01-06T16:39:35","date_gmt":"2020-01-06T21:39:35","guid":{"rendered":"http:\/\/derechosinfronteras.pe\/?p=5309"},"modified":"2020-01-06T16:39:35","modified_gmt":"2020-01-06T21:39:35","slug":"debemos-apostar-por-conquistar-nuestro-derecho-a-hacer-politica-entrevista-a-jorge-bracamonte","status":"publish","type":"post","link":"https:\/\/derechosinfronteras.pe\/ingles\/debemos-apostar-por-conquistar-nuestro-derecho-a-hacer-politica-entrevista-a-jorge-bracamonte\/","title":{"rendered":"\u2018Debemos apostar por conquistar nuestro  derecho a hacer pol\u00edtica\u2019 &#8211; Entrevista a Jorge Bracamonte"},"content":{"rendered":"<p>Jorge Bracamonte, o \u2018Tito\u2019 como se hace llamar, viene cumpliendo sus \u00faltimos meses como Secretario Ejecutivo de la Coordinadora Nacional de Derechos Humanos (CNDDHH), una red que articula a 82 organizaciones de todo el pa\u00eds. Conversamos con \u00e9l para conocer su balance respecto a los avances y desaf\u00edos de la agenda de derechos humanos.<\/p>\n<p><strong>Tito, \u00bfCu\u00e1l es tu balance del a\u00f1o respecto a los derechos humanos en nuestro pa\u00eds?<\/strong><\/p>\n<p>Nos ha tocado vivir un per\u00edodo que viene de un proceso en que las democracias en Am\u00e9rica Latina y en el Per\u00fa, vienen siendo capturados por fuerzas empresariales, y al mismo tiempo por fuerzas poderosas que se desenvuelven en el mundo de lo ilegal o de lo informal, y esto hace que el r\u00e9gimen no pueda responder a las necesidades de las y los ciudadanos. En este contexto la situaci\u00f3n de las y los defensores de derechos humanos se ha ido haciendo cada vez m\u00e1s complicada, esto es algo que hemos podido alertar, pero tambi\u00e9n entendemos que esto, todav\u00eda es algo que debe trabajarse, para exigir que el Estado cumpla plenamente con el deber de garantizar el derecho a defender derechos.<\/p>\n<p><strong>De lo que mencionas, \u00bfQu\u00e9 situaciones han evidenciado la captura del Estado en nuestro pa\u00eds?<\/strong><\/p>\n<p>En diferentes partes del pa\u00eds, las y los defensores se ven m\u00e1s expuestos a ser criminalizados por protestar, son procesados por el propio Estado o por empresas, lo hemos visto en el Valle de Tambo, en el corredor minero, en diferentes cuencas de nuestra Amazonia, en resumen esta situaci\u00f3n se presenta en todo el pa\u00eds. Sin embargo, creo que hay un hecho particularmente cr\u00edtico, pues el aparato punitivo del Estado empieza a verse cuestionado cuando hay fuerzas punitivas extra estatales de car\u00e1cter ilegal, y est\u00e1n atentando contra la vida de las y los defensores, esta situaci\u00f3n nos parece muy grave porque est\u00e1 evidenciando la debilidad del Estado, y por otro lado, deja notar que en el pa\u00eds hay otras fuerzas que se desenvuelven y que est\u00e1n atentando contra la vida de las personas.<\/p>\n<p><strong>La violencia en los conflictos es recurrente \u00bfQu\u00e9 se est\u00e1 haciendo desde la sociedad civil?<\/strong><\/p>\n<p>Es recurrente porque responde a elementos estructurales, al epicentro del Estado, el propio modelo de desarrollo que se basa en las industrias extractivas que afectan a los pobladores del campo. Creo que, en este contexto de crisis, nos corresponde plantear reformas y cambios institucionales, en pensar en la posibilidad de cambiar algunas reglas de juego, de lo contrario, la democracia en el pa\u00eds y el Estado de derecho no son viables, por ejemplo iniciativas que han sido anunciadas por el propio Presidente Vizcarra respecto a la Ley General de Miner\u00eda, se tiene que precisar cu\u00e1les son las condiciones del pa\u00eds, cuales son las regiones que pueden orientarse hacia este tipo de actividades, pero respetando el medio ambiente, y sobre todo respetando los derechos de los pueblos ind\u00edgenas.<\/p>\n<p><strong>Y \u00bfQu\u00e9 exigencias tiene la CNDDHH ante los nuevos legisladores?<\/strong><\/p>\n<p>Estamos viviendo una crisis profunda, que no solo responde a la obstaculizaci\u00f3n del Congreso al Ejecutivo, sino m\u00e1s bien, es una crisis del propio sistema democr\u00e1tico que tiene sus propias aristas en Am\u00e9rica Latina, en donde se ha atentado contra la vida de los manifestantes, como en Ecuador, Bolivia o Chile. Mirando nuestro pa\u00eds que no est\u00e1 acostumbrado a movilizaciones multitudinarias, es necesario cambios urgentes y profundos, de lo contrario las instituciones van a perder la poca legitimidad que tienen, as\u00ed como pas\u00f3 con el Congreso, as\u00ed que creo que todo el pa\u00eds coincide en que se debe priorizar la lucha contra la corrupci\u00f3n.<\/p>\n<p><strong>Pero tambi\u00e9n hay reformas pendientes\u2026<\/strong><\/p>\n<p>Exacto, pero son reformas institucionales que iniciaron en contextos de crisis y polarizaci\u00f3n, que han venido siendo boicoteadas, as\u00ed que el Gobierno Central y el nuevo Congreso debe continuar con las reformas del sistema pol\u00edtico y de justicia, de lo contrario, tengo la certeza que los grupos criminales terminaran apropi\u00e1ndose de estas instituciones.<\/p>\n<p><strong>\u00bfY sobre la agenda de los derechos?<\/strong><\/p>\n<p>En las \u00faltimas dos d\u00e9cadas se ha producido un dise\u00f1o institucional que ha afectado los derechos de los pueblos ind\u00edgenas; no se ha podido garantizar la igualdad de g\u00e9nero; no hemos avanzado nada en favor de la poblaci\u00f3n TLGB; hemos postergado a la poblaci\u00f3n afroperuana; el Estado promueve leyes para precarizar el trabajo, la situaci\u00f3n de la migraci\u00f3n, principalmente la venezolana, que termina siendo una poblaci\u00f3n estigmatizada.<\/p>\n<p><strong>Hablas del modelo econ\u00f3mico, \u00bfPor qu\u00e9 crees que es necesario replantearlo?<\/strong><\/p>\n<p>El modelo de desarrollo en Per\u00fa y en toda la regi\u00f3n, ya ha encontrado l\u00edmites, este modelo ha producido muchas situaciones de desigualdad, no podemos seguir promoviendo un modelo que afecta nuestros territorios, que promueve actividades como el narcotr\u00e1fico, la tala ilegal o la miner\u00eda informal, por eso creo que un tema que nos debe convocar es debatir que tipo de desarrollo queremos para nosotros y para las futuras generaciones, pensando en un contexto m\u00e1s justo y saludable.<\/p>\n<p><strong>\u00bfPodemos hablar de una transici\u00f3n democr\u00e1tica? \u00bfQu\u00e9 rol est\u00e1 cumpliendo Vizcarra?<\/strong><\/p>\n<p>Es un gobierno que no tiene partido, que no tiene operadores pol\u00edticos y que ha estado al borde de la vacancia, es un gobierno que tiene debilidades bastante claras, tengo la impresi\u00f3n que este gobierno estar\u00eda limitando su responsabilidad de conducirnos a las reformas para llegar sano y salvo hasta el 2021, eso podr\u00eda ser un problema para lograr que en el Per\u00fa llegue a una transici\u00f3n democr\u00e1tica que conlleve cambios sustantivos, donde los diferentes actores, nos pongamos de acuerdo, de lo contrario, nos vamos a extraviar en luchas espec\u00edficas que no articulan en la necesidad de cambios reales, por eso la sociedad civil debe plantear los asuntos que no se est\u00e1n debatiendo<\/p>\n<p><strong>Finalmente Tito \u00bfCu\u00e1l es nuestro rol a largo plazo?<\/strong><\/p>\n<p>La gravedad de la crisis pol\u00edtica, social y \u00e9tica, deber\u00eda conducirnos a consensos, sin embargo lo que hemos visto en la \u00faltima d\u00e9cada, es polarizaci\u00f3n, es muy dif\u00edcil en nuestro pa\u00eds construir puentes. Debemos apostar por conquistar nuestro derecho a hacer pol\u00edtica, pero una pol\u00edtica que tiene que ver con intereses comunes, con el cuidado de los bienes p\u00fablicos, con el acceso a las condiciones para una vida digna, debemos devolver la pol\u00edtica a la sociedad. Tenemos una gran tarea, porque los partidos pol\u00edticos est\u00e1n bastantes afectados, o simplemente no creen en la necesidad de garantizar el bien com\u00fan\u2022<\/p>","protected":false},"excerpt":{"rendered":"<p>Jorge Bracamonte, o \u2018Tito\u2019 como se hace llamar, viene cumpliendo sus \u00faltimos meses como Secretario Ejecutivo de la Coordinadora Nacional de Derechos Humanos (CNDDHH), una red que articula a 82 organizaciones de todo el pa\u00eds. Conversamos con \u00e9l para conocer su balance respecto a los avances y desaf\u00edos de la agenda de derechos humanos. Tito, [&hellip;]<\/p>\n","protected":false},"author":1,"featured_media":4188,"comment_status":"open","ping_status":"open","sticky":false,"template":"","format":"standard","meta":{"_monsterinsights_skip_tracking":false,"_monsterinsights_sitenote_active":false,"_monsterinsights_sitenote_note":"","_monsterinsights_sitenote_category":0,"_jetpack_memberships_contains_paid_content":false,"footnotes":"","jetpack_publicize_message":"","jetpack_publicize_feature_enabled":true,"jetpack_social_post_already_shared":false,"jetpack_social_options":{"image_generator_settings":{"template":"highway","default_image_id":0,"font":"","enabled":false},"version":2}},"categories":[1],"tags":[],"class_list":["post-4187","post","type-post","status-publish","format-standard","has-post-thumbnail","hentry","category-sin-categoria"],"blocksy_meta":[],"jetpack_publicize_connections":[],"jetpack_featured_media_url":"https:\/\/derechosinfronteras.pe\/wp-content\/uploads\/2020\/01\/Jorge-Bracamonte.jpg","jetpack_sharing_enabled":true,"jetpack_likes_enabled":true,"_links":{"self":[{"href":"https:\/\/derechosinfronteras.pe\/ingles\/wp-json\/wp\/v2\/posts\/4187","targetHints":{"allow":["GET"]}}],"collection":[{"href":"https:\/\/derechosinfronteras.pe\/ingles\/wp-json\/wp\/v2\/posts"}],"about":[{"href":"https:\/\/derechosinfronteras.pe\/ingles\/wp-json\/wp\/v2\/types\/post"}],"author":[{"embeddable":true,"href":"https:\/\/derechosinfronteras.pe\/ingles\/wp-json\/wp\/v2\/users\/1"}],"replies":[{"embeddable":true,"href":"https:\/\/derechosinfronteras.pe\/ingles\/wp-json\/wp\/v2\/comments?post=4187"}],"version-history":[{"count":0,"href":"https:\/\/derechosinfronteras.pe\/ingles\/wp-json\/wp\/v2\/posts\/4187\/revisions"}],"wp:featuredmedia":[{"embeddable":true,"href":"https:\/\/derechosinfronteras.pe\/ingles\/wp-json\/wp\/v2\/media\/4188"}],"wp:attachment":[{"href":"https:\/\/derechosinfronteras.pe\/ingles\/wp-json\/wp\/v2\/media?parent=4187"}],"wp:term":[{"taxonomy":"category","embeddable":true,"href":"https:\/\/derechosinfronteras.pe\/ingles\/wp-json\/wp\/v2\/categories?post=4187"},{"taxonomy":"post_tag","embeddable":true,"href":"https:\/\/derechosinfronteras.pe\/ingles\/wp-json\/wp\/v2\/tags?post=4187"}],"curies":[{"name":"wp","href":"https:\/\/api.w.org\/{rel}","templated":true}]}}