{"id":4191,"date":"2019-12-19T18:18:25","date_gmt":"2019-12-19T23:18:25","guid":{"rendered":"http:\/\/derechosinfronteras.pe\/?p=5303"},"modified":"2019-12-19T18:18:25","modified_gmt":"2019-12-19T23:18:25","slug":"espinar-minem-se-compromete-a-elaborar-un-plan-de-consulta-previa-para-el-proyecto-minero-coroccohuayco","status":"publish","type":"post","link":"https:\/\/derechosinfronteras.pe\/ingles\/espinar-minem-se-compromete-a-elaborar-un-plan-de-consulta-previa-para-el-proyecto-minero-coroccohuayco\/","title":{"rendered":"Espinar: MINEM se compromete a elaborar un plan de consulta previa para el proyecto minero Coroccohuayco"},"content":{"rendered":"<p>19 de dic. Las 13 comunidades originarias afectadas- social y ambientalmente- por la explotaci\u00f3n minera de la empresa Glencore Antapaccay, en la provincia cusque\u00f1a de Espinar, sostuvieron una reuni\u00f3n con funcionarios\u00a0 del Ministerio de Energ\u00eda y Minas, \u00a0en la comunidad de Tintaya Marquiri.<\/p>\n<p>En la reuni\u00f3n estuvieron presentes funcionarios del Ministerio de Cultura, de la PCM, el alcalde provincial de Espinar, Lolo Arenas, y el regidor de Espinar, Arturo Corahua. En este espacio de di\u00e1logo se cont\u00f3 con un int\u00e9rprete quechua. El principal punto de agenda, como se acord\u00f3 el \u00faltimo 18 de noviembre, fue la implementaci\u00f3n de la consulta previa del proyecto Expansi\u00f3n Coroccohuayco.<\/p>\n<p>Despu\u00e9s de las exposiciones de los funcionarios estatales y de la intervenci\u00f3n de representantes de las comunidades originarias respecto a sus expectativas, afectaciones ambientales, afectaciones en su salud por la presencia de metales t\u00f3xicos en sus cuerpos, y los incumplimientos de acuerdos y compromisos de parte del Estado y la empresa minera, se decidi\u00f3 tener reuniones el 29, 30 y 31 de enero del 2020, nuevamente en el local comunal de Tintaya Marquiri.<\/p>\n<p>Para el 29 de enero el MINEM presentar\u00e1 una propuesta de plan de consulta, el 30 de enero se evaluar\u00e1n las propuestas, y para el 31 se tomaran consensos y se aprobar\u00e1 el plan de consulta previa para el proyecto minero Coroccohuayco.<\/p>\n<p>&nbsp;<\/p>","protected":false},"excerpt":{"rendered":"<p>19 de dic. Las 13 comunidades originarias afectadas- social y ambientalmente- por la explotaci\u00f3n minera de la empresa Glencore Antapaccay, en la provincia cusque\u00f1a de Espinar, sostuvieron una reuni\u00f3n con funcionarios\u00a0 del Ministerio de Energ\u00eda y Minas, \u00a0en la comunidad de Tintaya Marquiri. En la reuni\u00f3n estuvieron presentes funcionarios del Ministerio de Cultura, de la [&hellip;]<\/p>\n","protected":false},"author":1,"featured_media":4192,"comment_status":"open","ping_status":"open","sticky":false,"template":"","format":"standard","meta":{"_monsterinsights_skip_tracking":false,"_monsterinsights_sitenote_active":false,"_monsterinsights_sitenote_note":"","_monsterinsights_sitenote_category":0,"_jetpack_memberships_contains_paid_content":false,"footnotes":"","jetpack_publicize_message":"","jetpack_publicize_feature_enabled":true,"jetpack_social_post_already_shared":false,"jetpack_social_options":{"image_generator_settings":{"template":"highway","default_image_id":0,"font":"","enabled":false},"version":2}},"categories":[1],"tags":[],"class_list":["post-4191","post","type-post","status-publish","format-standard","has-post-thumbnail","hentry","category-sin-categoria"],"blocksy_meta":[],"jetpack_publicize_connections":[],"jetpack_featured_media_url":"https:\/\/derechosinfronteras.pe\/wp-content\/uploads\/2019\/12\/standard_49090700533_5deedee0db_k.jpg","jetpack_sharing_enabled":true,"jetpack_likes_enabled":true,"_links":{"self":[{"href":"https:\/\/derechosinfronteras.pe\/ingles\/wp-json\/wp\/v2\/posts\/4191","targetHints":{"allow":["GET"]}}],"collection":[{"href":"https:\/\/derechosinfronteras.pe\/ingles\/wp-json\/wp\/v2\/posts"}],"about":[{"href":"https:\/\/derechosinfronteras.pe\/ingles\/wp-json\/wp\/v2\/types\/post"}],"author":[{"embeddable":true,"href":"https:\/\/derechosinfronteras.pe\/ingles\/wp-json\/wp\/v2\/users\/1"}],"replies":[{"embeddable":true,"href":"https:\/\/derechosinfronteras.pe\/ingles\/wp-json\/wp\/v2\/comments?post=4191"}],"version-history":[{"count":0,"href":"https:\/\/derechosinfronteras.pe\/ingles\/wp-json\/wp\/v2\/posts\/4191\/revisions"}],"wp:featuredmedia":[{"embeddable":true,"href":"https:\/\/derechosinfronteras.pe\/ingles\/wp-json\/wp\/v2\/media\/4192"}],"wp:attachment":[{"href":"https:\/\/derechosinfronteras.pe\/ingles\/wp-json\/wp\/v2\/media?parent=4191"}],"wp:term":[{"taxonomy":"category","embeddable":true,"href":"https:\/\/derechosinfronteras.pe\/ingles\/wp-json\/wp\/v2\/categories?post=4191"},{"taxonomy":"post_tag","embeddable":true,"href":"https:\/\/derechosinfronteras.pe\/ingles\/wp-json\/wp\/v2\/tags?post=4191"}],"curies":[{"name":"wp","href":"https:\/\/api.w.org\/{rel}","templated":true}]}}