{"id":4197,"date":"2019-12-09T16:13:19","date_gmt":"2019-12-09T21:13:19","guid":{"rendered":"http:\/\/derechosinfronteras.pe\/?p=5279"},"modified":"2019-12-09T16:13:19","modified_gmt":"2019-12-09T21:13:19","slug":"pronunciamiento-saludamos-sentencia-que-ordena-atencion-medica-para-comunidades-de-espinar-y-exigimos-inmediato-cumplimiento","status":"publish","type":"post","link":"https:\/\/derechosinfronteras.pe\/ingles\/pronunciamiento-saludamos-sentencia-que-ordena-atencion-medica-para-comunidades-de-espinar-y-exigimos-inmediato-cumplimiento\/","title":{"rendered":"[PRONUNCIAMIENTO] Saludamos sentencia que ordena atenci\u00f3n m\u00e9dica para comunidades de Espinar y exigimos inmediato cumplimiento"},"content":{"rendered":"<p>El Poder Judicial acaba de hacer p\u00fablica la sentencia del caso por contaminaci\u00f3n humana\u00a0en Espinar (Cusco). Casi cinco a\u00f1os despu\u00e9s, el titular del Juzgado Mixto y Penal\u00a0Liquidador de Espinar \u2013Edwin Cruz\u2013 ha ordenado al Estado peruano, en el plazo de\u00a0noventa d\u00edas, dise\u00f1ar e implementar una estrategia de salud p\u00fablica de emergencia para\u00a0la poblaci\u00f3n de la provincia cusque\u00f1a.<\/p>\n<p>Esta decisi\u00f3n es fruto de la demanda interpuesta en mayo de 2015 por la Comunidad\u00a0Campesina de Huisa, la Asociaci\u00f3n para la Defensa de Paccpaco, el Comit\u00e9 de Usuarios\u00a0de Agua Qquetara, el Frente de Defensa de Regantes de la Microcuenca Cca\u00f1ip\u00eda y la\u00a0Federaci\u00f3n Unificada de Campesinos de Espinar. Las organizaciones campesinas\u00a0contaron el patrocinio legal del <strong>Instituto de Defensa Legal, Derechos Humanos sin\u00a0Fronteras y CooperAcci\u00f3n<\/strong>, as\u00ed como con el asesoramiento t\u00e9cnico del m\u00e9dico Fernando\u00a0Osores. Esta acci\u00f3n legal estuvo dirigida contra el Ministerio de Salud, el Ministerio del\u00a0Ambiente, el Gobierno Regional de Cusco, la Direcci\u00f3n Regional de Salud de Cusco, la\u00a0Autoridad Nacional de Agua, entre otras instituciones p\u00fablicas.<\/p>\n<p>Ciertamente, miles de personas en Espinar conviven con niveles elevados de metales\u00a0pesados (plomo, ars\u00e9nico, cadmio, mercurio, entre otros) por encima de los l\u00edmites\u00a0m\u00e1ximos permisibles seg\u00fan la Organizaci\u00f3n Mundial de la Salud. Algunos metales,\u00a0incluso, son considerados cancer\u00edgenos e implican graves riesgos para la salud humana.\u00a0El Ministerio de Salud ha realizado estudios cl\u00ednicos en m\u00e1s de 700 personas que\u00a0comprueban la magnitud del problema, sin haber prestado atenci\u00f3n m\u00e9dica especializada\u00a0a la poblaci\u00f3n. Incluso, como hemos denunciado p\u00fablicamente, personas como la\u00a0campesina Margarita Ccahuana han fallecido durante los \u00faltimos a\u00f1os por causas<br \/>\nrelacionadas a la intoxicaci\u00f3n por metales como el cadmio.<\/p>\n<p>Por tales motivos, la sentencia resulta especialmente importante. En principio, porque\u00a0reconoce la violaci\u00f3n de los derechos de la poblaci\u00f3n campesina de Espinar a la vida, la\u00a0salud y la integridad f\u00edsica como resultado de la contaminaci\u00f3n del agua y los suelos.\u00a0Pero, adem\u00e1s, es enf\u00e1tica en se\u00f1alar que se han violado los derechos de la poblaci\u00f3n\u00a0durante los estudios realizados por el Ministerio de Salud en los a\u00f1os 2010 y 2013.<\/p>\n<p>En el caso del primer estudio, la vulneraci\u00f3n de derechos se produjo porque no se dio\u00a0atenci\u00f3n m\u00e9dica de forma inmediata a la poblaci\u00f3n ni se implementaron estrategias de\u00a0prevenci\u00f3n y seguimiento, y a\u00fan peor, no se entregaron los resultados a la poblaci\u00f3n\u00a0\u00a0muestreada sino hasta dos a\u00f1os despu\u00e9s, mediante documentos no firmados. En el caso\u00a0del segundo estudio, se determin\u00f3 la violaci\u00f3n del derecho de los afectados \u00aba consentir\u00a0libremente el tipo de an\u00e1lisis que se les va a hacer, ocult\u00e1ndoseles los resultados positivos\u00a0de 11 metales\u00bb (incluyendo algunos tan raros como el uranio y el molibdeno). Esta\u00a0situaci\u00f3n, indica el juez Cruz, demuestra una conducta ilegal y dolosa que constituye una\u00a0responsabilidad compartida por el Centro Nacional de Salud Ocupacional y Protecci\u00f3n\u00a0del Medio Ambiente para la Salud (Censopas) y el Gobierno Regional de Salud de Cusco.<\/p>\n<p>Finalmente, la sentencia considera probada la contaminaci\u00f3n del agua y los suelos de\u00a0Espinar, por lo que exige al Estado elaborar una estrategia de salud p\u00fablica de emergencia\u00a0sanitaria en el plazo de noventa d\u00edas, as\u00ed como un plan de acci\u00f3n que contenga programas\u00a0de vigilancia epidemiol\u00f3gica y sanitaria, y de monitoreo de la salubridad del agua. El juez\u00a0Cruz, adem\u00e1s, exige prestar atenci\u00f3n m\u00e9dica pertinente a la poblaci\u00f3n de Espinar, con especial atenci\u00f3n a ni\u00f1os, ni\u00f1as, madres gestantes y adultos mayores.<\/p>\n<p>Las organizaciones campesinas demandantes y las organizaciones de la sociedad civil que\u00a0suscribimos el presente pronunciamiento saludamos la sentencia y exigimos al Estado, en\u00a0todos sus niveles, darle cumplimiento inmediato. De igual manera, exigimos al Estado\u00a0adoptar acciones concretas para abordar los graves impactos a la salud de la poblaci\u00f3n de\u00a0Espinar, que desde hace m\u00e1s de 30 a\u00f1os viene soportando las consecuencias de una\u00a0explotaci\u00f3n minera irresponsable, que opera en un contexto de vulneraci\u00f3n sistem\u00e1tica\u00a0de derechos humanos.<\/p>\n<p>&nbsp;<\/p>\n<p style=\"text-align: center;\"><strong>Instituto de Defensa Legal, Derechos Humanos sin\u00a0Fronteras y CooperAcci\u00f3n<\/strong><\/p>\n<p style=\"text-align: right;\">Cusco y Lima, 6 de diciembre de 2019<\/p>","protected":false},"excerpt":{"rendered":"<p>El Poder Judicial acaba de hacer p\u00fablica la sentencia del caso por contaminaci\u00f3n humana\u00a0en Espinar (Cusco). Casi cinco a\u00f1os despu\u00e9s, el titular del Juzgado Mixto y Penal\u00a0Liquidador de Espinar \u2013Edwin Cruz\u2013 ha ordenado al Estado peruano, en el plazo de\u00a0noventa d\u00edas, dise\u00f1ar e implementar una estrategia de salud p\u00fablica de emergencia para\u00a0la poblaci\u00f3n de la [&hellip;]<\/p>\n","protected":false},"author":1,"featured_media":4198,"comment_status":"open","ping_status":"open","sticky":false,"template":"","format":"standard","meta":{"_monsterinsights_skip_tracking":false,"_monsterinsights_sitenote_active":false,"_monsterinsights_sitenote_note":"","_monsterinsights_sitenote_category":0,"_jetpack_memberships_contains_paid_content":false,"footnotes":"","jetpack_publicize_message":"","jetpack_publicize_feature_enabled":true,"jetpack_social_post_already_shared":false,"jetpack_social_options":{"image_generator_settings":{"template":"highway","default_image_id":0,"font":"","enabled":false},"version":2}},"categories":[1],"tags":[],"class_list":["post-4197","post","type-post","status-publish","format-standard","has-post-thumbnail","hentry","category-sin-categoria"],"blocksy_meta":[],"jetpack_publicize_connections":[],"jetpack_featured_media_url":"https:\/\/derechosinfronteras.pe\/wp-content\/uploads\/2018\/04\/decma-1.jpg","jetpack_sharing_enabled":true,"jetpack_likes_enabled":true,"_links":{"self":[{"href":"https:\/\/derechosinfronteras.pe\/ingles\/wp-json\/wp\/v2\/posts\/4197","targetHints":{"allow":["GET"]}}],"collection":[{"href":"https:\/\/derechosinfronteras.pe\/ingles\/wp-json\/wp\/v2\/posts"}],"about":[{"href":"https:\/\/derechosinfronteras.pe\/ingles\/wp-json\/wp\/v2\/types\/post"}],"author":[{"embeddable":true,"href":"https:\/\/derechosinfronteras.pe\/ingles\/wp-json\/wp\/v2\/users\/1"}],"replies":[{"embeddable":true,"href":"https:\/\/derechosinfronteras.pe\/ingles\/wp-json\/wp\/v2\/comments?post=4197"}],"version-history":[{"count":0,"href":"https:\/\/derechosinfronteras.pe\/ingles\/wp-json\/wp\/v2\/posts\/4197\/revisions"}],"wp:featuredmedia":[{"embeddable":true,"href":"https:\/\/derechosinfronteras.pe\/ingles\/wp-json\/wp\/v2\/media\/4198"}],"wp:attachment":[{"href":"https:\/\/derechosinfronteras.pe\/ingles\/wp-json\/wp\/v2\/media?parent=4197"}],"wp:term":[{"taxonomy":"category","embeddable":true,"href":"https:\/\/derechosinfronteras.pe\/ingles\/wp-json\/wp\/v2\/categories?post=4197"},{"taxonomy":"post_tag","embeddable":true,"href":"https:\/\/derechosinfronteras.pe\/ingles\/wp-json\/wp\/v2\/tags?post=4197"}],"curies":[{"name":"wp","href":"https:\/\/api.w.org\/{rel}","templated":true}]}}