{"id":4201,"date":"2019-11-20T12:02:34","date_gmt":"2019-11-20T17:02:34","guid":{"rendered":"http:\/\/derechosinfronteras.pe\/?p=5269"},"modified":"2019-11-20T12:02:34","modified_gmt":"2019-11-20T17:02:34","slug":"cusco-pcm-asegura-que-proyecto-minero-coroccohuayco-tendra-consulta-previa","status":"publish","type":"post","link":"https:\/\/derechosinfronteras.pe\/ingles\/cusco-pcm-asegura-que-proyecto-minero-coroccohuayco-tendra-consulta-previa\/","title":{"rendered":"Cusco: Proyecto minero Coroccohuayco tendr\u00e1 consulta previa"},"content":{"rendered":"<p>19 de Nov. Las 13 comunidades originarias afectadas- social y ambientalmente- por la explotaci\u00f3n minera de la empresa Glencore Antapaccay, en la provincia cusque\u00f1a de Espinar, sostuvieron una reuni\u00f3n con el Presidente del Consejo de Ministros \u2013 PCM, Vicente Zeballos, \u00a0en la comunidad de Tintaya Marquiri. La implementaci\u00f3n de la consulta previa, en un plazo de 30 d\u00edas, para la extensi\u00f3n del proyecto minero denominado Coroccohuayco, fue el principal acuerdo del espacio de di\u00e1logo.<\/p>\n<p>En la reuni\u00f3n estuvieron presentes tambi\u00e9n el Gobernador Regional Jean Paul Benavente Garc\u00eda; el Ministro de Energ\u00eda y Minas, Juan Carlos Liu Yonsen: el Viceministro de Salud Gustavo Rossel; \u00a0la Alta Comisionada de la PCM, Paola Bustamante; el Alcalde de Espinar Lolo Arenas Armend\u00e1riz; el Consejero Regional Felipe Pacuri; Alcaldes Distritales, Presidentes de las Comunidades Originarias de: Huano Huano, Cala Cala, Huisa, Pacopata, Tintaya Marquiri, Alto Huancan\u00e9, Suero y Cama, Huancan\u00e9 Bajo, Alto Huarca, Huarca, Anta Ccollana, Huisa Ccollana y Huini Coroccohuyaco.<\/p>\n<p>Los representantes de las comunidades originarias manifestaron sus expectativas, afectaciones ambientales, afectaciones en su salud por la presencia de metales t\u00f3xicos en sus cuerpos, y los incumplimientos de acuerdos y compromisos de parte del Estado y la empresa minera.<\/p>\n<p>Por su parte, el Ministerio de Energ\u00eda y Minas present\u00f3 el informe t\u00e9cnico legal que explica la decisi\u00f3n aprobatoria del proyecto minero Antapaccay \u2013 Expansi\u00f3n Tintaya. Sin embargo, los representantes comunales exigen \u00a0que el Estado reconozca la <strong>omisi\u00f3n de consulta previa<\/strong>. \u201cSe deja constancia de que el asunto de la omisi\u00f3n queda pendiente de ser resuelto\u201d dice textualmente en el acta de acuerdos.<\/p>\n<p>Otro de los acuerdos fue la conformaci\u00f3n un grupo de trabajo para dise\u00f1ar la implementaci\u00f3n de un <strong>Fondo de Emergencia Social<\/strong>, el que estar\u00e1 coordinado por el Gobernador Regional de Cusco. Este fondo tambi\u00e9n deber\u00eda servir tambi\u00e9n para la atenci\u00f3n integral de las personas que tienen metales t\u00f3xicos en el cuerpo.<\/p>\n<p>Finalmente, se acord\u00f3 conformar una <strong><em>comisi\u00f3n multisectorial<\/em><\/strong> para evaluar da\u00f1os ambientales y sociales en las comunidades originarias cuyo resultado permitir\u00e1 elaborar un Plan de Reparaciones.<\/p>\n<p><iframe src=\"https:\/\/www.facebook.com\/plugins\/video.php?href=https%3A%2F%2Fwww.facebook.com%2Fderechossinfronteras.pe%2Fvideos%2F329225011100347%2F&#038;show_text=0&#038;width=560\" width=\"560\" height=\"315\" style=\"border:none;overflow:hidden\" scrolling=\"no\" frameborder=\"0\" allowtransparency=\"true\" allowfullscreen=\"true\"><\/iframe>&nbsp;<\/p>","protected":false},"excerpt":{"rendered":"<p>19 de Nov. Las 13 comunidades originarias afectadas- social y ambientalmente- por la explotaci\u00f3n minera de la empresa Glencore Antapaccay, en la provincia cusque\u00f1a de Espinar, sostuvieron una reuni\u00f3n con el Presidente del Consejo de Ministros \u2013 PCM, Vicente Zeballos, \u00a0en la comunidad de Tintaya Marquiri. La implementaci\u00f3n de la consulta previa, en un plazo [&hellip;]<\/p>\n","protected":false},"author":1,"featured_media":4202,"comment_status":"open","ping_status":"open","sticky":false,"template":"","format":"standard","meta":{"_monsterinsights_skip_tracking":false,"_monsterinsights_sitenote_active":false,"_monsterinsights_sitenote_note":"","_monsterinsights_sitenote_category":0,"_jetpack_memberships_contains_paid_content":false,"footnotes":"","jetpack_publicize_message":"","jetpack_publicize_feature_enabled":true,"jetpack_social_post_already_shared":false,"jetpack_social_options":{"image_generator_settings":{"template":"highway","default_image_id":0,"font":"","enabled":false},"version":2}},"categories":[1],"tags":[],"class_list":["post-4201","post","type-post","status-publish","format-standard","has-post-thumbnail","hentry","category-sin-categoria"],"blocksy_meta":[],"jetpack_publicize_connections":[],"jetpack_featured_media_url":"https:\/\/derechosinfronteras.pe\/wp-content\/uploads\/2019\/11\/Espinar2.jpg","jetpack_sharing_enabled":true,"jetpack_likes_enabled":true,"_links":{"self":[{"href":"https:\/\/derechosinfronteras.pe\/ingles\/wp-json\/wp\/v2\/posts\/4201","targetHints":{"allow":["GET"]}}],"collection":[{"href":"https:\/\/derechosinfronteras.pe\/ingles\/wp-json\/wp\/v2\/posts"}],"about":[{"href":"https:\/\/derechosinfronteras.pe\/ingles\/wp-json\/wp\/v2\/types\/post"}],"author":[{"embeddable":true,"href":"https:\/\/derechosinfronteras.pe\/ingles\/wp-json\/wp\/v2\/users\/1"}],"replies":[{"embeddable":true,"href":"https:\/\/derechosinfronteras.pe\/ingles\/wp-json\/wp\/v2\/comments?post=4201"}],"version-history":[{"count":0,"href":"https:\/\/derechosinfronteras.pe\/ingles\/wp-json\/wp\/v2\/posts\/4201\/revisions"}],"wp:featuredmedia":[{"embeddable":true,"href":"https:\/\/derechosinfronteras.pe\/ingles\/wp-json\/wp\/v2\/media\/4202"}],"wp:attachment":[{"href":"https:\/\/derechosinfronteras.pe\/ingles\/wp-json\/wp\/v2\/media?parent=4201"}],"wp:term":[{"taxonomy":"category","embeddable":true,"href":"https:\/\/derechosinfronteras.pe\/ingles\/wp-json\/wp\/v2\/categories?post=4201"},{"taxonomy":"post_tag","embeddable":true,"href":"https:\/\/derechosinfronteras.pe\/ingles\/wp-json\/wp\/v2\/tags?post=4201"}],"curies":[{"name":"wp","href":"https:\/\/api.w.org\/{rel}","templated":true}]}}