{"id":4205,"date":"2019-11-12T11:01:06","date_gmt":"2019-11-12T16:01:06","guid":{"rendered":"http:\/\/derechosinfronteras.pe\/?p=5257"},"modified":"2019-11-12T11:01:06","modified_gmt":"2019-11-12T16:01:06","slug":"cusco-comunidades-indigenas-inician-protestas-en-contra-de-la-mineria","status":"publish","type":"post","link":"https:\/\/derechosinfronteras.pe\/ingles\/cusco-comunidades-indigenas-inician-protestas-en-contra-de-la-mineria\/","title":{"rendered":"Cusco: Comunidades originarias de Espinar inician protestas en contra de la miner\u00eda"},"content":{"rendered":"<p>12 de nov. Desde la medianoche de hoy, trece comunidades originarias de la provincia cusque\u00f1a de Espinar, que se ver\u00edan afectadas por el Proyecto Minero Antapaccay\u2013 Expansi\u00f3n Tintaya \u2013 Integraci\u00f3n Coroccohuayco de la transnacional \u2018Glencore Antapaccay\u2019, iniciaron un paro indefinido exigiendo al Estado haga valer su derecho a consulta previa. Se reportan bloqueos en varios puntos del corredor minero del sur en la zona de Espinar.<\/p>\n<p>\u2018Desde las cero horas de hoy hemos iniciado el levantamiento de las Comunidades Originarias de Espinar en defensa de la Consulta Previa. Hemos intentado por m\u00e1s de ocho meses que el Estado atienda nuestras justas demandas, a trav\u00e9s de la v\u00eda del di\u00e1logo, sin obtener respuestas a las mismas.\u2019 Se\u00f1al\u00f3, a trav\u00e9s de radios locales, Flavio Huanqque, vocero de la Asamblea Multicomunal por la Consulta Previa en Espinar<\/p>\n<p>Por otro lado, las comunidades, que desde marzo del presente a\u00f1o iniciaron un proceso de articulaci\u00f3n para exigir se respeten sus derechos, emitieron un pronunciamiento que se hizo p\u00fablico ayer. En el documento cuestionan que desde el Gobierno no se priorice el di\u00e1logo, y que hist\u00f3ricamente se les ha impuesto la miner\u00eda.<\/p>\n<p>\u2018Desde hace m\u00e1s de 38 a\u00f1os, las Comunidades Originarias de Espinar venimos soportando los efectos de las operaciones mineras que se nos ha impuesto desde el Estado Peruano y que impunemente ha venido destruyendo nuestros territorios y recursos al extremo de poner en riesgo nuestras propias vidas\u2019. Cita textualmente el pronunciamiento.<\/p>\n<p>Las comunidades en protesta, denuncian que han participado en espacios de di\u00e1logo tanto con el Estado como con la empresa minera Antapaccay, con el objetivo de pactar acuerdos a favor del medio ambiente, su territorio y respetar su derecho a consulta previa como pueblos ind\u00edgenas, sin embargo no han obtenido respuestas a sus pedidos.<\/p>\n<p><strong>Principales demandas <\/strong><\/p>\n<p>El pasado 08 de noviembre, los dirigentes comunales tuvieron una reuni\u00f3n con altos comisionados del Estado, pero no llegaron a ning\u00fan acuerdo, debido a la insistencia de los funcionarios para que este tema lo vea el Ministerio de Energ\u00eda y Minas, por ello exigen un di\u00e1logo directo con el Presidente de la Rep\u00fablica, Mart\u00edn Vizcarra y el Primer Ministro, Vicente Zeballos, sobre todo para evitar se les quite sus tierras y sean reasentados en otra zona.<\/p>\n<p>Respecto a la omisi\u00f3n a la consulta previa del proyecto Antapaccay (primera extensi\u00f3n), exigen que el Estado asuma las responsabilidades por la vulneraci\u00f3n de derechos, implementando un plan de reparaciones para las comunidades afectadas. Sobre el proyecto Coroccohuayco (segunda extensi\u00f3n), exigen que se identifique los da\u00f1os causado en la etapa de exploraci\u00f3n y otros que se vienen causando en territorio de las comunidades.<\/p>\n<p>Finalmente, exhortan a la empresa minera a dialogar con las comunidades respecto a los incumplimientos de los acuerdos suscritos.<\/p>\n<p><strong>Datos:<\/strong><\/p>\n<p>*La PCM, a trav\u00e9s del Viceministro de Gobernanza Territorial, Ra\u00fal Molina Martinez, envi\u00f3 una carta a Flavio Huanqque, solicitando retomar el di\u00e1logo el 18 de noviembre del presente a\u00f1o.<\/p>\n<p>&nbsp;<\/p>\n<p>&nbsp;<\/p>\n<p>&nbsp;<\/p>","protected":false},"excerpt":{"rendered":"<p>12 de nov. Desde la medianoche de hoy, trece comunidades originarias de la provincia cusque\u00f1a de Espinar, que se ver\u00edan afectadas por el Proyecto Minero Antapaccay\u2013 Expansi\u00f3n Tintaya \u2013 Integraci\u00f3n Coroccohuayco de la transnacional \u2018Glencore Antapaccay\u2019, iniciaron un paro indefinido exigiendo al Estado haga valer su derecho a consulta previa. Se reportan bloqueos en varios [&hellip;]<\/p>\n","protected":false},"author":1,"featured_media":4206,"comment_status":"open","ping_status":"open","sticky":false,"template":"","format":"standard","meta":{"_monsterinsights_skip_tracking":false,"_monsterinsights_sitenote_active":false,"_monsterinsights_sitenote_note":"","_monsterinsights_sitenote_category":0,"_jetpack_memberships_contains_paid_content":false,"footnotes":"","jetpack_publicize_message":"","jetpack_publicize_feature_enabled":true,"jetpack_social_post_already_shared":false,"jetpack_social_options":{"image_generator_settings":{"template":"highway","default_image_id":0,"font":"","enabled":false},"version":2}},"categories":[1],"tags":[],"class_list":["post-4205","post","type-post","status-publish","format-standard","has-post-thumbnail","hentry","category-sin-categoria"],"blocksy_meta":[],"jetpack_publicize_connections":[],"jetpack_featured_media_url":"https:\/\/derechosinfronteras.pe\/wp-content\/uploads\/2019\/11\/Espinar.jpg","jetpack_sharing_enabled":true,"jetpack_likes_enabled":true,"_links":{"self":[{"href":"https:\/\/derechosinfronteras.pe\/ingles\/wp-json\/wp\/v2\/posts\/4205","targetHints":{"allow":["GET"]}}],"collection":[{"href":"https:\/\/derechosinfronteras.pe\/ingles\/wp-json\/wp\/v2\/posts"}],"about":[{"href":"https:\/\/derechosinfronteras.pe\/ingles\/wp-json\/wp\/v2\/types\/post"}],"author":[{"embeddable":true,"href":"https:\/\/derechosinfronteras.pe\/ingles\/wp-json\/wp\/v2\/users\/1"}],"replies":[{"embeddable":true,"href":"https:\/\/derechosinfronteras.pe\/ingles\/wp-json\/wp\/v2\/comments?post=4205"}],"version-history":[{"count":0,"href":"https:\/\/derechosinfronteras.pe\/ingles\/wp-json\/wp\/v2\/posts\/4205\/revisions"}],"wp:featuredmedia":[{"embeddable":true,"href":"https:\/\/derechosinfronteras.pe\/ingles\/wp-json\/wp\/v2\/media\/4206"}],"wp:attachment":[{"href":"https:\/\/derechosinfronteras.pe\/ingles\/wp-json\/wp\/v2\/media?parent=4205"}],"wp:term":[{"taxonomy":"category","embeddable":true,"href":"https:\/\/derechosinfronteras.pe\/ingles\/wp-json\/wp\/v2\/categories?post=4205"},{"taxonomy":"post_tag","embeddable":true,"href":"https:\/\/derechosinfronteras.pe\/ingles\/wp-json\/wp\/v2\/tags?post=4205"}],"curies":[{"name":"wp","href":"https:\/\/api.w.org\/{rel}","templated":true}]}}