{"id":4207,"date":"2019-11-08T20:08:46","date_gmt":"2019-11-09T01:08:46","guid":{"rendered":"http:\/\/derechosinfronteras.pe\/?p=5250"},"modified":"2023-12-28T20:48:32","modified_gmt":"2023-12-29T01:48:32","slug":"espinar-inicia-proceso-de-articulacion-para-planificar-atencion-a-personas-con-metales-toxicos","status":"publish","type":"post","link":"https:\/\/derechosinfronteras.pe\/ingles\/espinar-inicia-proceso-de-articulacion-para-planificar-atencion-a-personas-con-metales-toxicos\/","title":{"rendered":"Espinar: Inicia proceso de articulaci\u00f3n para planificar atenci\u00f3n a personas con metales t\u00f3xicos"},"content":{"rendered":"<p>El 08 de noviembre del presente a\u00f1o, se llev\u00f3 a cabo la primera reuni\u00f3n ampliada entre representantes de la DIRESA Cusco, Red de Salud Canas Canchis Espinar, Hospital y Asociaci\u00f3n Comunidad Local de Administraci\u00f3n de Salud (CLAS Espinar), representantes de la Gerencia de Medio Ambiente de la Municipalidad Provincial de Espinar, Derechos Humanos Sin Fronteras, comunidades campesinas de Huarca, Alto Huancan\u00e9, Huisa, Bajo Huancan\u00e9, Huisa Ccollana, Asociaci\u00f3n de Mujeres Defensoras del Territorio y Cultura K\u2019ana, entre otros. El principal motivo del espacio de articulaci\u00f3n es la atenci\u00f3n que se realizar\u00e1 del 18 al 22 de noviembre en Espinar como parte del Plan de Acci\u00f3n de Salud Integral para la poblaci\u00f3n en riesgo a metales pesados y metaloides en las provincias de Espinar, Chumbivilcas y La Convenci\u00f3n.<\/p>\n\n\n\n<p>Cabe se\u00f1alar que la DIRESA Cusco socializ\u00f3 el plan de atenci\u00f3n en menci\u00f3n, &nbsp;indicando que se viene trabajando coordinadamente con DHSF y comuneros interesados de las zonas de influencia directa del proyecto minero Antapaccay. \u201cEl d\u00eda 17 de noviembre el personal m\u00e9dico de 9 especialidades, urolog\u00eda, dermatolog\u00eda, neurolog\u00eda, ginecolog\u00eda, nefrolog\u00eda, entre otros, llegar\u00e1n desde Lima para instalarse en la provincia y poder iniciar la atenci\u00f3n desde el 18 hasta el 22 de noviembre\u201d, manifest\u00f3 la Lic. Karen Choque, responsable de la estrategia regional para metales pesados de la DIRESA Cusco.<\/p>\n\n\n\n<p>Sin embargo, las y los comuneros que participaron en la reuni\u00f3n, indicaron que en el pasado las atenciones no hab\u00edan sido de prioridad para las comunidades afectadas ubicadas en el entorno minero. \u2018En agosto que tambi\u00e9n hubo atenci\u00f3n, vimos con mucha pena que nuestros hermanos de comunidades se regresaron porque no ten\u00edan SIS y no se les dio prioridad para atenderlos\u2019 se\u00f1al\u00f3 Carmen Chambi, vocera de Espinar en la Plataforma Nacional de Afectados por metales T\u00f3xicos. Adem\u00e1s, los comuneros manifestaron que \u2018ya est\u00e1n cansados\u2019 de que solo se les proporcione paracetamol, sabiendo que sus problemas de salud son de gran complejidad.<\/p>\n\n\n\n<p>Por otro lado, los comuneros evidenciaron que la mayor\u00eda de personas afectadas por metales t\u00f3xicos viven en comunidades campesinas, y es dif\u00edcil (econ\u00f3mica y geogr\u00e1ficamente) trasladarse hasta el Hospital de Yauri (donde ser\u00e1 la atenci\u00f3n), por ello solicitaron apoyo, principalmente para el traslado de&nbsp; adultos mayores, exigiendo que el personal de salud tenga especial atenci\u00f3n con ellos.<\/p>\n\n\n\n<p>En base a todas estas observaciones y preocupaciones planteadas desde las comunidades campesinas, las instancias presentes se han comprometido a mejorar la atenci\u00f3n en salud y que ello se enmarca en los siguientes acuerdos:<\/p>\n\n\n\n<ol class=\"wp-block-list\">\n<li>La Municipalidad Provincial de Espinar, a partir de la Gerencia de Gesti\u00f3n Ambiental y Recursos Naturales, pondr\u00e1 a disposici\u00f3n 01 movilidad que apoye en el traslado de comuneras\/os que no puedan viajar hasta Yauri. Mientras que la Gerencia de Desarrollo Social brindara carpas, sillas y alimentaci\u00f3n durante el proceso de atenci\u00f3n.<\/li>\n\n\n\n<li>Con respecto a las malas atenciones que pudieron darse en el pasado, la DIRESA ratifica su compromiso de mejorar la atenci\u00f3n desde el equipo que acompa\u00f1e este proceso. As\u00ed mismo la DIRESA se compromete en remitir al MINSA la relaci\u00f3n de personas que no cuenten con SIS y que se encuentren expuestos a su salud por metales pesados, para que as\u00ed puedan recibir la atenci\u00f3n gratuita completa.<\/li>\n\n\n\n<li>La Red de salud Canas Canchis Espinar, Hospital de Espinar, Microred y CLAS Espinar se compromete en operativizar la atenci\u00f3n garantizando todo el recurso humano necesario.<\/li>\n\n\n\n<li>DHSF se compromete a capacitar y promover la participaci\u00f3n de traductores e int\u00e9rpretes quechuas que acompa\u00f1en los d\u00edas de atenci\u00f3n en salud.<\/li>\n\n\n\n<li>Finalmente, las comunidades campesinas se comprometen a socializar estos acuerdos en sus bases para garantizar la atenci\u00f3n de sus comuneras\/os los d\u00edas programados. As\u00ed mismo registrar a las personas que requieren urgente atenci\u00f3n de salud para que puedan gestionar su ingreso al SIS.<\/li>\n<\/ol>\n\n\n\n<p>Desde Derechos Humanos Sin Fronteras creemos que es importante resaltar este tipo de acuerdos, que involucran a todos los actores sociales e institucionales, pues permitir\u00e1n garantizar la salud de las comunidades campesinas que desde hace muchos a\u00f1os exigen atenci\u00f3n de calidad.<\/p>","protected":false},"excerpt":{"rendered":"<p>El 08 de noviembre del presente a\u00f1o, se llev\u00f3 a cabo la primera reuni\u00f3n ampliada entre representantes de la DIRESA Cusco, Red de Salud Canas Canchis Espinar, Hospital y Asociaci\u00f3n Comunidad Local de Administraci\u00f3n de Salud (CLAS Espinar), representantes de la Gerencia de Medio Ambiente de la Municipalidad Provincial de Espinar, Derechos Humanos Sin Fronteras, [&hellip;]<\/p>\n","protected":false},"author":1,"featured_media":4208,"comment_status":"open","ping_status":"open","sticky":false,"template":"","format":"standard","meta":{"_monsterinsights_skip_tracking":false,"_monsterinsights_sitenote_active":false,"_monsterinsights_sitenote_note":"","_monsterinsights_sitenote_category":0,"_jetpack_memberships_contains_paid_content":false,"footnotes":"","jetpack_publicize_message":"","jetpack_publicize_feature_enabled":true,"jetpack_social_post_already_shared":false,"jetpack_social_options":{"image_generator_settings":{"template":"highway","default_image_id":0,"font":"","enabled":false},"version":2}},"categories":[1],"tags":[],"class_list":["post-4207","post","type-post","status-publish","format-standard","has-post-thumbnail","hentry","category-sin-categoria"],"blocksy_meta":[],"jetpack_publicize_connections":[],"jetpack_featured_media_url":"https:\/\/derechosinfronteras.pe\/wp-content\/uploads\/2019\/11\/WhatsApp-Image-2019-11-08-at-4.09.46-PM.jpeg","jetpack_sharing_enabled":true,"jetpack_likes_enabled":true,"_links":{"self":[{"href":"https:\/\/derechosinfronteras.pe\/ingles\/wp-json\/wp\/v2\/posts\/4207","targetHints":{"allow":["GET"]}}],"collection":[{"href":"https:\/\/derechosinfronteras.pe\/ingles\/wp-json\/wp\/v2\/posts"}],"about":[{"href":"https:\/\/derechosinfronteras.pe\/ingles\/wp-json\/wp\/v2\/types\/post"}],"author":[{"embeddable":true,"href":"https:\/\/derechosinfronteras.pe\/ingles\/wp-json\/wp\/v2\/users\/1"}],"replies":[{"embeddable":true,"href":"https:\/\/derechosinfronteras.pe\/ingles\/wp-json\/wp\/v2\/comments?post=4207"}],"version-history":[{"count":3,"href":"https:\/\/derechosinfronteras.pe\/ingles\/wp-json\/wp\/v2\/posts\/4207\/revisions"}],"predecessor-version":[{"id":7075,"href":"https:\/\/derechosinfronteras.pe\/ingles\/wp-json\/wp\/v2\/posts\/4207\/revisions\/7075"}],"wp:featuredmedia":[{"embeddable":true,"href":"https:\/\/derechosinfronteras.pe\/ingles\/wp-json\/wp\/v2\/media\/4208"}],"wp:attachment":[{"href":"https:\/\/derechosinfronteras.pe\/ingles\/wp-json\/wp\/v2\/media?parent=4207"}],"wp:term":[{"taxonomy":"category","embeddable":true,"href":"https:\/\/derechosinfronteras.pe\/ingles\/wp-json\/wp\/v2\/categories?post=4207"},{"taxonomy":"post_tag","embeddable":true,"href":"https:\/\/derechosinfronteras.pe\/ingles\/wp-json\/wp\/v2\/tags?post=4207"}],"curies":[{"name":"wp","href":"https:\/\/api.w.org\/{rel}","templated":true}]}}