{"id":4209,"date":"2019-11-07T19:23:41","date_gmt":"2019-11-08T00:23:41","guid":{"rendered":"http:\/\/derechosinfronteras.pe\/?p=5243"},"modified":"2019-11-07T19:23:41","modified_gmt":"2019-11-08T00:23:41","slug":"cusco-oefa-supervisa-derrame-de-minerales-ocasionado-por-la-volcadura-de-un-camion-encapsulado-de-la-empresa-mmg-las-bambas","status":"publish","type":"post","link":"https:\/\/derechosinfronteras.pe\/ingles\/cusco-oefa-supervisa-derrame-de-minerales-ocasionado-por-la-volcadura-de-un-camion-encapsulado-de-la-empresa-mmg-las-bambas\/","title":{"rendered":"Cusco: OEFA supervisa derrame ocasionado por la volcadura de cami\u00f3n encapsulado en el corredor minero del sur"},"content":{"rendered":"<p>07 de noviembre. Al promediar las 11:20 de la ma\u00f1ana, un veh\u00edculo encapsulado con placa de rodaje ANS844\/ TDA 980, de propiedad de la empresa SERVOSA CARGO S.A.C. y que transporta material de la empresa minera MMG Las Bambas, sufri\u00f3 un accidente en la v\u00eda\u00a0Huininquiri, en el centro poblado de Wincho (distrito de Colquemarca, provincia de\u00a0Chumbivilcas &#8211; Cusco); a consecuencia de ello, se ha vertido\u00a0concentrado de mineral sobre el suelo, en cantidad que a\u00fan no se ha podido determinar.<\/p>\n<p>Actualmente, el chofer del veh\u00edculo, que no ha sufrido da\u00f1os graves, se viene atendiendo en el centro de salud del distrito de Velille. Las causas del incidente a\u00fan se encuentran en investigaci\u00f3n.<\/p>\n<p>El Organismo de Evaluaci\u00f3n y Fiscalizaci\u00f3n Ambiental (OEFA) inici\u00f3 la supervisi\u00f3n ante el derrame de minerales.\u00a0La supervisi\u00f3n que realiza el OEFA permitir\u00e1 determinar las causas de la emergencia ambiental, la responsabilidad de los hechos y el impacto generado.<\/p>\n<p>Adem\u00e1s, se verificar\u00e1 la implementaci\u00f3n del Plan de Contingencia por parte de la empresa responsable, as\u00ed como las acciones de contenci\u00f3n y limpieza de la zona afectada.<\/p>\n<p>&nbsp;<\/p>\n<p style=\"text-align: right;\">O<\/p>","protected":false},"excerpt":{"rendered":"<p>07 de noviembre. Al promediar las 11:20 de la ma\u00f1ana, un veh\u00edculo encapsulado con placa de rodaje ANS844\/ TDA 980, de propiedad de la empresa SERVOSA CARGO S.A.C. y que transporta material de la empresa minera MMG Las Bambas, sufri\u00f3 un accidente en la v\u00eda\u00a0Huininquiri, en el centro poblado de Wincho (distrito de Colquemarca, provincia [&hellip;]<\/p>\n","protected":false},"author":1,"featured_media":4210,"comment_status":"open","ping_status":"open","sticky":false,"template":"","format":"standard","meta":{"_monsterinsights_skip_tracking":false,"_monsterinsights_sitenote_active":false,"_monsterinsights_sitenote_note":"","_monsterinsights_sitenote_category":0,"_jetpack_memberships_contains_paid_content":false,"footnotes":"","jetpack_publicize_message":"","jetpack_publicize_feature_enabled":true,"jetpack_social_post_already_shared":false,"jetpack_social_options":{"image_generator_settings":{"template":"highway","default_image_id":0,"font":"","enabled":false},"version":2}},"categories":[1],"tags":[],"class_list":["post-4209","post","type-post","status-publish","format-standard","has-post-thumbnail","hentry","category-sin-categoria"],"blocksy_meta":[],"jetpack_publicize_connections":[],"jetpack_featured_media_url":"https:\/\/derechosinfronteras.pe\/wp-content\/uploads\/2019\/11\/73342841_1443480505799954_8001972089076580352_n.jpg","jetpack_sharing_enabled":true,"jetpack_likes_enabled":true,"_links":{"self":[{"href":"https:\/\/derechosinfronteras.pe\/ingles\/wp-json\/wp\/v2\/posts\/4209","targetHints":{"allow":["GET"]}}],"collection":[{"href":"https:\/\/derechosinfronteras.pe\/ingles\/wp-json\/wp\/v2\/posts"}],"about":[{"href":"https:\/\/derechosinfronteras.pe\/ingles\/wp-json\/wp\/v2\/types\/post"}],"author":[{"embeddable":true,"href":"https:\/\/derechosinfronteras.pe\/ingles\/wp-json\/wp\/v2\/users\/1"}],"replies":[{"embeddable":true,"href":"https:\/\/derechosinfronteras.pe\/ingles\/wp-json\/wp\/v2\/comments?post=4209"}],"version-history":[{"count":0,"href":"https:\/\/derechosinfronteras.pe\/ingles\/wp-json\/wp\/v2\/posts\/4209\/revisions"}],"wp:featuredmedia":[{"embeddable":true,"href":"https:\/\/derechosinfronteras.pe\/ingles\/wp-json\/wp\/v2\/media\/4210"}],"wp:attachment":[{"href":"https:\/\/derechosinfronteras.pe\/ingles\/wp-json\/wp\/v2\/media?parent=4209"}],"wp:term":[{"taxonomy":"category","embeddable":true,"href":"https:\/\/derechosinfronteras.pe\/ingles\/wp-json\/wp\/v2\/categories?post=4209"},{"taxonomy":"post_tag","embeddable":true,"href":"https:\/\/derechosinfronteras.pe\/ingles\/wp-json\/wp\/v2\/tags?post=4209"}],"curies":[{"name":"wp","href":"https:\/\/api.w.org\/{rel}","templated":true}]}}