{"id":4213,"date":"2019-10-30T18:14:23","date_gmt":"2019-10-30T23:14:23","guid":{"rendered":"http:\/\/derechosinfronteras.pe\/?p=5224"},"modified":"2019-10-30T18:14:23","modified_gmt":"2019-10-30T23:14:23","slug":"corredor-minero-del-sur-chumbivilcas-rechaza-alta-comisionada-de-la-pcm","status":"publish","type":"post","link":"https:\/\/derechosinfronteras.pe\/ingles\/corredor-minero-del-sur-chumbivilcas-rechaza-alta-comisionada-de-la-pcm\/","title":{"rendered":"Corredor Minero del Sur: Chumbivilcas rechaza Alta Comisionada de la PCM"},"content":{"rendered":"<p><strong>EL FRENTE \u00daNICO DE DEFENSA DE LA PROVINCIA DE CHUMBIVILCAS FUDIPCH, comit\u00e9 de lucha, los frentes de defensa de los distritos, las organizaciones sociales, las comunidades campesinas que se encuentran en la huelga indefinida nos pronunciamos a la opini\u00f3n p\u00fablica.<\/strong><\/p>\n<p><strong>PRIMERO: <\/strong>Rechazamos la supuesta Alta Comisionada del Estado Peruano en vista de que la reuni\u00f3n del d\u00eda hoy 29 de octubre, en el gobierno regional fue entre los alcaldes, la asesora del MTC Paola Bustamante y el viceministro de Gobernanza territorial Ra\u00fal Molina, m\u00e1s no fue con los presidentes de las comunidades campesinas que, est\u00e1n en medida de lucha, ni mucho menos con los frentes de defensa es por lo cual rechazamos la mesa mecedora del estado.<\/p>\n<p><strong>SEGUNDO: <\/strong>Exigimos la derogatoria de <strong>D.S. 169-2019-PCM<\/strong> que considera de emergencia en el corredor minero de la <strong>MINERA LAS BAMBAS<\/strong>, vulnerando los derechos de las comunidades campesinas.<\/p>\n<p><strong>TERCERO: \u00a0<\/strong>Exigimos la presencia del <strong>PRMIER<\/strong> y el <strong>MINISTRO DE TRANSPORTES Y COMUNICACIONES<\/strong> a solucionar los problemas de las comunidades campesinas en el corredor de Chumbivilcas.<\/p>\n<p style=\"text-align: center;\"><strong>\u00a1\u00a1Abajo la criminalizaci\u00f3n de protestas!!<\/strong><\/p>\n<p style=\"text-align: center;\"><strong>\u00a1\u00a1Exigimos la derogatoria del D.S. 169-PCM-2019!!<\/strong><\/p>\n<p style=\"text-align: center;\"><strong>\u00a1\u00a1Viva las comunidades campesinas de Chumbivilcas!!<\/strong><\/p>\n<p><img fetchpriority=\"high\" decoding=\"async\" class=\"aligncenter size-large wp-image-5225\" src=\"http:\/\/derechosinfronteras.pe\/wp-content\/uploads\/2019\/10\/WhatsApp-Image-2019-10-30-at-5.51.50-PM-576x1024.jpeg\" alt=\"\" width=\"576\" height=\"1024\" \/><\/p>\n<p><iframe style=\"border: none; overflow: hidden;\" src=\"https:\/\/www.facebook.com\/plugins\/video.php?href=https%3A%2F%2Fwww.facebook.com%2Fderechossinfronteras.pe%2Fvideos%2F417815455568021%2F&amp;show_text=0&amp;width=560\" width=\"560\" height=\"315\" frameborder=\"0\" scrolling=\"no\" allowfullscreen=\"allowfullscreen\"><\/iframe><\/p>","protected":false},"excerpt":{"rendered":"<p>EL FRENTE \u00daNICO DE DEFENSA DE LA PROVINCIA DE CHUMBIVILCAS FUDIPCH, comit\u00e9 de lucha, los frentes de defensa de los distritos, las organizaciones sociales, las comunidades campesinas que se encuentran en la huelga indefinida nos pronunciamos a la opini\u00f3n p\u00fablica. PRIMERO: Rechazamos la supuesta Alta Comisionada del Estado Peruano en vista de que la reuni\u00f3n [&hellip;]<\/p>\n","protected":false},"author":1,"featured_media":4214,"comment_status":"open","ping_status":"open","sticky":false,"template":"","format":"standard","meta":{"_monsterinsights_skip_tracking":false,"_monsterinsights_sitenote_active":false,"_monsterinsights_sitenote_note":"","_monsterinsights_sitenote_category":0,"_jetpack_memberships_contains_paid_content":false,"footnotes":"","jetpack_publicize_message":"","jetpack_publicize_feature_enabled":true,"jetpack_social_post_already_shared":false,"jetpack_social_options":{"image_generator_settings":{"template":"highway","default_image_id":0,"font":"","enabled":false},"version":2}},"categories":[1],"tags":[],"class_list":["post-4213","post","type-post","status-publish","format-standard","has-post-thumbnail","hentry","category-sin-categoria"],"blocksy_meta":[],"jetpack_publicize_connections":[],"jetpack_featured_media_url":"https:\/\/derechosinfronteras.pe\/wp-content\/uploads\/2019\/10\/Frente-de-Defensa.jpg","jetpack_sharing_enabled":true,"jetpack_likes_enabled":true,"_links":{"self":[{"href":"https:\/\/derechosinfronteras.pe\/ingles\/wp-json\/wp\/v2\/posts\/4213","targetHints":{"allow":["GET"]}}],"collection":[{"href":"https:\/\/derechosinfronteras.pe\/ingles\/wp-json\/wp\/v2\/posts"}],"about":[{"href":"https:\/\/derechosinfronteras.pe\/ingles\/wp-json\/wp\/v2\/types\/post"}],"author":[{"embeddable":true,"href":"https:\/\/derechosinfronteras.pe\/ingles\/wp-json\/wp\/v2\/users\/1"}],"replies":[{"embeddable":true,"href":"https:\/\/derechosinfronteras.pe\/ingles\/wp-json\/wp\/v2\/comments?post=4213"}],"version-history":[{"count":0,"href":"https:\/\/derechosinfronteras.pe\/ingles\/wp-json\/wp\/v2\/posts\/4213\/revisions"}],"wp:featuredmedia":[{"embeddable":true,"href":"https:\/\/derechosinfronteras.pe\/ingles\/wp-json\/wp\/v2\/media\/4214"}],"wp:attachment":[{"href":"https:\/\/derechosinfronteras.pe\/ingles\/wp-json\/wp\/v2\/media?parent=4213"}],"wp:term":[{"taxonomy":"category","embeddable":true,"href":"https:\/\/derechosinfronteras.pe\/ingles\/wp-json\/wp\/v2\/categories?post=4213"},{"taxonomy":"post_tag","embeddable":true,"href":"https:\/\/derechosinfronteras.pe\/ingles\/wp-json\/wp\/v2\/tags?post=4213"}],"curies":[{"name":"wp","href":"https:\/\/api.w.org\/{rel}","templated":true}]}}