{"id":4215,"date":"2019-10-30T18:13:41","date_gmt":"2019-10-30T23:13:41","guid":{"rendered":"http:\/\/derechosinfronteras.pe\/?p=5223"},"modified":"2019-10-30T18:13:41","modified_gmt":"2019-10-30T23:13:41","slug":"corredor-minero-del-sur-alcaldes-tienen-mision-de-abrir-dialogo-en-chumbivilcas","status":"publish","type":"post","link":"https:\/\/derechosinfronteras.pe\/ingles\/corredor-minero-del-sur-alcaldes-tienen-mision-de-abrir-dialogo-en-chumbivilcas\/","title":{"rendered":"Corredor Minero del Sur: Alcaldes tienen misi\u00f3n de abrir di\u00e1logo en Chumbivilcas"},"content":{"rendered":"<p class=\"\">El lunes se define si habr\u00e1 di\u00e1logo entre el Gobierno nacional y los campesinos de la provincia cusque\u00f1a de Chumbivilcas. Una docena de comunidades de los distritos de Colquemarca, Velille y Ccapacmarca cumplen una\u00a0<b>huelga indefinida\u00a0<\/b>desde el 22 de septiembre pasado. Exigen la suspensi\u00f3n, en forma definitiva, del paso de camiones de la minera MMG Limited, due\u00f1a de la mina Las Bambas.<\/p>\n<p class=\"\">Ayer los alcaldes distritales y el provincial de Chumbivilcas se reunieron con una comitiva de la Presidencia del Consejo de Ministros (PCM). Se comprometieron a convencer a los l\u00edderes comunales para sentarse en una mesa de di\u00e1logo y atender sus reclamos.<\/p>\n<p class=\"\">Las autoridades convocar\u00e1n a una reuni\u00f3n multisectorial a todas las comunidades y gremios de<b>\u00a0Chumbivilcas<\/b>\u00a0para este 4 de noviembre. All\u00ed deber\u00e1n elaborar su agenda de pedidos y propondr\u00e1n fecha para el di\u00e1logo.<\/p>\n<div>\n<div id=\"Inline\" class=\"atm-banner-inline\">Por su parte, la Presidencia del Consejo de Ministros (PCM) elaborar\u00e1 la propuesta para dejar sin efecto el estado de emergencia decretado en el Corredor Minero del Sur, en el tramo que corresponde a\u00a0<b>Chumbivilcas<\/b>. El proyecto ser\u00e1 presentado el d\u00eda que se instale el di\u00e1logo. El vicepresidente de Rondas Campesinas de Qui\u00f1ota, Andr\u00e9s D\u00e1vila, dijo que espera que la cita del lunes, en Santo Tom\u00e1s, sea el inicio para resolver los reclamos campesinos.<\/div>\n<div><\/div>\n<div><\/div>\n<div class=\"atm-banner-inline\">El viceministro de Gobernanza Territorial de la PCM, Ra\u00fal Molina, sostuvo que esperan que la agenda est\u00e9 orientada a resolver los problemas que ocasiona el uso del corredor por las mineras.<\/div>\n<\/div>\n<div>\n<div><\/div>\n<div class=\"atm-banner-inline\">Mientras tanto, la alta comisionada para el di\u00e1logo y el desarrollo del Corredor Minero del Sur, Paola Bustamante, se\u00f1al\u00f3 que, en general, \u00abvamos a trabajar por el cierre de brechas de acceso a<b>\u00a0servicios b\u00e1sicos<\/b>\u00a0y estamos hablando de agua, saneamiento, conectividad, luz, internet y transporte. Eso es lo primero: buscar el desarrollo\u201d. Bustamante y el viceministro de Gobernanza Territorial de la PCM, Ra\u00fal Molina, presidieron la reuni\u00f3n. Con ellos estuvieron el gobernador Jean Paul Benavente y los alcaldes de\u00a0<b>Chumbivilcas<\/b>. Todos esperan que este lunes haya \u201chumo blanco\u201d para el di\u00e1logo.<\/div>\n<\/div>\n<p style=\"text-align: right;\">Fuente: <a href=\"https:\/\/larepublica.pe\/politica\/2019\/10\/30\/alcaldes-de-cusco-tienen-mision-de-abrir-dialogo-en-chumbivilcas-lrsd\/\" target=\"_blank\" rel=\"noopener\">Diario La Rep\u00fablica<\/a><\/p>\n<p>&nbsp;<\/p>\n<p><iframe style=\"border: none; overflow: hidden;\" src=\"https:\/\/www.facebook.com\/plugins\/video.php?href=https%3A%2F%2Fwww.facebook.com%2Fderechossinfronteras.pe%2Fvideos%2F417815455568021%2F&amp;show_text=0&amp;width=560\" width=\"560\" height=\"315\" frameborder=\"0\" scrolling=\"no\" allowfullscreen=\"allowfullscreen\"><\/iframe><\/p>","protected":false},"excerpt":{"rendered":"<p>El lunes se define si habr\u00e1 di\u00e1logo entre el Gobierno nacional y los campesinos de la provincia cusque\u00f1a de Chumbivilcas. Una docena de comunidades de los distritos de Colquemarca, Velille y Ccapacmarca cumplen una\u00a0huelga indefinida\u00a0desde el 22 de septiembre pasado. Exigen la suspensi\u00f3n, en forma definitiva, del paso de camiones de la minera MMG Limited, [&hellip;]<\/p>\n","protected":false},"author":1,"featured_media":4216,"comment_status":"open","ping_status":"open","sticky":false,"template":"","format":"standard","meta":{"_monsterinsights_skip_tracking":false,"_monsterinsights_sitenote_active":false,"_monsterinsights_sitenote_note":"","_monsterinsights_sitenote_category":0,"_jetpack_memberships_contains_paid_content":false,"footnotes":"","jetpack_publicize_message":"","jetpack_publicize_feature_enabled":true,"jetpack_social_post_already_shared":false,"jetpack_social_options":{"image_generator_settings":{"template":"highway","default_image_id":0,"font":"","enabled":false},"version":2}},"categories":[1],"tags":[],"class_list":["post-4215","post","type-post","status-publish","format-standard","has-post-thumbnail","hentry","category-sin-categoria"],"blocksy_meta":[],"jetpack_publicize_connections":[],"jetpack_featured_media_url":"https:\/\/derechosinfronteras.pe\/wp-content\/uploads\/2019\/10\/73194714_2802516879781281_6712163972381933568_o-1.jpg","jetpack_sharing_enabled":true,"jetpack_likes_enabled":true,"_links":{"self":[{"href":"https:\/\/derechosinfronteras.pe\/ingles\/wp-json\/wp\/v2\/posts\/4215","targetHints":{"allow":["GET"]}}],"collection":[{"href":"https:\/\/derechosinfronteras.pe\/ingles\/wp-json\/wp\/v2\/posts"}],"about":[{"href":"https:\/\/derechosinfronteras.pe\/ingles\/wp-json\/wp\/v2\/types\/post"}],"author":[{"embeddable":true,"href":"https:\/\/derechosinfronteras.pe\/ingles\/wp-json\/wp\/v2\/users\/1"}],"replies":[{"embeddable":true,"href":"https:\/\/derechosinfronteras.pe\/ingles\/wp-json\/wp\/v2\/comments?post=4215"}],"version-history":[{"count":0,"href":"https:\/\/derechosinfronteras.pe\/ingles\/wp-json\/wp\/v2\/posts\/4215\/revisions"}],"wp:featuredmedia":[{"embeddable":true,"href":"https:\/\/derechosinfronteras.pe\/ingles\/wp-json\/wp\/v2\/media\/4216"}],"wp:attachment":[{"href":"https:\/\/derechosinfronteras.pe\/ingles\/wp-json\/wp\/v2\/media?parent=4215"}],"wp:term":[{"taxonomy":"category","embeddable":true,"href":"https:\/\/derechosinfronteras.pe\/ingles\/wp-json\/wp\/v2\/categories?post=4215"},{"taxonomy":"post_tag","embeddable":true,"href":"https:\/\/derechosinfronteras.pe\/ingles\/wp-json\/wp\/v2\/tags?post=4215"}],"curies":[{"name":"wp","href":"https:\/\/api.w.org\/{rel}","templated":true}]}}