{"id":4217,"date":"2019-10-30T18:12:51","date_gmt":"2019-10-30T23:12:51","guid":{"rendered":"http:\/\/derechosinfronteras.pe\/?p=5222"},"modified":"2019-10-30T18:12:51","modified_gmt":"2019-10-30T23:12:51","slug":"corredor-minero-del-sur-ejecutivo-evaluara-derogar-estado-de-emergencia","status":"publish","type":"post","link":"https:\/\/derechosinfronteras.pe\/ingles\/corredor-minero-del-sur-ejecutivo-evaluara-derogar-estado-de-emergencia\/","title":{"rendered":"Corredor Minero del Sur: Ejecutivo evaluar\u00e1 derogar estado de emergencia"},"content":{"rendered":"<p class=\"\">En una reuni\u00f3n sostenida este martes en Cusco, entre los representantes del Gobierno Nacional y autoridades locales, se acord\u00f3 que el Ejecutivo evaluar\u00e1 el pedido de derogar el Decreto Supremo Nro 169 \u2013 2019, que aprob\u00f3 el\u00a0<b>estado de emergencia\u00a0<\/b>en el Corredor Minero del Sur Apur\u00edmac<a href=\"https:\/\/larepublica.pe\/tag\/apurimac\/\" target=\"_blank\" rel=\"noopener\">\u00a0<\/a>&#8211; Cusco &#8211; Arequipa.<\/p>\n<div>\n<div id=\"Middle2\" class=\"atm-banner-middle2 atm-banner-middle-2\">\u201cEn este proceso es necesario retomar, continuar y avanzar con el\u00a0<b>di\u00e1logo\u00a0<\/b>para el desarrollo de la provincia de Chumbivilcas\u201d, indic\u00f3 la alta comisionada para el di\u00e1logo y el desarrollo del Corredor Vial Sur, Paola Bustamante.<\/div>\n<\/div>\n<p class=\"\">En el acta que suscribieron en sesi\u00f3n extraordinaria de mesa t\u00e9cnica, tambi\u00e9n se acord\u00f3 convocar a una\u00a0<b>reuni\u00f3n multisectorial<\/b>\u00a0el pr\u00f3ximo lunes 04 de noviembre en Santo Tom\u00e1s, la misma que tendr\u00e1 como objetivo consensuar la<b>\u00a0agenda provincial\u00a0<\/b>y definir una fecha para convocar al Ejecutivo nacional. En el encuentro participar\u00e1n solo autoridades cusque\u00f1as y dirigentes de Chumbivilcas.<\/p>\n<div>\n<div id=\"Inline\" class=\"atm-banner-inline\">\u201cInvocamos la posibilidad de sentarse en una mesa y\u00a0<b>resolver nuestras diferencias<\/b>. Nuestras comunidades que se pusieron en pie de lucha, hace m\u00e1s de 20 d\u00edas, est\u00e1n ganando un resultado positivo para su provincia y la regi\u00f3n\u201d, indic\u00f3 el gobernador de Cusco, Jean Paul Benavente.<\/div>\n<\/div>\n<p class=\"\">En el d\u00eda elegido por Chumbivilcas, el Ejecutivo deber\u00e1 responder formalmente sobre la\u00a0<b>derogatoria\u00a0<\/b>del estado de emergencia en el Corredor Minero del Sur.<\/p>\n<p style=\"text-align: right;\">Fuente: <a href=\"https:\/\/larepublica.pe\/sociedad\/2019\/10\/29\/cusco-ejecutivo-evaluara-derogar-estado-de-emergencia-en-corredor-minero-del-sur-video-las-bambas-lrsd\/\" target=\"_blank\" rel=\"noopener\">Diario La Rep\u00fablica<\/a><\/p>\n<p><iframe style=\"border: none; overflow: hidden;\" src=\"https:\/\/www.facebook.com\/plugins\/video.php?href=https%3A%2F%2Fwww.facebook.com%2Fderechossinfronteras.pe%2Fvideos%2F417815455568021%2F&amp;show_text=0&amp;width=560\" width=\"560\" height=\"315\" frameborder=\"0\" scrolling=\"no\" allowfullscreen=\"allowfullscreen\"><\/iframe><\/p>","protected":false},"excerpt":{"rendered":"<p>En una reuni\u00f3n sostenida este martes en Cusco, entre los representantes del Gobierno Nacional y autoridades locales, se acord\u00f3 que el Ejecutivo evaluar\u00e1 el pedido de derogar el Decreto Supremo Nro 169 \u2013 2019, que aprob\u00f3 el\u00a0estado de emergencia\u00a0en el Corredor Minero del Sur Apur\u00edmac\u00a0&#8211; Cusco &#8211; Arequipa. \u201cEn este proceso es necesario retomar, continuar [&hellip;]<\/p>\n","protected":false},"author":1,"featured_media":4218,"comment_status":"open","ping_status":"open","sticky":false,"template":"","format":"standard","meta":{"_monsterinsights_skip_tracking":false,"_monsterinsights_sitenote_active":false,"_monsterinsights_sitenote_note":"","_monsterinsights_sitenote_category":0,"_jetpack_memberships_contains_paid_content":false,"footnotes":"","jetpack_publicize_message":"","jetpack_publicize_feature_enabled":true,"jetpack_social_post_already_shared":false,"jetpack_social_options":{"image_generator_settings":{"template":"highway","default_image_id":0,"font":"","enabled":false},"version":2}},"categories":[1],"tags":[],"class_list":["post-4217","post","type-post","status-publish","format-standard","has-post-thumbnail","hentry","category-sin-categoria"],"blocksy_meta":[],"jetpack_publicize_connections":[],"jetpack_featured_media_url":"https:\/\/derechosinfronteras.pe\/wp-content\/uploads\/2019\/10\/Estado-de-emergencia.jpg","jetpack_sharing_enabled":true,"jetpack_likes_enabled":true,"_links":{"self":[{"href":"https:\/\/derechosinfronteras.pe\/ingles\/wp-json\/wp\/v2\/posts\/4217","targetHints":{"allow":["GET"]}}],"collection":[{"href":"https:\/\/derechosinfronteras.pe\/ingles\/wp-json\/wp\/v2\/posts"}],"about":[{"href":"https:\/\/derechosinfronteras.pe\/ingles\/wp-json\/wp\/v2\/types\/post"}],"author":[{"embeddable":true,"href":"https:\/\/derechosinfronteras.pe\/ingles\/wp-json\/wp\/v2\/users\/1"}],"replies":[{"embeddable":true,"href":"https:\/\/derechosinfronteras.pe\/ingles\/wp-json\/wp\/v2\/comments?post=4217"}],"version-history":[{"count":0,"href":"https:\/\/derechosinfronteras.pe\/ingles\/wp-json\/wp\/v2\/posts\/4217\/revisions"}],"wp:featuredmedia":[{"embeddable":true,"href":"https:\/\/derechosinfronteras.pe\/ingles\/wp-json\/wp\/v2\/media\/4218"}],"wp:attachment":[{"href":"https:\/\/derechosinfronteras.pe\/ingles\/wp-json\/wp\/v2\/media?parent=4217"}],"wp:term":[{"taxonomy":"category","embeddable":true,"href":"https:\/\/derechosinfronteras.pe\/ingles\/wp-json\/wp\/v2\/categories?post=4217"},{"taxonomy":"post_tag","embeddable":true,"href":"https:\/\/derechosinfronteras.pe\/ingles\/wp-json\/wp\/v2\/tags?post=4217"}],"curies":[{"name":"wp","href":"https:\/\/api.w.org\/{rel}","templated":true}]}}