{"id":4223,"date":"2019-10-26T14:35:31","date_gmt":"2019-10-26T19:35:31","guid":{"rendered":"http:\/\/derechosinfronteras.pe\/?p=5209"},"modified":"2019-10-26T14:35:31","modified_gmt":"2019-10-26T19:35:31","slug":"linea-de-tiempo-que-esta-pasando-en-el-corredor-minero-del-sur","status":"publish","type":"post","link":"https:\/\/derechosinfronteras.pe\/ingles\/linea-de-tiempo-que-esta-pasando-en-el-corredor-minero-del-sur\/","title":{"rendered":"[ACTUALIZACI\u00d3N] L\u00ednea de tiempo: \u00bfQu\u00e9 est\u00e1 pasando en el corredor minero del sur?"},"content":{"rendered":"<p>La coyuntura pol\u00edtica que vive nuestra pa\u00eds hace algunas semanas, ha logrado que los conflictos y las demandas sociales en el interior del pa\u00eds pasen desapercibidas. Un contexto importante de mirar son las permanentes protestas en el corredor minero del sur, que ahora enfrentan un estado de emergencia decretado por el Gobierno Nacional. Pero \u00bfCu\u00e1les son los hechos previos a esta situaci\u00f3n? <a href=\"https:\/\/www.facebook.com\/derechossinfronteras.pe\/?ref=bookmarks\" target=\"_blank\" rel=\"noopener\">Desde Derechos Humanos sin Fronteras<\/a> hemos elaborado una l\u00ednea de tiempo para entender mejor lo que est\u00e1n viviendo las comunidades del Sur Andino.<\/p>\n<p><strong>*22 de setiembre<\/strong>. La comunidad de Cancahuani (Chumbivilcas) inicia una huelga indefinida en contra de la empresa MMG Las Bambas, exigiendo reparaci\u00f3n ambiental.<\/p>\n<p><strong>*27 de setiembre.<\/strong> El OEFA present\u00f3 resultados de los monitoreos que realiz\u00f3 en Chumbivilcas. En el informe reconocen impactos de la actividad minera que afecta el agua, aire y suelo.<\/p>\n<p><strong>*<a href=\"https:\/\/www.facebook.com\/derechossinfronteras.pe\/videos\/1558226290983439\/?v=1558226290983439\" target=\"_blank\" rel=\"noopener\">29 de setiembre<\/a>.<\/strong> A partir del informe del OEFA, comunidades del distrito de Ccapacmarca deciden sumarse a las protestas en contra de la MMG Las Bambas. Exigen que el Gobierno derogue el Decreto Supremo que declara \u2018V\u00eda Nacional\u2019 sus territorios, sin haber sido consultados previamente.<\/p>\n<p><strong>*<a href=\"https:\/\/www.facebook.com\/derechossinfronteras.pe\/videos\/424154794959252\/?v=424154794959252\" target=\"_blank\" rel=\"noopener\">01 de octubre<\/a><\/strong>. La represi\u00f3n policial en la zona de <strong>Ccapacmarca<\/strong> provoc\u00f3 cinco heridos. Seg\u00fan reportaron los comuneros, fueron atacados con perdigones y bombas lacrim\u00f3genas.<\/p>\n<p><a href=\"https:\/\/www.facebook.com\/derechossinfronteras.pe\/videos\/777990399323264\/\" target=\"_blank\" rel=\"noopener\"><strong>*02 de octubre.<\/strong> <\/a>Dirigentes comunales de Chumbivilcas llegaron hasta Cusco para dar una conferencia de prensa y denunciar la represi\u00f3n que han sufrido.<\/p>\n<p><strong>*07 de octubre.<\/strong> MMG Las Bambas empieza a usar la v\u00eda alterna de Paruro. Las comunidades se muestran en contra, e inician acciones de protesta.<\/p>\n<p><a href=\"https:\/\/www.facebook.com\/derechossinfronteras.pe\/videos\/2443266665709746\/\" target=\"_blank\" rel=\"noopener\"><strong>*08 de octubre.<\/strong><\/a> Un nuevo enfrentamiento surge entre protestantes y PNP en Paruro, provocando que una mujer campesina pierda un ojo producto de un impacto de perdig\u00f3n.<\/p>\n<p><strong>*11 de octubre.<\/strong> Se Instala una mesa de di\u00e1logo. La empresa MMG Las Bambas se compromete a darle mantenimiento a las v\u00edas de <strong>Paruro<\/strong>. El Gobernador Regional de Cusco, junta a una comisi\u00f3n, asumen la responsabilidad de darle seguimiento a la recuperaci\u00f3n de la comunera herida.<\/p>\n<p><strong><a href=\"https:\/\/www.facebook.com\/derechossinfronteras.pe\/videos\/681855188968559\/\" target=\"_blank\" rel=\"noopener\">*16 de octubre<\/a>.<\/strong> Con Decreto supremo 169-2019-PCM, el Gobierno declara en estado de emergencia parte del corredor minero vial del sur, espec\u00edficamente los distritos chumbivilcanos de Ccapacmarca, Colquemarca, Chamaca y Velille.<\/p>\n<p><strong>*17 de octubre.<\/strong> La Fiscal\u00eda formaliza una denuncia penal contra los dirigentes de Paruro y de la FARTAC, acus\u00e1ndolos de ser responsables de los heridos en el conflicto.<\/p>\n<p><a href=\"https:\/\/www.facebook.com\/derechossinfronteras.pe\/videos\/549054505866754\/\" target=\"_blank\" rel=\"noopener\"><strong>*17 de octubre.<\/strong><\/a> Dirigentes sociales de Paruro, Espinar y Chumbivilcas, junto a autoridades provinciales y el Gobernador Regional se pronuncian, a trav\u00e9s de una conferencia de prensa, en contra del estado de emergencia.<\/p>\n<p><a href=\"https:\/\/www.facebook.com\/derechossinfronteras.pe\/videos\/2567458570154467\/\" target=\"_blank\" rel=\"noopener\"><strong>*22 de octubre.<\/strong><\/a> Residentes de Chumbivilcas en Cusco realizaron una marcha para exigir la derogatoria del Estado de emergencia en el Corredor Minero Del Sur.<\/p>\n<p><a href=\"https:\/\/www.facebook.com\/derechossinfronteras.pe\/videos\/2717739214952344\/\" target=\"_blank\" rel=\"noopener\"><strong>*23 de octubre.<\/strong><\/a> Dirigentes comunales de Chumbivilcas, en alianza con el Gobierno Regional de Cusco env\u00edan una carta al Presidente de la Rep\u00fablica solicitando la derogatoria del estado de emergencia.<\/p>\n<p><strong>*24 de octubre.<\/strong> La PCM designa a la exministra \u00a0e Desarrollo e Inclusi\u00f3n Social, Paola Bustamante Su\u00e1rez, como alta comisionada para el Di\u00e1logo y el Desarrollo en el corredor minero del sur.<\/p>\n<p><strong>*25 de octubre.<\/strong> El Gobierno prorroga la intervenci\u00f3n de las FF.AA. en el puerto de Matarani, Arequipa.<\/p>\n<p><strong>*29 de octubre.\u00a0<\/strong>La PCM convoca a un primer espacio con alcaldes distritales y provinciales. El Ejecutivo se compromete a evaluar la derogatoria del esto de emergencia. La pr\u00f3xima reuni\u00f3n ser\u00e1 el 04 de noviembre, los alcaldes asumen la tarea de convocar a dirigentes comunales y de organizaciones sociales de base.<\/p>\n<p><strong>*29 de octubre.\u00a0<\/strong>El Frente de Defensa de Chumbivilcas emite un pronunciamiento cuestionando las acciones de la Alta Comisionada, principalmente por solo incluir a alcaldes y no a representantes comunales en la primera reuni\u00f3n.<\/p>\n<p>\u00bfEsta es la manera correcta que debe usar el Gobierno para gestionar los conflictos en el Sur Andino de nuestro pa\u00eds?<\/p>\n<p><iframe style=\"border: none; overflow: hidden;\" src=\"https:\/\/www.facebook.com\/plugins\/video.php?href=https%3A%2F%2Fwww.facebook.com%2Fderechossinfronteras.pe%2Fvideos%2F417815455568021%2F&amp;show_text=0&amp;width=560\" width=\"560\" height=\"315\" frameborder=\"0\" scrolling=\"no\" allowfullscreen=\"allowfullscreen\"><\/iframe><\/p>","protected":false},"excerpt":{"rendered":"<p>La coyuntura pol\u00edtica que vive nuestra pa\u00eds hace algunas semanas, ha logrado que los conflictos y las demandas sociales en el interior del pa\u00eds pasen desapercibidas. Un contexto importante de mirar son las permanentes protestas en el corredor minero del sur, que ahora enfrentan un estado de emergencia decretado por el Gobierno Nacional. Pero \u00bfCu\u00e1les [&hellip;]<\/p>\n","protected":false},"author":1,"featured_media":4224,"comment_status":"open","ping_status":"open","sticky":false,"template":"","format":"standard","meta":{"_monsterinsights_skip_tracking":false,"_monsterinsights_sitenote_active":false,"_monsterinsights_sitenote_note":"","_monsterinsights_sitenote_category":0,"_jetpack_memberships_contains_paid_content":false,"footnotes":"","jetpack_publicize_message":"","jetpack_publicize_feature_enabled":true,"jetpack_social_post_already_shared":false,"jetpack_social_options":{"image_generator_settings":{"template":"highway","default_image_id":0,"font":"","enabled":false},"version":2}},"categories":[1],"tags":[],"class_list":["post-4223","post","type-post","status-publish","format-standard","has-post-thumbnail","hentry","category-sin-categoria"],"blocksy_meta":[],"jetpack_publicize_connections":[],"jetpack_featured_media_url":"https:\/\/derechosinfronteras.pe\/wp-content\/uploads\/2019\/10\/Linea-de-Tiempo.jpg","jetpack_sharing_enabled":true,"jetpack_likes_enabled":true,"_links":{"self":[{"href":"https:\/\/derechosinfronteras.pe\/ingles\/wp-json\/wp\/v2\/posts\/4223","targetHints":{"allow":["GET"]}}],"collection":[{"href":"https:\/\/derechosinfronteras.pe\/ingles\/wp-json\/wp\/v2\/posts"}],"about":[{"href":"https:\/\/derechosinfronteras.pe\/ingles\/wp-json\/wp\/v2\/types\/post"}],"author":[{"embeddable":true,"href":"https:\/\/derechosinfronteras.pe\/ingles\/wp-json\/wp\/v2\/users\/1"}],"replies":[{"embeddable":true,"href":"https:\/\/derechosinfronteras.pe\/ingles\/wp-json\/wp\/v2\/comments?post=4223"}],"version-history":[{"count":0,"href":"https:\/\/derechosinfronteras.pe\/ingles\/wp-json\/wp\/v2\/posts\/4223\/revisions"}],"wp:featuredmedia":[{"embeddable":true,"href":"https:\/\/derechosinfronteras.pe\/ingles\/wp-json\/wp\/v2\/media\/4224"}],"wp:attachment":[{"href":"https:\/\/derechosinfronteras.pe\/ingles\/wp-json\/wp\/v2\/media?parent=4223"}],"wp:term":[{"taxonomy":"category","embeddable":true,"href":"https:\/\/derechosinfronteras.pe\/ingles\/wp-json\/wp\/v2\/categories?post=4223"},{"taxonomy":"post_tag","embeddable":true,"href":"https:\/\/derechosinfronteras.pe\/ingles\/wp-json\/wp\/v2\/tags?post=4223"}],"curies":[{"name":"wp","href":"https:\/\/api.w.org\/{rel}","templated":true}]}}