{"id":4225,"date":"2019-10-25T16:43:30","date_gmt":"2019-10-25T21:43:30","guid":{"rendered":"http:\/\/derechosinfronteras.pe\/?p=5205"},"modified":"2019-10-25T16:43:30","modified_gmt":"2019-10-25T21:43:30","slug":"confederacion-nacional-agraria-se-pronuncia-en-contra-del-estado-de-emergencia-en-el-corredor-minero-del-sur","status":"publish","type":"post","link":"https:\/\/derechosinfronteras.pe\/ingles\/confederacion-nacional-agraria-se-pronuncia-en-contra-del-estado-de-emergencia-en-el-corredor-minero-del-sur\/","title":{"rendered":"Confederaci\u00f3n Nacional Agraria se pronuncia en contra del estado de emergencia en el corredor minero del sur"},"content":{"rendered":"<p align=\"justify\">Desde la Confederaci\u00f3n Nacional Agraria \u2013 CNA, gremio nacional representativo de los Pueblos Ind\u00edgenas Originarios Campesinos del Per\u00fa dedicados\u00a0a la agricultura familiar, expresamos nuestro absoluto rechazo y exigimos la derogaci\u00f3n del\u00a0<strong>D.S. N.\u00b0 169-2019-PCM<\/strong>, por el cual el Poder Ejecutivo ha declarado por 30 d\u00edas (desde el pasado 16 de octubre), el estado de emergencia en el Corredor Vial Apur\u00edmac-Cusco-Arequipa (conocido como el \u201cCorredor Minero del Sur\u201d), en los tramos comprendidos en los distritos de Ccapacmarca, Colquemarca, Chamaca y Velille de la provincia de Chumbivilcas, Cusco.<\/p>\n<p align=\"justify\">Consideramos que esta medida dispuesta por el gobierno del Presidente Vizcarra es totalmente innecesaria e injustificada, sobre todo porque las comunidades afectadas y sus representantes ya hab\u00edan acordado con la Presidencia del Consejo de Ministros y el Ministerio del Interior reanudar, para la presente semana, la mesa de di\u00e1logo que busca solucionar este conflicto. En ese sentido, esta medida constituye un inadmisible acto de provocaci\u00f3n y deslealtad de parte del Estado que quiebra totalmente el principio de buena fe que debe primar en toda negociaci\u00f3n, y puede m\u00e1s bien acrecentar el ya enorme descontento de la poblaci\u00f3n de estos distritos, que ahora se ve envuelta en un escenario de militarizaci\u00f3n que vulnera la tranquilidad de sus familias y el desarrollo normal de sus actividades.<\/p>\n<p align=\"justify\">Nuestra historia nos ha demostrado una y otra vez que la represi\u00f3n de las demandas de nuestras comunidades por medio de la fuerza p\u00fablica jam\u00e1s ha dado buenos resultados; por el contrario, este tipo de medidas solo reavivan los terribles momentos que padecieron durante la d\u00e9cada de los ochenta y, m\u00e1s recientemente, con el \u201cBaguazo\u201d. Nuestros pueblos originarios no son ciudadanos de segunda categor\u00eda ni, mucho menos, terroristas. Ellos solo defienden lo que consideran justo para sus vidas, territorios y econom\u00eda ante los peligros que cotidianamente enfrentan por los impactos ambientales y sociales negativos de las actividades extractivas, algo que a\u00fan no parece entender este gobierno, que en este punto no se diferencia en nada de sus antecesores.<\/p>\n<p align=\"justify\">Con el repetitivo discurso de que esta declaraci\u00f3n de emergencia solo busca restablecer el orden interno y el normal desarrollo de las actividades ciudadanas, se pretende ocultar el hecho de que esta medida busca realmente proteger y favorecer los intereses de la empresa minera, que es la \u00fanica causante de todo este descontento social, como ya qued\u00f3 demostrado en marzo de este a\u00f1o, cuando el distrito de Challhuahuacho (Cusco) tambi\u00e9n fue declarado en emergencia. \u00bfEs acaso necesario recordarle a este gobierno que las Fuerzas Armadas y la Polic\u00eda Nacional est\u00e1n, por encima de todo, al servicio\u00a0 de la ciudadan\u00eda y de los pueblos ind\u00edgenas\u00a0 y no los de las empresas privadas? Parece que s\u00ed.<\/p>\n<p align=\"justify\">Por todo lo expuesto, la CNA y nuestras bases regionales nos solidarizamos con las comunidades de Chumbivilcas y exigimos al Presidente Vizcarra inmediata anulaci\u00f3n del estado de emergencia en los distritos de Ccapacmarca, Colquemarca, Chamaca y Velille, y que en adelante se abstenga de continuar la represi\u00f3n contra la poblaci\u00f3n a trav\u00e9s de medidas similares, que solo acrecienta la profunda discriminaci\u00f3n que padece nuestro pa\u00eds y ahondan las brechas de desigualdad y exclusi\u00f3n social en el Per\u00fa.<\/p>","protected":false},"excerpt":{"rendered":"<p>Desde la Confederaci\u00f3n Nacional Agraria \u2013 CNA, gremio nacional representativo de los Pueblos Ind\u00edgenas Originarios Campesinos del Per\u00fa dedicados\u00a0a la agricultura familiar, expresamos nuestro absoluto rechazo y exigimos la derogaci\u00f3n del\u00a0D.S. N.\u00b0 169-2019-PCM, por el cual el Poder Ejecutivo ha declarado por 30 d\u00edas (desde el pasado 16 de octubre), el estado de emergencia en [&hellip;]<\/p>\n","protected":false},"author":1,"featured_media":4226,"comment_status":"open","ping_status":"open","sticky":false,"template":"","format":"standard","meta":{"_monsterinsights_skip_tracking":false,"_monsterinsights_sitenote_active":false,"_monsterinsights_sitenote_note":"","_monsterinsights_sitenote_category":0,"_jetpack_memberships_contains_paid_content":false,"footnotes":"","jetpack_publicize_message":"","jetpack_publicize_feature_enabled":true,"jetpack_social_post_already_shared":false,"jetpack_social_options":{"image_generator_settings":{"template":"highway","default_image_id":0,"font":"","enabled":false},"version":2}},"categories":[1],"tags":[],"class_list":["post-4225","post","type-post","status-publish","format-standard","has-post-thumbnail","hentry","category-sin-categoria"],"blocksy_meta":[],"jetpack_publicize_connections":[],"jetpack_featured_media_url":"https:\/\/derechosinfronteras.pe\/wp-content\/uploads\/2019\/10\/REVIVI.png","jetpack_sharing_enabled":true,"jetpack_likes_enabled":true,"_links":{"self":[{"href":"https:\/\/derechosinfronteras.pe\/ingles\/wp-json\/wp\/v2\/posts\/4225","targetHints":{"allow":["GET"]}}],"collection":[{"href":"https:\/\/derechosinfronteras.pe\/ingles\/wp-json\/wp\/v2\/posts"}],"about":[{"href":"https:\/\/derechosinfronteras.pe\/ingles\/wp-json\/wp\/v2\/types\/post"}],"author":[{"embeddable":true,"href":"https:\/\/derechosinfronteras.pe\/ingles\/wp-json\/wp\/v2\/users\/1"}],"replies":[{"embeddable":true,"href":"https:\/\/derechosinfronteras.pe\/ingles\/wp-json\/wp\/v2\/comments?post=4225"}],"version-history":[{"count":0,"href":"https:\/\/derechosinfronteras.pe\/ingles\/wp-json\/wp\/v2\/posts\/4225\/revisions"}],"wp:featuredmedia":[{"embeddable":true,"href":"https:\/\/derechosinfronteras.pe\/ingles\/wp-json\/wp\/v2\/media\/4226"}],"wp:attachment":[{"href":"https:\/\/derechosinfronteras.pe\/ingles\/wp-json\/wp\/v2\/media?parent=4225"}],"wp:term":[{"taxonomy":"category","embeddable":true,"href":"https:\/\/derechosinfronteras.pe\/ingles\/wp-json\/wp\/v2\/categories?post=4225"},{"taxonomy":"post_tag","embeddable":true,"href":"https:\/\/derechosinfronteras.pe\/ingles\/wp-json\/wp\/v2\/tags?post=4225"}],"curies":[{"name":"wp","href":"https:\/\/api.w.org\/{rel}","templated":true}]}}