{"id":4229,"date":"2019-10-25T15:52:16","date_gmt":"2019-10-25T20:52:16","guid":{"rendered":"http:\/\/derechosinfronteras.pe\/?p=5198"},"modified":"2019-10-25T15:52:16","modified_gmt":"2019-10-25T20:52:16","slug":"la-desnaturalizacion-y-el-uso-politico-de-los-estados-de-emergencia-en-chumbivilcas-cusco-7-preguntas-al-ministro-del-interior","status":"publish","type":"post","link":"https:\/\/derechosinfronteras.pe\/ingles\/la-desnaturalizacion-y-el-uso-politico-de-los-estados-de-emergencia-en-chumbivilcas-cusco-7-preguntas-al-ministro-del-interior\/","title":{"rendered":"La desnaturalizaci\u00f3n y el uso pol\u00edtico de los estados de emergencia en Chumbivilcas, Cusco: 7 preguntas al Ministro del Interior"},"content":{"rendered":"<blockquote>\n<p style=\"text-align: right;\">Por Juan Carlos Ruiz Molleda<\/p>\n<\/blockquote>\n<p>A prop\u00f3sito de la reciente declaratoria de Estado de emergencia el cuatro distritos de la provincia de Chumbivilcas, a trav\u00e9s del D.S. N\u00b0 169-2019-PCM, considero pertinente formular las siguientes siete preguntas:<\/p>\n<p><strong>1ra. pregunta al Gobierno:<\/strong><\/p>\n<p>\u00bfPor qu\u00e9 se decreta Estados de emergencia en Velille si ah\u00ed no ha habido bloqueos?<\/p>\n<p>\u00bfPor qu\u00e9 se ha decretado Estados de Emergencia en el distrito chumbivilcano de de Velille, si el bloqueo de carreteras por las comunidades solo se ha dado en los distritos de Capacmarca, Colquemarca y Chamaca?<\/p>\n<p><strong>2da. pregunta al Gobierno<\/strong><\/p>\n<p>\u00bfSe pueden suspender derechos fundamentales de rango constitucional en forma preventiva \u201cpor si acaso\u201d?<\/p>\n<p>\u00bfPor qu\u00e9 el Estado insiste en expedir Estados de emergencia \u201cpreventivos\u201d en zonas donde no hay convulsi\u00f3n social, si el art\u00edculo 137 de la Constituci\u00f3n exige como hecho habilitarte para decretar Estados de Emergencia, la grave afectaci\u00f3n al orden interno?<\/p>\n<p><strong>3ra. pregunta al Gobierno<\/strong><\/p>\n<p>\u00bfLa polic\u00eda que tiene convenio con la empresa minera Bambas cuenta con legitimidad pol\u00edtica para pedir estados de emergencia en favor de la minera Las Bambas o incurre en un conflicto de intereses?<\/p>\n<p>\u00bfLa polic\u00eda, que tiene convenios de prestaci\u00f3n de servicios de seguridad privada con la empresa minera MMG, que opera el proyecto minero Las Bambas, tiene legitimidad para pedir al Gobierno que decrete el Estado de emergencia?<\/p>\n<p>\u00bfLa polic\u00eda nacional del Per\u00fa cuando solicita esta declaratoria de emergencia en favor de la empresa Las Bambas, lo hace como socia de la empresa MMG operadora del proyecto Las Bambas o como funcionarios p\u00fablicos en su condici\u00f3n de terceros imparciales?<\/p>\n<p><strong>4ta. pregunta al Gobierno<\/strong><\/p>\n<p>Los Estados de emergencia son una herramienta para restablecer el orden o una herramienta de negociaci\u00f3n del Gobierno, cuando los que protestan no aceptan las ofertas del Estado<\/p>\n<p>\u00bfLos Estado de emergencia se dictan cuando hay una grave conmoci\u00f3n del orden interno como lo establece el art\u00edculo 137 de la Constituci\u00f3n, o son una sanci\u00f3n contra la poblaci\u00f3n cuando rechaza el di\u00e1logo?<\/p>\n<p>\u00bfO son una herramienta del Estado cuando no se pone de acuerdo con las personas que ejercen el derecho a la protesta?<\/p>\n<p><strong>5ta. pregunta al Gobierno<\/strong><\/p>\n<p>\u00bfCuestionar las malas pr\u00e1cticas de una empresa minera y del Estado, que afecta derechos de comunidades campesinas, afecta el orden interno?<\/p>\n<p>\u00bfExigirle a una empresa que cumpla con sus obligaciones legales y respete los derechos fundamentales, afecta el orden p\u00fablico?<\/p>\n<p><strong>6ta. pregunta al Gobierno<\/strong><\/p>\n<p>\u00bfQui\u00e9n afecta el orden interno en Chumbivilcas, el MTC que se apropia de las tierras de las comunidades para favorecer a Las Bambas, o las comunidades que protestan contra este despojo de sus tierras ancestrales?<\/p>\n<p>En efecto, quien afecta el orden interno y el Estado de derecho, el MTC que ha convertido los caminos comunales de las comunidades campesinas en v\u00edas nacionales, sin antes consultarles a las comunidades, comprarles, alquilarles o expropiarles sus tierras comunales, previo pago del justiprecio, permitiendo el paso de 300 camiones polvorientos con grave da\u00f1o a la salud y al ambiente de las comunidades como lo ha reconocido OEFA, o las comunidades que exigen el respeto de sus derechos fundamentales?<\/p>\n<p><strong>7ma. pregunta al Gobierno<\/strong><\/p>\n<p>\u00bfQu\u00e9 entiende la polic\u00eda, el Mininter y el gobierno por orden interno, el funcionamiento de las instituciones p\u00fablicas y el pleno respeto de los derechos fundamentales de todos los ciudadanos, o entiende por orden interno, la ausencia de protestas sociales y la protecci\u00f3n de los intereses de las empresas mineras?<\/p>\n<p>Art\u00edculo Publicado en:\u00a0<a href=\"https:\/\/laley.pe\/art\/8723\/la-desnaturalizacion-y-el-uso-politico-de-los-estados-de-emergencia-en-chumbivilcas-cusco-7-preguntas-al-ministro-del-interior\" target=\"_blank\" rel=\"noopener\">laley.pe<\/a><\/p>","protected":false},"excerpt":{"rendered":"<p>Por Juan Carlos Ruiz Molleda A prop\u00f3sito de la reciente declaratoria de Estado de emergencia el cuatro distritos de la provincia de Chumbivilcas, a trav\u00e9s del D.S. N\u00b0 169-2019-PCM, considero pertinente formular las siguientes siete preguntas: 1ra. pregunta al Gobierno: \u00bfPor qu\u00e9 se decreta Estados de emergencia en Velille si ah\u00ed no ha habido bloqueos? [&hellip;]<\/p>\n","protected":false},"author":1,"featured_media":4230,"comment_status":"open","ping_status":"open","sticky":false,"template":"","format":"standard","meta":{"_monsterinsights_skip_tracking":false,"_monsterinsights_sitenote_active":false,"_monsterinsights_sitenote_note":"","_monsterinsights_sitenote_category":0,"_jetpack_memberships_contains_paid_content":false,"footnotes":"","jetpack_publicize_message":"","jetpack_publicize_feature_enabled":true,"jetpack_social_post_already_shared":false,"jetpack_social_options":{"image_generator_settings":{"template":"highway","default_image_id":0,"font":"","enabled":false},"version":2}},"categories":[1],"tags":[],"class_list":["post-4229","post","type-post","status-publish","format-standard","has-post-thumbnail","hentry","category-sin-categoria"],"blocksy_meta":[],"jetpack_publicize_connections":[],"jetpack_featured_media_url":"https:\/\/derechosinfronteras.pe\/wp-content\/uploads\/2019\/10\/3263_010conlogo.png","jetpack_sharing_enabled":true,"jetpack_likes_enabled":true,"_links":{"self":[{"href":"https:\/\/derechosinfronteras.pe\/ingles\/wp-json\/wp\/v2\/posts\/4229","targetHints":{"allow":["GET"]}}],"collection":[{"href":"https:\/\/derechosinfronteras.pe\/ingles\/wp-json\/wp\/v2\/posts"}],"about":[{"href":"https:\/\/derechosinfronteras.pe\/ingles\/wp-json\/wp\/v2\/types\/post"}],"author":[{"embeddable":true,"href":"https:\/\/derechosinfronteras.pe\/ingles\/wp-json\/wp\/v2\/users\/1"}],"replies":[{"embeddable":true,"href":"https:\/\/derechosinfronteras.pe\/ingles\/wp-json\/wp\/v2\/comments?post=4229"}],"version-history":[{"count":0,"href":"https:\/\/derechosinfronteras.pe\/ingles\/wp-json\/wp\/v2\/posts\/4229\/revisions"}],"wp:featuredmedia":[{"embeddable":true,"href":"https:\/\/derechosinfronteras.pe\/ingles\/wp-json\/wp\/v2\/media\/4230"}],"wp:attachment":[{"href":"https:\/\/derechosinfronteras.pe\/ingles\/wp-json\/wp\/v2\/media?parent=4229"}],"wp:term":[{"taxonomy":"category","embeddable":true,"href":"https:\/\/derechosinfronteras.pe\/ingles\/wp-json\/wp\/v2\/categories?post=4229"},{"taxonomy":"post_tag","embeddable":true,"href":"https:\/\/derechosinfronteras.pe\/ingles\/wp-json\/wp\/v2\/tags?post=4229"}],"curies":[{"name":"wp","href":"https:\/\/api.w.org\/{rel}","templated":true}]}}