{"id":4231,"date":"2019-10-24T11:47:51","date_gmt":"2019-10-24T16:47:51","guid":{"rendered":"http:\/\/derechosinfronteras.pe\/?p=5194"},"modified":"2019-10-24T11:47:51","modified_gmt":"2019-10-24T16:47:51","slug":"pcm-designa-alta-comisionada-para-el-dialogo-en-el-corredor-minero-del-sur","status":"publish","type":"post","link":"https:\/\/derechosinfronteras.pe\/ingles\/pcm-designa-alta-comisionada-para-el-dialogo-en-el-corredor-minero-del-sur\/","title":{"rendered":"PCM designa alta comisionada para el di\u00e1logo en el corredor minero del sur"},"content":{"rendered":"<p>La Presidencia del Consejo de Ministros (PCM) design\u00f3 a la exministra de\u00a0Desarrollo e Inclusi\u00f3n Social, Paola Bustamante Su\u00e1rez, como alta comisionada para el Di\u00e1logo y el Desarrollo en el corredor minero del sur, As\u00ed lo se\u00f1ala Resoluci\u00f3n Ministerial N\u00b0 372-2019-PCM publicada hoy en el bolet\u00edn de Normas Legales del Diario Oficial El Peruano.<\/p>\n<p>El Decreto precisa que la alta comisionada act\u00faa en representaci\u00f3n del Despacho Ministerial de la Presidencia del Consejo de Ministros en los procesos de dialogo territorial en el Corredor Vial Sur, que comprende las regiones de Cusco, Apur\u00edmac y Arequipa<\/p>\n<p>Adem\u00e1s, las funciones que cumplir\u00e1 la alta comisionada ser\u00e1 proponer un modelo de gobernanza para el desarrollo para el corredor minero; coordinar la acci\u00f3n intersectorial del Estado en articulaci\u00f3n con la sociedad civil y el sector privad; monitorear el cumplimiento de los acuerdos y compromisos asumidos en procesos de di\u00e1logo e informar a la PCM sobre el estado de cumplimiento de acuerdos y otras acciones desplegadas en el Corredor Vial Sur.<\/p>\n<p>El documento refiere que el Despacho Viceministerial de Gobernanza Territorial apoyar\u00e1 en todo lo necesario a la alta comisionada para el cumplimiento de las funciones antes encomendadas. La norma es rubricada por el titular de la PCM, Vicente Zeballos.<\/p>\n<p>&nbsp;<\/p>","protected":false},"excerpt":{"rendered":"<p>La Presidencia del Consejo de Ministros (PCM) design\u00f3 a la exministra de\u00a0Desarrollo e Inclusi\u00f3n Social, Paola Bustamante Su\u00e1rez, como alta comisionada para el Di\u00e1logo y el Desarrollo en el corredor minero del sur, As\u00ed lo se\u00f1ala Resoluci\u00f3n Ministerial N\u00b0 372-2019-PCM publicada hoy en el bolet\u00edn de Normas Legales del Diario Oficial El Peruano. El Decreto [&hellip;]<\/p>\n","protected":false},"author":1,"featured_media":4232,"comment_status":"open","ping_status":"open","sticky":false,"template":"","format":"standard","meta":{"_monsterinsights_skip_tracking":false,"_monsterinsights_sitenote_active":false,"_monsterinsights_sitenote_note":"","_monsterinsights_sitenote_category":0,"_jetpack_memberships_contains_paid_content":false,"footnotes":"","jetpack_publicize_message":"","jetpack_publicize_feature_enabled":true,"jetpack_social_post_already_shared":false,"jetpack_social_options":{"image_generator_settings":{"template":"highway","default_image_id":0,"font":"","enabled":false},"version":2}},"categories":[1],"tags":[],"class_list":["post-4231","post","type-post","status-publish","format-standard","has-post-thumbnail","hentry","category-sin-categoria"],"blocksy_meta":[],"jetpack_publicize_connections":[],"jetpack_featured_media_url":"https:\/\/derechosinfronteras.pe\/wp-content\/uploads\/2019\/10\/PCM-1.jpg","jetpack_sharing_enabled":true,"jetpack_likes_enabled":true,"_links":{"self":[{"href":"https:\/\/derechosinfronteras.pe\/ingles\/wp-json\/wp\/v2\/posts\/4231","targetHints":{"allow":["GET"]}}],"collection":[{"href":"https:\/\/derechosinfronteras.pe\/ingles\/wp-json\/wp\/v2\/posts"}],"about":[{"href":"https:\/\/derechosinfronteras.pe\/ingles\/wp-json\/wp\/v2\/types\/post"}],"author":[{"embeddable":true,"href":"https:\/\/derechosinfronteras.pe\/ingles\/wp-json\/wp\/v2\/users\/1"}],"replies":[{"embeddable":true,"href":"https:\/\/derechosinfronteras.pe\/ingles\/wp-json\/wp\/v2\/comments?post=4231"}],"version-history":[{"count":0,"href":"https:\/\/derechosinfronteras.pe\/ingles\/wp-json\/wp\/v2\/posts\/4231\/revisions"}],"wp:featuredmedia":[{"embeddable":true,"href":"https:\/\/derechosinfronteras.pe\/ingles\/wp-json\/wp\/v2\/media\/4232"}],"wp:attachment":[{"href":"https:\/\/derechosinfronteras.pe\/ingles\/wp-json\/wp\/v2\/media?parent=4231"}],"wp:term":[{"taxonomy":"category","embeddable":true,"href":"https:\/\/derechosinfronteras.pe\/ingles\/wp-json\/wp\/v2\/categories?post=4231"},{"taxonomy":"post_tag","embeddable":true,"href":"https:\/\/derechosinfronteras.pe\/ingles\/wp-json\/wp\/v2\/tags?post=4231"}],"curies":[{"name":"wp","href":"https:\/\/api.w.org\/{rel}","templated":true}]}}