{"id":4233,"date":"2019-10-23T19:11:52","date_gmt":"2019-10-24T00:11:52","guid":{"rendered":"http:\/\/derechosinfronteras.pe\/?p=5186"},"modified":"2019-10-23T19:11:52","modified_gmt":"2019-10-24T00:11:52","slug":"cusco-gobernador-regional-y-dirigentes-se-unen-para-exigir-la-derogatoria-del-estado-de-emergencia-en-el-corredor-minero-del-sur","status":"publish","type":"post","link":"https:\/\/derechosinfronteras.pe\/ingles\/cusco-gobernador-regional-y-dirigentes-se-unen-para-exigir-la-derogatoria-del-estado-de-emergencia-en-el-corredor-minero-del-sur\/","title":{"rendered":"Cusco: Gobernador Regional y dirigentes se unen para exigir la derogatoria del estado de emergencia en el corredor minero del sur"},"content":{"rendered":"<p>Dirigentes comunales y distritales de la provincia cusque\u00f1a de Chumbivilcas se reunieron en Cusco para exigir al Gobierno de Mart\u00edn Vizcarra la derogatoria del estado de Emergencia en el corredor minero del sur. Los dirigentes, en alianza con organizaciones como la FARTAC y la FIDTACHEPG, organizaron una conferencia de prensa a la que sorpresivamente asisti\u00f3 el Gobiernador Regional de Cusco, Jean Paul Benavente, quien se sum\u00f3 al pedido de los comuneros.<\/p>\n<p>Los dirigentes cuestionaron la decisi\u00f3n del Gobierno Central, pues consideran que es inconstitucional, adem\u00e1s de ser una estrategia para desmerecer sus demandas y \u2018proteger los intereses de las grandes transnacionales\u2019.<\/p>\n<p>Por otro lado, manifestaron que no est\u00e1n dispuestos a aperturar un espacio de di\u00e1logo mientras el estado de emergencia se mantenga vigente. \u2018Nuestros hijos no est\u00e1n acostumbrados a ver tantos polic\u00edas armados en nuestras plazas, est\u00e1n muy asustados, con estas condiciones no se puede dialogar\u2019 se\u00f1alaron durante la rueda de prensa.<\/p>\n<p>A culminar la conferencia, los dirigentes y el Gobernador Regional mantuvieron una reuni\u00f3n, donde decidieron enviar una carta al Presidente de la Rep\u00fablica, Mart\u00edn Vizcarra solicitando la derogatoria del D.S. N\u00b0 169-2019 \u2013 PCM, el cual declara en estado de emergencia el corredor minero vial Apur\u00edmac-Cusco-Arequipa, asumiendo el compromiso de iniciar un proceso de di\u00e1logo al d\u00eda siguiente de la derogatoria. Incluso proponen reunirse en el sector Huaranpampa, del distrito de Ccapacmarca.<\/p>\n<p><strong>Datos<\/strong><\/p>\n<p>*Dirigentes comunales de Paruro han sido denunciados por la Procuradur\u00eda P\u00fablica por ser los presuntos causantes de que una comunera pierda un ojo durante el conflicto.<\/p>\n<p>*Las organizaciones sociales y comunales tambi\u00e9n han enviado un documento a la Defensor\u00eda del Pueblo para que se pronuncia sobre la situaci\u00f3n que enfrentan en el corredor minero del sur.<\/p>\n<p>*Dirigentes de la provincia de Chumbivilcas est\u00e1n siendo citados por la polic\u00eda para que declaren sobre hechos ocurridos en algunas zonas del corredor minero.<\/p>\n<p><iframe style=\"border: none; overflow: hidden;\" src=\"https:\/\/www.facebook.com\/plugins\/video.php?href=https%3A%2F%2Fwww.facebook.com%2Fderechossinfronteras.pe%2Fvideos%2F2717739214952344%2F&amp;show_text=0&amp;width=560\" width=\"560\" height=\"315\" frameborder=\"0\" scrolling=\"no\" allowfullscreen=\"allowfullscreen\"><\/iframe><\/p>","protected":false},"excerpt":{"rendered":"<p>Dirigentes comunales y distritales de la provincia cusque\u00f1a de Chumbivilcas se reunieron en Cusco para exigir al Gobierno de Mart\u00edn Vizcarra la derogatoria del estado de Emergencia en el corredor minero del sur. Los dirigentes, en alianza con organizaciones como la FARTAC y la FIDTACHEPG, organizaron una conferencia de prensa a la que sorpresivamente asisti\u00f3 [&hellip;]<\/p>\n","protected":false},"author":1,"featured_media":4234,"comment_status":"open","ping_status":"open","sticky":false,"template":"","format":"standard","meta":{"_monsterinsights_skip_tracking":false,"_monsterinsights_sitenote_active":false,"_monsterinsights_sitenote_note":"","_monsterinsights_sitenote_category":0,"_jetpack_memberships_contains_paid_content":false,"footnotes":"","jetpack_publicize_message":"","jetpack_publicize_feature_enabled":true,"jetpack_social_post_already_shared":false,"jetpack_social_options":{"image_generator_settings":{"template":"highway","default_image_id":0,"font":"","enabled":false},"version":2}},"categories":[1],"tags":[],"class_list":["post-4233","post","type-post","status-publish","format-standard","has-post-thumbnail","hentry","category-sin-categoria"],"blocksy_meta":[],"jetpack_publicize_connections":[],"jetpack_featured_media_url":"https:\/\/derechosinfronteras.pe\/wp-content\/uploads\/2019\/10\/Derogatoria.jpg","jetpack_sharing_enabled":true,"jetpack_likes_enabled":true,"_links":{"self":[{"href":"https:\/\/derechosinfronteras.pe\/ingles\/wp-json\/wp\/v2\/posts\/4233","targetHints":{"allow":["GET"]}}],"collection":[{"href":"https:\/\/derechosinfronteras.pe\/ingles\/wp-json\/wp\/v2\/posts"}],"about":[{"href":"https:\/\/derechosinfronteras.pe\/ingles\/wp-json\/wp\/v2\/types\/post"}],"author":[{"embeddable":true,"href":"https:\/\/derechosinfronteras.pe\/ingles\/wp-json\/wp\/v2\/users\/1"}],"replies":[{"embeddable":true,"href":"https:\/\/derechosinfronteras.pe\/ingles\/wp-json\/wp\/v2\/comments?post=4233"}],"version-history":[{"count":0,"href":"https:\/\/derechosinfronteras.pe\/ingles\/wp-json\/wp\/v2\/posts\/4233\/revisions"}],"wp:featuredmedia":[{"embeddable":true,"href":"https:\/\/derechosinfronteras.pe\/ingles\/wp-json\/wp\/v2\/media\/4234"}],"wp:attachment":[{"href":"https:\/\/derechosinfronteras.pe\/ingles\/wp-json\/wp\/v2\/media?parent=4233"}],"wp:term":[{"taxonomy":"category","embeddable":true,"href":"https:\/\/derechosinfronteras.pe\/ingles\/wp-json\/wp\/v2\/categories?post=4233"},{"taxonomy":"post_tag","embeddable":true,"href":"https:\/\/derechosinfronteras.pe\/ingles\/wp-json\/wp\/v2\/tags?post=4233"}],"curies":[{"name":"wp","href":"https:\/\/api.w.org\/{rel}","templated":true}]}}