{"id":4235,"date":"2019-10-21T15:41:12","date_gmt":"2019-10-21T20:41:12","guid":{"rendered":"http:\/\/derechosinfronteras.pe\/?p=5151"},"modified":"2019-10-21T15:41:12","modified_gmt":"2019-10-21T20:41:12","slug":"sobre-los-afectados-por-metales-toxicos-una-lucha-sin-fin-sin-excusas-y-sin-mas-postergaciones","status":"publish","type":"post","link":"https:\/\/derechosinfronteras.pe\/ingles\/sobre-los-afectados-por-metales-toxicos-una-lucha-sin-fin-sin-excusas-y-sin-mas-postergaciones\/","title":{"rendered":"Sobre los afectados por metales t\u00f3xicos: Una lucha sin fin, sin excusas y sin m\u00e1s postergaciones"},"content":{"rendered":"<blockquote>\n<p style=\"text-align: right;\">Por Blga. Karem Luque \u2013 \u00c1rea de Derechos Colectivos y Medio Ambiente &#8211; DHSF<\/p>\n<\/blockquote>\n<p>\u2018La esperanza es lo \u00faltimo que se pierde\u2019 dice un dicho popular, y al parecer es una frase apropiada, desde hace dos a\u00f1os, por la lucha de quienes conforman la Plataforma Nacional de Afectados y afectadas por metales, metaloides y otras sustancias qu\u00edmicas t\u00f3xicas. Una lucha por la vida y en contra de la muerte, pero adem\u00e1s para exigir de manera colectiva una vida digna en un ambiente que se ha alterado por la extracci\u00f3n de sus recursos naturales, generando graves e irreversibles da\u00f1os a su salud.<\/p>\n<p>Hace exactamente dos a\u00f1os se llev\u00f3 a cabo el I Encuentro Nacional de poblaciones afectadas por metales t\u00f3xicos, durante este encuentro se compartieron preocupaciones, avances y limitaciones que hab\u00edan tenido en el camino afectados\/as de <strong>Cerro de Pasco, La Oroya, Cajamarca, Amazonas, Loreto, Puno, provincias de Lima y Espinar<\/strong>, as\u00ed mismo se logr\u00f3 consensuar una agenda que propon\u00eda al gobierno la implementaci\u00f3n de una Pol\u00edtica Nacional que se enfoque en la prevenci\u00f3n, y la atenci\u00f3n primaria y especializada. Todo ello fue presentado y expuesto a las diferentes instancias de gobierno como el Ministerio de Salud, Ministerio de Ambiente, Defensor\u00eda del Pueblo, Congresistas de la Rep\u00fablica, entre otros.<\/p>\n<p>A partir de ese momento la lucha ha sido continua para la implementaci\u00f3n de los compromisos de cada entidad p\u00fablica, el escenario no ha sido el m\u00e1s favorable en este periodo. Pero las esperanzas no se han difuminado, pues la articulaci\u00f3n y el acompa\u00f1amiento han permitido que las y los afectados que integran la Plataforma encuentren una nueva red de apoyo que les d\u00e9 fortaleza. Los frutos se vieron durante el 2018 e inicios del 2019, fechas en que se han ido aprobando documentos resolutivos que reconoc\u00edan la problem\u00e1tica de contaminaci\u00f3n por metales t\u00f3xicos como un problema de Salud P\u00fablica y que necesitaba atenci\u00f3n urgente.<\/p>\n<p><strong>II Encuentro Nacional de Afectadas\/os a la salud: A mal tiempo buena cara<\/strong><\/p>\n<p>Como ya se sabe, el pasado 30 de setiembre la mayor\u00eda de la poblaci\u00f3n peruana recib\u00eda con asombro y emoci\u00f3n la disoluci\u00f3n del Congreso de la Rep\u00fablica, y con ello la convocatoria a las nuevas elecciones parlamentarias, mientras esto pasaba, las y los representantes y delegaciones de 13 regiones del pa\u00eds se reun\u00edan en Lima para evaluar, fortalecer y planificar las acciones como una plataforma colectiva y s\u00f3lida que no hab\u00eda recibido una respuesta adecuada y eficiente a sus demandas.<\/p>\n<p>Durante este segundo encuentro las delegaciones de la Plataforma Nacional reafirmaron su propuesta de exigir al gobierno la conformaci\u00f3n de una Comisi\u00f3n Multisectorial Permanente\u00b9 y que establezca un plan m\u00e1s consensuado con el fin de atender y detener la contaminaci\u00f3n ambiental de sus territorios, promover atenci\u00f3n en salud integral y especializada, garantizar agua de consumo humano en sus hogares, entre otros.<\/p>\n<p>\u201cLa crisis del gobierno est\u00e1 ah\u00ed por ahora, pero lo que nosotros vivimos a diario en nuestros territorios tiene que ver con la lucha por vivir, y eso no tiene descanso\u201d, fueron las palabras de Teresa Cu\u00f1achi, una de las afectadas y representante de la zona de Bagua-.Amazonas, durante la presentaci\u00f3n del estudio realizado por la Organizaci\u00f3n de Periodismo de Investigaci\u00f3n Convoca en diversas zonas del pa\u00eds, en el marco del \u2018Foro P\u00fablico: Metales T\u00f3xicos en el Per\u00fa. Una realidad que contamina\u2019. As\u00ed mismo la Dra. Tania L\u00f3pez \u2013 Representante del MINSA &#8211; y encargada de la Estrategia de Metales Pesados indic\u00f3 que son conscientes que han olvidado durante mucho tiempo las demandas de la poblaci\u00f3n afectada por metales t\u00f3xicos y que, para el mes de octubre estar\u00e1n enviando brigadas de m\u00e9dicos especialistas para atender a Espinar-Cusco, Bambamarca \u2013 Cajamarca y a las comunidades de los r\u00edos Pastaza, Mara\u00f1on, Corrientes y Tigre de la regi\u00f3n Loreto. Esperamos que ello se cumpla finalmente.<\/p>\n<p><strong>El dolor de las mujeres afectadas por metales t\u00f3xicos<\/strong><\/p>\n<p>Dolidas, discriminadas, despojadas, inseguras, impotentes, culpables, ignoradas e indignadas es el sentir de las mujeres de los territorios contaminados por metales pesados. Estos sentires, antag\u00f3nicos y complementarios a la vez, fueron compartidos durante la primera reuni\u00f3n que tuvieron mujeres de 13 zonas para elaborar una agenda diferenciada de sus principales sentires a partir de la afectaci\u00f3n por metales t\u00f3xicos que va avanzando en el tiempo y va generando tambi\u00e9n da\u00f1os psicol\u00f3gicos en sus familias. Esta acci\u00f3n fue una apuesta de la Plataforma, pues consideran que es necesario e importante considerar la interseccionalidad en sus luchas.<\/p>\n<p>Como ya lo mencionamos en anteriores ocasiones, la lucha de las mujeres, ni\u00f1as y ni\u00f1os, padres y madres, de todas y todos los afectados por metales t\u00f3xicos en el pa\u00eds, es y debe ser una agenda prioritaria para los gobiernos regionales y el gobierno nacional.<\/p>\n<p>El costo del \u201cdesarrollo econ\u00f3mico\u201d no puede ser a costa de la vida de cientos de peruanos y peruanas, por ello esperamos que en estos tiempos de cambios y reformas, los nuevos rostros no sigan con las mismas ma\u00f1as de los \u2018viejos pol\u00edticos\u2019, y que por el contrario prime la apuesta por vida y la salud de estas personas, que desde hace a\u00f1os est\u00e1n exigiendo que el Estado garantice sus derechos.<\/p>\n<hr \/>\n<pre>[1]Este pedido fue una propuesta de la Plataforma Nacional de Afectados a la salud por metales t\u00f3xicos y la Mesa T\u00e9cnica de Salud Ambiental y Humana, quienes despu\u00e9s del I encuentro nacional evaluaron que no s\u00f3lo se necesitaba una respuesta desde el MINSA, sino mayor involucramiento y participaci\u00f3n para prevenir el impacto en el ambiente (Ministerio del Ambiente), garantizar agua segura en sus territorios (Ministerio de Vivienda, Construcci\u00f3n y Saneamiento), as\u00ed mismo participaci\u00f3n de sus gobiernos locales y regionales, de la misma plataforma nacional y la mesa t\u00e9cnica, entre otros actores.<\/pre>\n","protected":false},"excerpt":{"rendered":"<p>Por Blga. Karem Luque \u2013 \u00c1rea de Derechos Colectivos y Medio Ambiente &#8211; DHSF \u2018La esperanza es lo \u00faltimo que se pierde\u2019 dice un dicho popular, y al parecer es una frase apropiada, desde hace dos a\u00f1os, por la lucha de quienes conforman la Plataforma Nacional de Afectados y afectadas por metales, metaloides y otras [&hellip;]<\/p>\n","protected":false},"author":1,"featured_media":4236,"comment_status":"open","ping_status":"open","sticky":false,"template":"","format":"standard","meta":{"_monsterinsights_skip_tracking":false,"_monsterinsights_sitenote_active":false,"_monsterinsights_sitenote_note":"","_monsterinsights_sitenote_category":0,"_jetpack_memberships_contains_paid_content":false,"footnotes":"","jetpack_publicize_message":"","jetpack_publicize_feature_enabled":true,"jetpack_social_post_already_shared":false,"jetpack_social_options":{"image_generator_settings":{"template":"highway","default_image_id":0,"font":"","enabled":false},"version":2}},"categories":[1],"tags":[],"class_list":["post-4235","post","type-post","status-publish","format-standard","has-post-thumbnail","hentry","category-sin-categoria"],"blocksy_meta":[],"jetpack_publicize_connections":[],"jetpack_featured_media_url":"https:\/\/derechosinfronteras.pe\/wp-content\/uploads\/2019\/10\/Salud.jpg","jetpack_sharing_enabled":true,"jetpack_likes_enabled":true,"_links":{"self":[{"href":"https:\/\/derechosinfronteras.pe\/ingles\/wp-json\/wp\/v2\/posts\/4235","targetHints":{"allow":["GET"]}}],"collection":[{"href":"https:\/\/derechosinfronteras.pe\/ingles\/wp-json\/wp\/v2\/posts"}],"about":[{"href":"https:\/\/derechosinfronteras.pe\/ingles\/wp-json\/wp\/v2\/types\/post"}],"author":[{"embeddable":true,"href":"https:\/\/derechosinfronteras.pe\/ingles\/wp-json\/wp\/v2\/users\/1"}],"replies":[{"embeddable":true,"href":"https:\/\/derechosinfronteras.pe\/ingles\/wp-json\/wp\/v2\/comments?post=4235"}],"version-history":[{"count":0,"href":"https:\/\/derechosinfronteras.pe\/ingles\/wp-json\/wp\/v2\/posts\/4235\/revisions"}],"wp:featuredmedia":[{"embeddable":true,"href":"https:\/\/derechosinfronteras.pe\/ingles\/wp-json\/wp\/v2\/media\/4236"}],"wp:attachment":[{"href":"https:\/\/derechosinfronteras.pe\/ingles\/wp-json\/wp\/v2\/media?parent=4235"}],"wp:term":[{"taxonomy":"category","embeddable":true,"href":"https:\/\/derechosinfronteras.pe\/ingles\/wp-json\/wp\/v2\/categories?post=4235"},{"taxonomy":"post_tag","embeddable":true,"href":"https:\/\/derechosinfronteras.pe\/ingles\/wp-json\/wp\/v2\/tags?post=4235"}],"curies":[{"name":"wp","href":"https:\/\/api.w.org\/{rel}","templated":true}]}}