{"id":4237,"date":"2019-10-21T12:21:46","date_gmt":"2019-10-21T17:21:46","guid":{"rendered":"http:\/\/derechosinfronteras.pe\/?p=5152"},"modified":"2019-10-21T12:21:46","modified_gmt":"2019-10-21T17:21:46","slug":"comunicacion-indigena-comunicacion-alternativa-y-de-resistencia","status":"publish","type":"post","link":"https:\/\/derechosinfronteras.pe\/ingles\/comunicacion-indigena-comunicacion-alternativa-y-de-resistencia\/","title":{"rendered":"Comunicaci\u00f3n Ind\u00edgena:  Comunicaci\u00f3n alternativa y de resistencia"},"content":{"rendered":"<blockquote>\n<p style=\"text-align: right;\">Por Lic. C\u00e9sar Aguilar Andrade-Presidente REDCIP (Red de Comunicadores Ind\u00edgenas del Per\u00fa)<\/p>\n<\/blockquote>\n<p>Cuando nuestra patria se desangra en un conflicto entre grupos que responden a sus propios intereses, los unos buscando parches y remiendos para una Constituci\u00f3n que ya gener\u00f3 ilegitimidad, los otros protegiendo sus robos y latrocinios a trav\u00e9s de mafias enquistadas en el Congreso y el propio gobierno; cuando la corrupci\u00f3n ya desbord\u00f3 a entidades representativas y el Estado mismo es ya una gangrena que supura pus que podr\u00eda terminar en una violencia pol\u00edtica y social de imprevisibles consecuencias; cuando las empresas Multinacionales priorizan el r\u00e9dito o ganancia econ\u00f3mica y la usura por encima del ser humano; cuando el inmisericorde extractivismo de nuestros recursos como los minerales, el petr\u00f3leo, el gas o el agua se engulle a estados, gobiernos y pol\u00edticos sin dignidad, autoestima y menos sentido de patria; cuando se incendian las selvas de la Amazonia y el \u00c1frica por intereses mercantilistas matando en vida a humanos, animales y plantas que juntos son la gran familia del planeta; cuando el consumismo extremo y materialista para un grosero exhibicionismo desconoce derechos e identidades, <strong>\u00bfD\u00f3nde est\u00e1n las autoridades y representantes de los Estados que solo insisten en criminalizar y perseguir la protesta y la comunicaci\u00f3n e informaci\u00f3n alternativa?; \u00bfD\u00f3nde est\u00e1 la ciudadan\u00eda, la intelectualidad y los liderazgos reconocidos cuando ap\u00e1tridas que trabajan para una multinacional creen haber logrado \u201cdesarrollo\u201d al comprarse un departamento y un veh\u00edculo?, \u00bfEn qu\u00e9 medios capitalinos o prensa supuestamente \u201cprofesional\u201d se discute esta lacerante realidad?<\/strong>; por ello hoy m\u00e1s que nunca la vigencia de una Comunicaci\u00f3n Ind\u00edgena y Democr\u00e1tica que acompa\u00f1e procesos de empoderamiento, descolonizaci\u00f3n mental y fortalecimiento de identidades culturales, hoy m\u00e1s que nunca Comunicadores Ind\u00edgenas que sean la voz de los sin voz, la esperanza para visibilizar realidades ocultas o maquilladas, la reserva informativa y comunicacional para procesos de cambio.<\/p>\n<p>Ante esa demanda hist\u00f3rica la Red de Comunicadores Ind\u00edgenas del Per\u00fa-REDCIP organiz\u00f3 el ENCUENTRO INTERNACIONAL DE COMUNICACI\u00d3N IND\u00cdGENA 2019, un evento de comunicadores y para comunicadores con caracter\u00edsticas autogestionarias, participativas e incluyentes; un evento que se realiz\u00f3 en Cusco, el pasado 10, 11 y 12 de octubre, en el que a trav\u00e9s de acciones de sinergia y retroalimentaci\u00f3n se dialog\u00f3 sobre los avances, retrocesos y retos del Derecho a la Comunicaci\u00f3n para pueblos ind\u00edgenas, sobre la comunicaci\u00f3n ind\u00edgena y las Lenguas Originarias buscando su articulaci\u00f3n y vigencia, sobre la formaci\u00f3n en comunicaci\u00f3n ind\u00edgena e intercultural como alternativa a los medios oficialistas y a su existencia como ap\u00e9ndice del sistema imperante y racista, sobre la comunicaci\u00f3n ind\u00edgena para la defensa de la madre tierra y de nuestros territorios, la autonom\u00eda y los derechos ind\u00edgenas que se materialice en el dise\u00f1o y ejecuci\u00f3n de campa\u00f1as medi\u00e1ticas para hacer incidencia p\u00fablica sobre temas emergentes y urgentes de la agenda ind\u00edgena intercultural.<\/p>\n<p>Entonces siguiendo el camino abierto en mayo del 2009 en Puno, pasando por el Cauca-Colombia en el 2010, por Oaxaca-M\u00e9xico el 2013 y Cochabamba-Bolivia el 2016, cientos de hombres y mujeres ind\u00edgenas que ejercen la comunicaci\u00f3n se reunieron en la ciudad imperial para continuar abriendo el camino que nos permita hacer visible nuestro trabajo, nuestros sue\u00f1os y nuestra resistencia<\/p>","protected":false},"excerpt":{"rendered":"<p>Por Lic. C\u00e9sar Aguilar Andrade-Presidente REDCIP (Red de Comunicadores Ind\u00edgenas del Per\u00fa) Cuando nuestra patria se desangra en un conflicto entre grupos que responden a sus propios intereses, los unos buscando parches y remiendos para una Constituci\u00f3n que ya gener\u00f3 ilegitimidad, los otros protegiendo sus robos y latrocinios a trav\u00e9s de mafias enquistadas en el [&hellip;]<\/p>\n","protected":false},"author":1,"featured_media":4238,"comment_status":"open","ping_status":"open","sticky":false,"template":"","format":"standard","meta":{"_monsterinsights_skip_tracking":false,"_monsterinsights_sitenote_active":false,"_monsterinsights_sitenote_note":"","_monsterinsights_sitenote_category":0,"_jetpack_memberships_contains_paid_content":false,"footnotes":"","jetpack_publicize_message":"","jetpack_publicize_feature_enabled":true,"jetpack_social_post_already_shared":false,"jetpack_social_options":{"image_generator_settings":{"template":"highway","default_image_id":0,"font":"","enabled":false},"version":2}},"categories":[1],"tags":[],"class_list":["post-4237","post","type-post","status-publish","format-standard","has-post-thumbnail","hentry","category-sin-categoria"],"blocksy_meta":[],"jetpack_publicize_connections":[],"jetpack_featured_media_url":"https:\/\/derechosinfronteras.pe\/wp-content\/uploads\/2019\/10\/Comunicacion-Indigenas.jpg","jetpack_sharing_enabled":true,"jetpack_likes_enabled":true,"_links":{"self":[{"href":"https:\/\/derechosinfronteras.pe\/ingles\/wp-json\/wp\/v2\/posts\/4237","targetHints":{"allow":["GET"]}}],"collection":[{"href":"https:\/\/derechosinfronteras.pe\/ingles\/wp-json\/wp\/v2\/posts"}],"about":[{"href":"https:\/\/derechosinfronteras.pe\/ingles\/wp-json\/wp\/v2\/types\/post"}],"author":[{"embeddable":true,"href":"https:\/\/derechosinfronteras.pe\/ingles\/wp-json\/wp\/v2\/users\/1"}],"replies":[{"embeddable":true,"href":"https:\/\/derechosinfronteras.pe\/ingles\/wp-json\/wp\/v2\/comments?post=4237"}],"version-history":[{"count":0,"href":"https:\/\/derechosinfronteras.pe\/ingles\/wp-json\/wp\/v2\/posts\/4237\/revisions"}],"wp:featuredmedia":[{"embeddable":true,"href":"https:\/\/derechosinfronteras.pe\/ingles\/wp-json\/wp\/v2\/media\/4238"}],"wp:attachment":[{"href":"https:\/\/derechosinfronteras.pe\/ingles\/wp-json\/wp\/v2\/media?parent=4237"}],"wp:term":[{"taxonomy":"category","embeddable":true,"href":"https:\/\/derechosinfronteras.pe\/ingles\/wp-json\/wp\/v2\/categories?post=4237"},{"taxonomy":"post_tag","embeddable":true,"href":"https:\/\/derechosinfronteras.pe\/ingles\/wp-json\/wp\/v2\/tags?post=4237"}],"curies":[{"name":"wp","href":"https:\/\/api.w.org\/{rel}","templated":true}]}}