{"id":4241,"date":"2019-10-17T17:21:26","date_gmt":"2019-10-17T22:21:26","guid":{"rendered":"http:\/\/derechosinfronteras.pe\/?p=5161"},"modified":"2019-10-17T17:21:26","modified_gmt":"2019-10-17T22:21:26","slug":"pronunciamiento-estado-de-emergencia-en-el-corredor-minero-del-sur-no-es-la-solucion","status":"publish","type":"post","link":"https:\/\/derechosinfronteras.pe\/ingles\/pronunciamiento-estado-de-emergencia-en-el-corredor-minero-del-sur-no-es-la-solucion\/","title":{"rendered":"PRONUNCIAMIENTO: \u00a1Estado de emergencia en el corredor minero del sur, no es la soluci\u00f3n!"},"content":{"rendered":"<blockquote>\n<p style=\"text-align: justify;\"><em><strong>Ante la declaratoria del estado de emergencia en el corredor minero vial de Cusco, en los tramos de Ccapacmarca, Colquemarca, Chamaca y Velille de la provincia de Chumbivilcas &#8211; Cusco, publicada este 15 de octubre, la Coordinadora Nacional de Derechos Humanos (CNDDHH) manifiesta:<\/strong><\/em><\/p>\n<\/blockquote>\n<ol>\n<li>En septiembre de este a\u00f1o el Organismo de Evaluaci\u00f3n y Fiscalizaci\u00f3n Ambiental \u2013 OEFA public\u00f3 de manera preliminar el Informe de Fiscalizaci\u00f3n Ambiental Corredor Vial \u00c1mbito de la Provincia de Chumbivilcas donde: \u201cSe ordena la modificaci\u00f3n y\/o actualizaci\u00f3n del estudio de impacto ambiental vigente, en el marco del SEIA\u201d, del proyecto minero Las Bambas. El OEFA adem\u00e1s encontr\u00f3 que en varios lugares se exceden las normas ambientales en materia de ruido, aire, suelo y agua; es decir, comprob\u00f3 las denuncias de contaminaci\u00f3n ambiental realizadas por las comunidades.<\/li>\n<\/ol>\n<ol start=\"2\">\n<li>Desde hace m\u00e1s de 20 d\u00edas las comunidades y poblaciones afectadas por el excesivo transporte de minerales vienen exigiendo el respeto de sus derechos a un medio ambiente equilibrado y libre de contaminaci\u00f3n, as\u00ed como el cumplimiento de los compromisos que la misma empresa suscribi\u00f3 con estas.<\/li>\n<\/ol>\n<p>Recordamos que las instituciones del Estado tienen la obligaci\u00f3n de garantizar que no se vulneren los derechos fundamentales de las comunidades campesinas y de la poblaci\u00f3n en general de Chumbivilcas. Exigimos que el Ministerio P\u00fablico y Poder Judicial sean garantes del orden constitucional y solicitamos a que la Defensor\u00eda del Pueblo mantenga un rol activo y vigilante.<\/p>\n<blockquote><p><strong>Demandamos al Ministerio del Interior para que los actos de la intervenci\u00f3n de la fuerza p\u00fablica en el marco de las obligaciones internacionales de derechos humanos, as\u00ed como a documentos internacionales de protecci\u00f3n de defensores y defensoras de los derechos ind\u00edgenas y del derecho al medio ambiente.<\/strong><\/p><\/blockquote>\n<p>Exigimos al Gobierno central que elabore y proponga una soluci\u00f3n concreta, inmediata y pac\u00edfica a las demandas de la poblaci\u00f3n y sus comunidades, convocando a espacios de di\u00e1logo con alternativas de soluci\u00f3n estructural para el cumplimiento oportuno entre las comunidades y la empresa que permitan llegar a acuerdos satisfactorios para todas las partes; recordamos que las demandas de la ciudadan\u00eda producidas desde el a\u00f1o 2015 han generado 4 l\u00edderes muertos por la PNP en el caso de Las Bambas, cr\u00edmenes que a\u00fan siguen impunes, y que hace 10 d\u00edas la se\u00f1ora Higidia Humpire perdi\u00f3 un ojo producto de un perdig\u00f3n lanzado tambi\u00e9n por la PNP.<\/p>\n<p><strong>Finalmente, reiteramos la necesidad urgente de dejar sin efecto la declaratoria del estado de emergencia para que se restituya el derecho a la reuni\u00f3n y el libre tr\u00e1nsito.<\/strong><\/p>\n<p><em>Coordinadora Nacional de Derechos Humanos &#8211; CNDDHH<\/em><\/p>\n<p><em>Derechos Humanos Sin Fronteras &#8211; DHSF<\/em><\/p>\n<p style=\"text-align: right;\"><strong>Lima, 17 de octubre del 2019.<\/strong><\/p>","protected":false},"excerpt":{"rendered":"<p>Ante la declaratoria del estado de emergencia en el corredor minero vial de Cusco, en los tramos de Ccapacmarca, Colquemarca, Chamaca y Velille de la provincia de Chumbivilcas &#8211; Cusco, publicada este 15 de octubre, la Coordinadora Nacional de Derechos Humanos (CNDDHH) manifiesta: En septiembre de este a\u00f1o el Organismo de Evaluaci\u00f3n y Fiscalizaci\u00f3n Ambiental [&hellip;]<\/p>\n","protected":false},"author":1,"featured_media":4242,"comment_status":"open","ping_status":"open","sticky":false,"template":"","format":"standard","meta":{"_monsterinsights_skip_tracking":false,"_monsterinsights_sitenote_active":false,"_monsterinsights_sitenote_note":"","_monsterinsights_sitenote_category":0,"_jetpack_memberships_contains_paid_content":false,"footnotes":"","jetpack_publicize_message":"","jetpack_publicize_feature_enabled":true,"jetpack_social_post_already_shared":false,"jetpack_social_options":{"image_generator_settings":{"template":"highway","default_image_id":0,"font":"","enabled":false},"version":2}},"categories":[1],"tags":[],"class_list":["post-4241","post","type-post","status-publish","format-standard","has-post-thumbnail","hentry","category-sin-categoria"],"blocksy_meta":[],"jetpack_publicize_connections":[],"jetpack_featured_media_url":"https:\/\/derechosinfronteras.pe\/wp-content\/uploads\/2019\/10\/ee-02.jpg","jetpack_sharing_enabled":true,"jetpack_likes_enabled":true,"_links":{"self":[{"href":"https:\/\/derechosinfronteras.pe\/ingles\/wp-json\/wp\/v2\/posts\/4241","targetHints":{"allow":["GET"]}}],"collection":[{"href":"https:\/\/derechosinfronteras.pe\/ingles\/wp-json\/wp\/v2\/posts"}],"about":[{"href":"https:\/\/derechosinfronteras.pe\/ingles\/wp-json\/wp\/v2\/types\/post"}],"author":[{"embeddable":true,"href":"https:\/\/derechosinfronteras.pe\/ingles\/wp-json\/wp\/v2\/users\/1"}],"replies":[{"embeddable":true,"href":"https:\/\/derechosinfronteras.pe\/ingles\/wp-json\/wp\/v2\/comments?post=4241"}],"version-history":[{"count":0,"href":"https:\/\/derechosinfronteras.pe\/ingles\/wp-json\/wp\/v2\/posts\/4241\/revisions"}],"wp:featuredmedia":[{"embeddable":true,"href":"https:\/\/derechosinfronteras.pe\/ingles\/wp-json\/wp\/v2\/media\/4242"}],"wp:attachment":[{"href":"https:\/\/derechosinfronteras.pe\/ingles\/wp-json\/wp\/v2\/media?parent=4241"}],"wp:term":[{"taxonomy":"category","embeddable":true,"href":"https:\/\/derechosinfronteras.pe\/ingles\/wp-json\/wp\/v2\/categories?post=4241"},{"taxonomy":"post_tag","embeddable":true,"href":"https:\/\/derechosinfronteras.pe\/ingles\/wp-json\/wp\/v2\/tags?post=4241"}],"curies":[{"name":"wp","href":"https:\/\/api.w.org\/{rel}","templated":true}]}}