{"id":4243,"date":"2019-10-15T15:15:40","date_gmt":"2019-10-15T20:15:40","guid":{"rendered":"http:\/\/derechosinfronteras.pe\/?p=5148"},"modified":"2019-10-15T15:15:40","modified_gmt":"2019-10-15T20:15:40","slug":"despues-del-cierre-del-congreso-que-se-espera-para-el-caso-de-las-esterilizaciones-forzadas","status":"publish","type":"post","link":"https:\/\/derechosinfronteras.pe\/ingles\/despues-del-cierre-del-congreso-que-se-espera-para-el-caso-de-las-esterilizaciones-forzadas\/","title":{"rendered":"Despu\u00e9s del cierre del Congreso: \u00bfQu\u00e9 se espera  para el caso de las Esterilizaciones Forzadas?"},"content":{"rendered":"<blockquote>\n<p style=\"text-align: right;\">Por Emilia Salazar Ch\u00e1vez &#8211; Feminista integrante de DEMUS y del Grupo de\u00a0 Seguimiento a las Reparaciones por Esterilizaciones Forzadas (GREF)<\/p>\n<\/blockquote>\n<p>Recientemente nuestro pa\u00eds tuvo una de las semanas m\u00e1s complicadas en su historia pol\u00edtica. Mart\u00edn Vizcarra decidi\u00f3 cerrar el Congreso de la Rep\u00fablica luego de que se le negara la cuesti\u00f3n de confianza, y excongresistas fujiapristas y aliados intenten una nueva repartija del Tribunal Constitucional (TC).<\/p>\n<p>\u00bfPero por qu\u00e9 es tan importante el Tribunal Constitucional? El TC es un organismo constitucional aut\u00f3nomo, y es el m\u00e1ximo int\u00e9rprete de la Constituci\u00f3n Pol\u00edtica. Sus integrantes gozan de inmunidad y se encargan de evaluar si las sentencias judiciales van acorde a nuestra Constituci\u00f3n, la cual fue elaborada en el r\u00e9gimen dictatorial de Alberto Fujimori en el a\u00f1o 1993.<\/p>\n<p>Cuando se discut\u00eda la designaci\u00f3n de miembros del TC semanas atr\u00e1s, desde la sociedad civil, principalmente el Grupo de Reparaciones de Esterilizaci\u00f3n Forzada (GREF), alert\u00f3 que el exministro fujimorista Marino Costa Bauer, denunciado junto a los exministros Alejandro Aguinaga, Eduardo Yong Motta y Alberto Fujimori por el Ministerio P\u00fablico como responsables de esterilizaciones forzadas ocurridas en la d\u00e9cada del 90, present\u00f3 un recurso para que el TC impida que se le investigue y procese, adem\u00e1s, archive todo el caso pese a que la denuncia de 1316 mujeres se encuentra formalizada ante el Poder Judicial.<\/p>\n<p>Recordemos que Costa Bauer fue Ministro de Salud del 10 de abril de 1996 al 5 de enero de 1999. Durante su gesti\u00f3n se esterilizaron a m\u00e1s de 200 mil mujeres e informaba continua y exclusivamente a Fuijmori sobre las metas de ligaduras de trompas y vasectom\u00edas\u00b9.<br \/>\nCosta Bauer solicit\u00f3 al Poder Judicial no ser investigado, sin embargo, su pedido fue rechazado en primera y segunda instancia y posteriormente present\u00f3 su pedido ante el TC. En audiencia en la sede del TC, el 17 de julio del presente a\u00f1o\u00b2 (Recomendamos ver video de audiencia desde el el minuto 120) solicit\u00f3 que se declare nula toda la investigaci\u00f3n y se archive definitivamente el caso. El Ministerio P\u00fablico respondi\u00f3 se\u00f1alando que se rechace su pedido porque debe tomarse en cuenta los derechos de las v\u00edctimas pues se trata de un caso de violaciones a los derechos humanos los que son imprescriptibles.<\/p>\n<p>Lo incre\u00edble de dicha audiencia fue la actuaci\u00f3n del magistrado del TC Jos\u00e9 Luis Sard\u00f3n, ya que fue pr\u00e1cticamente juez y parte, atrevi\u00e9ndose a cuestionar la obligatoriedad del cumplimiento de acuerdos internacionales sobre derechos humanos por el Estado peruano e inclusive de las decisiones de la Corte Interamericana de Derechos Humanos.<\/p>\n<p>Ahora, con los intentos de algunas\/os excongresistas de aferrarse al poder e impunidad y la presi\u00f3n que est\u00e1n ejerciendo para el cambio de un integrante del TC elegido de forma irregular por el disuelto Congreso, debemos estar en constante alerta y vigilantes a la actuaci\u00f3n del TC pues a\u00fan queda pendiente la votaci\u00f3n de los magistrados respecto al pedido de nulidad y archivo del caso esterilizaciones forzadas.<\/p>\n<p>Esperamos que el TC declare infundada dicha solicitud y garantice a las v\u00edctimas los derechos de verdad y justicia.\u00a0Las peruanas y peruanos tenemos derecho a saber la verdad, conocer lo que pas\u00f3 y saldar la deuda hist\u00f3rica que tenemos como sociedad con las v\u00edctimas de esterilizaciones forzadas. No permitamos que el TC termine copado por el fujiaprismo para resguardar sus intereses pol\u00edticos y econ\u00f3micos. Nos toca salir a las calles nuevamente, para defender nuestra democracia, pero una democracia que incluya y vele verdaderamente por los derechos de las mujeres<\/p>\n<hr \/>\n<pre>[1] Oficios firmados por Costa Bauer en 1997:\u00a0 https:\/\/1996pnsrpf2000.files.wordpress.com\/2014\/09\/oficios-firmados-por-el-ministro-m-costa-bauer.pdf\n[2]Video de la Audiencia del TC: https:\/\/www.youtube.com\/watch?v=N_aoxRSGhFk<\/pre>\n","protected":false},"excerpt":{"rendered":"<p>Por Emilia Salazar Ch\u00e1vez &#8211; Feminista integrante de DEMUS y del Grupo de\u00a0 Seguimiento a las Reparaciones por Esterilizaciones Forzadas (GREF) Recientemente nuestro pa\u00eds tuvo una de las semanas m\u00e1s complicadas en su historia pol\u00edtica. Mart\u00edn Vizcarra decidi\u00f3 cerrar el Congreso de la Rep\u00fablica luego de que se le negara la cuesti\u00f3n de confianza, y [&hellip;]<\/p>\n","protected":false},"author":1,"featured_media":4244,"comment_status":"open","ping_status":"open","sticky":false,"template":"","format":"standard","meta":{"_monsterinsights_skip_tracking":false,"_monsterinsights_sitenote_active":false,"_monsterinsights_sitenote_note":"","_monsterinsights_sitenote_category":0,"_jetpack_memberships_contains_paid_content":false,"footnotes":"","jetpack_publicize_message":"","jetpack_publicize_feature_enabled":true,"jetpack_social_post_already_shared":false,"jetpack_social_options":{"image_generator_settings":{"template":"highway","default_image_id":0,"font":"","enabled":false},"version":2}},"categories":[1],"tags":[],"class_list":["post-4243","post","type-post","status-publish","format-standard","has-post-thumbnail","hentry","category-sin-categoria"],"blocksy_meta":[],"jetpack_publicize_connections":[],"jetpack_featured_media_url":"https:\/\/derechosinfronteras.pe\/wp-content\/uploads\/2019\/10\/Greef.jpg","jetpack_sharing_enabled":true,"jetpack_likes_enabled":true,"_links":{"self":[{"href":"https:\/\/derechosinfronteras.pe\/ingles\/wp-json\/wp\/v2\/posts\/4243","targetHints":{"allow":["GET"]}}],"collection":[{"href":"https:\/\/derechosinfronteras.pe\/ingles\/wp-json\/wp\/v2\/posts"}],"about":[{"href":"https:\/\/derechosinfronteras.pe\/ingles\/wp-json\/wp\/v2\/types\/post"}],"author":[{"embeddable":true,"href":"https:\/\/derechosinfronteras.pe\/ingles\/wp-json\/wp\/v2\/users\/1"}],"replies":[{"embeddable":true,"href":"https:\/\/derechosinfronteras.pe\/ingles\/wp-json\/wp\/v2\/comments?post=4243"}],"version-history":[{"count":0,"href":"https:\/\/derechosinfronteras.pe\/ingles\/wp-json\/wp\/v2\/posts\/4243\/revisions"}],"wp:featuredmedia":[{"embeddable":true,"href":"https:\/\/derechosinfronteras.pe\/ingles\/wp-json\/wp\/v2\/media\/4244"}],"wp:attachment":[{"href":"https:\/\/derechosinfronteras.pe\/ingles\/wp-json\/wp\/v2\/media?parent=4243"}],"wp:term":[{"taxonomy":"category","embeddable":true,"href":"https:\/\/derechosinfronteras.pe\/ingles\/wp-json\/wp\/v2\/categories?post=4243"},{"taxonomy":"post_tag","embeddable":true,"href":"https:\/\/derechosinfronteras.pe\/ingles\/wp-json\/wp\/v2\/tags?post=4243"}],"curies":[{"name":"wp","href":"https:\/\/api.w.org\/{rel}","templated":true}]}}