{"id":4247,"date":"2019-10-15T14:53:31","date_gmt":"2019-10-15T19:53:31","guid":{"rendered":"http:\/\/derechosinfronteras.pe\/?p=5149"},"modified":"2019-10-15T14:53:31","modified_gmt":"2019-10-15T19:53:31","slug":"despues-de-la-disolucion-del-congreso-que","status":"publish","type":"post","link":"https:\/\/derechosinfronteras.pe\/ingles\/despues-de-la-disolucion-del-congreso-que\/","title":{"rendered":"Despu\u00e9s de la disoluci\u00f3n del Congreso: \u00bfQu\u00e9?"},"content":{"rendered":"<blockquote>\n<p style=\"text-align: right;\">Por Abog. Ruth Luque Ibarra, Socia de Derechos Humanos sin Fronteras<\/p>\n<\/blockquote>\n<p>La disoluci\u00f3n constitucional del Congreso de la Rep\u00fablica, ha recibido el respaldo mayoritario de la poblaci\u00f3n, esto se visibiliza en una \u00faltima encuesta publicada por el Instituto de Estudios Peruanos IEP, donde el 84% est\u00e1 de acuerdo con la decisi\u00f3n del Presidente Vizcarra. Si bien el fujimorismo y sus aliados, a\u00fan intentan aferrarse a la precaria institucionalidad y apelan a formalismos legales para desconocer la disoluci\u00f3n, es evidente que esto no pasar\u00e1, e irremediablemente el 26 enero del 2020 todos los y las peruanas estaremos eligiendo nuevos congresistas.<\/p>\n<p>En medio de esta situaci\u00f3n y dado el nombramiento de un nuevo gabinete ministerial, todo indica que las cosas pretenden normalizarse, pues aparentemente el problema principal (cierre del Congreso) estar\u00eda resuelto. Ello no necesariamente es as\u00ed, pues si bien el fujimorismo abusando de su mayor\u00eda ha venido utilizando el Congreso para privilegiar sus intereses, tambi\u00e9n no podemos negar que s\u00f3lo al Ejecutivo le compete resolver varios temas que no ha enfrentado con transparencia y solvencia, y que m\u00e1s bien ha esquivado, y muy h\u00e1bilmente se ha concentrado en el desprestigio del Congreso.<\/p>\n<p>Entonces, \u00bfcu\u00e1les son los temas que el Ejecutivo no quiere enfrentar? Sin pretender hacer un listado de esos pendientes y mirando el sur de nuestro pa\u00eds, un aspecto prioritario es lo vinculado a los conflictos extractivos, espec\u00edficamente la situaci\u00f3n del corredor minero. No por nada, actualmente perduran las paralizaciones en diferentes \u00e1mbitos del territorio entre Apur\u00edmac y Cusco. A ello se suma la situaci\u00f3n del Valle de Tambo, que sigue en paralizaci\u00f3n (mayor o menor) pero que en lo concreto no ha sido resuelto. Actualmente, la situaci\u00f3n en el corredor minero se ahonda, pues el pliego de reclamos de las comunidades paralizadas exigen la nulidad del Decreto Supremo N\u00b0 011-MTC-2016, que reclasific\u00f3 el tramo como v\u00eda nacional, y la modificaci\u00f3n del Estudio de Impacto Ambiental (EIA) de Las Bambas en la provincia de Chumbivilcas, una situaci\u00f3n que al parecer no se resolver\u00e1 ni con una Comisi\u00f3n de Alto Nivel.<\/p>\n<p>En este contexto, el Ejecutivo, ha optado por conformar la Comisi\u00f3n Consultiva denominada \u201cComisi\u00f3n para el Desarrollo Minero Sostenible\u201d, que seg\u00fan el art\u00edculo 2 de la Resoluci\u00f3n Suprema N\u00b0 145-2019-PCM \u201ctiene por objeto, proponer medidas normativas y de gesti\u00f3n, as\u00ed como de pol\u00edtica p\u00fablica, para el desarrollo de actividades mineras sostenibles\u201d, esto, desde mi opini\u00f3n, muestra una actitud ambigua del Ejecutivo pues luego de conflictos de alta intensidad como los que se vieron en Las Bambas o Valle de Tambo, se hubieran esperado medidas y cambios muy espec\u00edficos y m\u00e1s bien parece que se apunta a un listado de propuestas o iniciativas, que probablemente ingresaran en un largo debate en el Congreso de la Rep\u00fablica (per\u00edodo 2020-2021).<br \/>\nEs un hecho que la actual coyuntura pol\u00edtica, impacta en el curso de las decisiones que se quieran tomar, por un lado no se sabe qu\u00e9 ministro o ministra liderara los di\u00e1logos respecto a casos como Las Bambas o Valle del Tambo, siendo lo \u00fanico claro que la ratificaci\u00f3n de Carlos Mor\u00e1n como Ministro del Interior, expresa una apuesta por la represi\u00f3n y estados de emergencia, como estrategia de salida, que no solo responde a esta gesti\u00f3n, sino que se encuentra instalada ya desde hace varios a\u00f1os y que conflicto tras conflicto suman dirigentes y personas que enfrentan largas investigaciones, que muchas veces se canalizan en juicios interminables, que terminan por afectar su vida personal.<\/p>\n<p>El mensaje del nuevo premier Vicente Zevallos, en reafirmar que la pol\u00edtica econ\u00f3mica es lo central, apuesta por evidenciar que la prioridad est\u00e1 centrado en proteger la inversi\u00f3n y en consecuencia los intereses de las empresas, por ello no debe sorprender que en los siguientes meses se implemente el Plan Nacional de Competitividad y Productividad, que de manera clara ya fue destacado por la nueva Ministra de Econom\u00eda, al se\u00f1alar su compromiso es continuar impulsando los temas centrales, entre ellos el Plan Nacional de Competitividad y Productividad y el Plan Nacional de Infraestructura y la Pol\u00edtica de Inclusi\u00f3n Financiera.<\/p>\n<p>Frente a esta situaci\u00f3n, en la que el Presidente Vizcarra lidera un amplio respaldo por el cierre del Congreso, debe quedar claro que existe una ciudadan\u00eda en el sur del pa\u00eds, cansada de no encontrar soluciones a las demandas que se exigen. En este escenario con elecciones de un nuevo Congreso por un per\u00edodo tan corto, existe una plataforma m\u00ednima que debe garantizarse: abrir una discusi\u00f3n seria sobre la necesidad de un nuevo marco legal para las actividades extractivas que involucre eliminar los convenidos de estabilidad tributaria, se fortalezca la institucionalidad y fiscalizaci\u00f3n ambiental y se promueva una efectiva participaci\u00f3n ciudadana que permita una comprensi\u00f3n real de los instrumentos de gesti\u00f3n ambiental<\/p>","protected":false},"excerpt":{"rendered":"<p>Por Abog. Ruth Luque Ibarra, Socia de Derechos Humanos sin Fronteras La disoluci\u00f3n constitucional del Congreso de la Rep\u00fablica, ha recibido el respaldo mayoritario de la poblaci\u00f3n, esto se visibiliza en una \u00faltima encuesta publicada por el Instituto de Estudios Peruanos IEP, donde el 84% est\u00e1 de acuerdo con la decisi\u00f3n del Presidente Vizcarra. Si [&hellip;]<\/p>\n","protected":false},"author":1,"featured_media":4248,"comment_status":"open","ping_status":"open","sticky":false,"template":"","format":"standard","meta":{"_monsterinsights_skip_tracking":false,"_monsterinsights_sitenote_active":false,"_monsterinsights_sitenote_note":"","_monsterinsights_sitenote_category":0,"_jetpack_memberships_contains_paid_content":false,"footnotes":"","jetpack_publicize_message":"","jetpack_publicize_feature_enabled":true,"jetpack_social_post_already_shared":false,"jetpack_social_options":{"image_generator_settings":{"template":"highway","default_image_id":0,"font":"","enabled":false},"version":2}},"categories":[1],"tags":[],"class_list":["post-4247","post","type-post","status-publish","format-standard","has-post-thumbnail","hentry","category-sin-categoria"],"blocksy_meta":[],"jetpack_publicize_connections":[],"jetpack_featured_media_url":"https:\/\/derechosinfronteras.pe\/wp-content\/uploads\/2019\/10\/Disolucion.jpg","jetpack_sharing_enabled":true,"jetpack_likes_enabled":true,"_links":{"self":[{"href":"https:\/\/derechosinfronteras.pe\/ingles\/wp-json\/wp\/v2\/posts\/4247","targetHints":{"allow":["GET"]}}],"collection":[{"href":"https:\/\/derechosinfronteras.pe\/ingles\/wp-json\/wp\/v2\/posts"}],"about":[{"href":"https:\/\/derechosinfronteras.pe\/ingles\/wp-json\/wp\/v2\/types\/post"}],"author":[{"embeddable":true,"href":"https:\/\/derechosinfronteras.pe\/ingles\/wp-json\/wp\/v2\/users\/1"}],"replies":[{"embeddable":true,"href":"https:\/\/derechosinfronteras.pe\/ingles\/wp-json\/wp\/v2\/comments?post=4247"}],"version-history":[{"count":0,"href":"https:\/\/derechosinfronteras.pe\/ingles\/wp-json\/wp\/v2\/posts\/4247\/revisions"}],"wp:featuredmedia":[{"embeddable":true,"href":"https:\/\/derechosinfronteras.pe\/ingles\/wp-json\/wp\/v2\/media\/4248"}],"wp:attachment":[{"href":"https:\/\/derechosinfronteras.pe\/ingles\/wp-json\/wp\/v2\/media?parent=4247"}],"wp:term":[{"taxonomy":"category","embeddable":true,"href":"https:\/\/derechosinfronteras.pe\/ingles\/wp-json\/wp\/v2\/categories?post=4247"},{"taxonomy":"post_tag","embeddable":true,"href":"https:\/\/derechosinfronteras.pe\/ingles\/wp-json\/wp\/v2\/tags?post=4247"}],"curies":[{"name":"wp","href":"https:\/\/api.w.org\/{rel}","templated":true}]}}