{"id":4251,"date":"2019-10-15T14:39:33","date_gmt":"2019-10-15T19:39:33","guid":{"rendered":"http:\/\/derechosinfronteras.pe\/?p=5143"},"modified":"2019-10-15T14:39:33","modified_gmt":"2019-10-15T19:39:33","slug":"senor-presidente-los-conflictos-no-esperan","status":"publish","type":"post","link":"https:\/\/derechosinfronteras.pe\/ingles\/senor-presidente-los-conflictos-no-esperan\/","title":{"rendered":"Se\u00f1or Presidente: los conflictos no esperan"},"content":{"rendered":"<blockquote>\n<p style=\"text-align: right;\">Por Mirtha V\u00e1squez &#8211; Abog. GRUFIDES y APRODEH<\/p>\n<\/blockquote>\n<p>Qu\u00e9 duda cabe, que despu\u00e9s de este tel\u00farico momento pol\u00edtico, el escenario va quedando cada vez m\u00e1s claro, Vizcarra se consolida leg\u00edtimamente como Presidente Constitucional del Per\u00fa tras una disoluci\u00f3n del Congreso, que todo indica, no tiene marcha atr\u00e1s. La comunidad internacional no ha cuestionado la trascendental decisi\u00f3n del Presidente, las fuerzas armadas y policiales lo respaldan, los gobiernos regionales y provinciales han hecho lo propio, y las movilizaciones populares dan cuenta de que tiene el apoyo de la ciudadan\u00eda.<\/p>\n<p>Ya nombr\u00f3 al nuevo gabinete ministerial y parece que la maquinaria empieza nuevamente a andar pese a una renuente Comisi\u00f3n Permanente que seguramente a\u00fan intentar\u00e1 \u201cmanotazos de ahogado\u201d antes de resignarse a cumplir con su labor.<\/p>\n<p>Esta crisis parece relajarse, y m\u00e1s all\u00e1 de la adrenalina experimentada, necesitamos volver a los reales problemas que el Per\u00fa confronta desde hace mucho tiempo, sobre todo aquellos que se ubican al interior del pa\u00eds y est\u00e1n relacionados a complicados conflictos cuya soluci\u00f3n ha quedado en \u2018stand by\u2019 mientras ocurr\u00eda la crisis con el parlamento.<\/p>\n<p>El tema es que estos conflictos no solo subsisten sino que se profundizan cada d\u00eda que no reciben atenci\u00f3n o respuesta. Veamos, el Valle de Tambo ya lleva m\u00e1s de 80 d\u00edas ininterrumpidos en pie de lucha contra el proyecto minero \u2018T\u00eda Mar\u00eda\u2019, sin ninguna respuesta clara del gobierno que por el contrario, se ha manifestado oscilante y ambiguo frente a esta disputa entre minera y poblaci\u00f3n.<\/p>\n<p>Las Bambas, es otro de los conflictos emblem\u00e1ticos, a\u00fan pendientes de soluci\u00f3n; si bien a inicios de este a\u00f1o con el Premier Del Solar se comenz\u00f3 una etapa de di\u00e1logo, la misma parece haberse quedado trunca, varias de las submesas no han llegado a acuerdos concretos y la poblaci\u00f3n durante estos d\u00edas ha vuelto a tomar las carreteras como medida de protesta y desesperaci\u00f3n ante el desinter\u00e9s del gobierno y la empresa por solucionar sus demandas. Desde el pasado 7 de setiembre varios pobladores del distrito de Mara, provincia de Cotabambas, bloquearon el Corredor Minero del Sur, y pese a que el personal policial intervino para despejar la zona, ocurriendo varios enfrentamientos que han dejado incluso heridos, a\u00fan estas medidas de fuerza se mantienen hasta en tres puntos de dicho corredor.<\/p>\n<p>La inestabilidad pol\u00edtica impacta en estos procesos, la Ministra Paola Bustamante, quien hasta el momento lideraba el di\u00e1logo en este tema, ha cesado en sus funciones durante la crisis, quedando en la incertidumbre el desarrollo y avance de estas negociaciones. Por otro lado, la ratificaci\u00f3n del Ministro Carlos Moran en la cartera del Interior, alguien que siempre ha apostado por la pol\u00edtica de \u201cmano dura\u201d y represi\u00f3n en los conflictos, parece ser un s\u00edntoma de c\u00f3mo se tiende a procesar estos asuntos en el periodo que inician.<\/p>\n<p>El nuevo premier Vicente Zevallos, como un mensaje de tranquilidad, no a la poblaci\u00f3n, sino a la clase empresarial, ha reafirmado que la pol\u00edtica econ\u00f3mica \u201cse mantendr\u00e1\u201d, con lo cual queda claro que la promoci\u00f3n de la inversi\u00f3n privada va a seguir siendo la prioridad de este gobierno. Sin embargo no extra\u00f1a esta postura si tomamos en cuenta que desde hace varios meses se observa una fuerte tendencia a seguir favoreciendo los intereses empresariales; recordemos que en julio de este a\u00f1o, de manera intempestiva se aprob\u00f3 el Plan Nacional de Competitividad y Productividad, que no es sino la receta de la CONFIEP para promover inversiones, y que implica fuertes medidas contra los derechos laborales y la apertura a mayores privatizaciones.En fin Se\u00f1or Presidente, Ud. efectivamente tiene ganada la batalla pol\u00edtica del momento, pero ahora le toca confrontar otra batalla, esta vez con la propia poblaci\u00f3n, \u00e9sta que le ha dado su respaldo para afianzarse leg\u00edtimamente en el poder, pero que no est\u00e1 dispuesta a ceder en sus derechos frente a los intereses de la clase empresarial que tambi\u00e9n intenta tomar por asalto este pa\u00eds<\/p>","protected":false},"excerpt":{"rendered":"<p>Por Mirtha V\u00e1squez &#8211; Abog. GRUFIDES y APRODEH Qu\u00e9 duda cabe, que despu\u00e9s de este tel\u00farico momento pol\u00edtico, el escenario va quedando cada vez m\u00e1s claro, Vizcarra se consolida leg\u00edtimamente como Presidente Constitucional del Per\u00fa tras una disoluci\u00f3n del Congreso, que todo indica, no tiene marcha atr\u00e1s. La comunidad internacional no ha cuestionado la trascendental [&hellip;]<\/p>\n","protected":false},"author":1,"featured_media":4252,"comment_status":"open","ping_status":"open","sticky":false,"template":"","format":"standard","meta":{"_monsterinsights_skip_tracking":false,"_monsterinsights_sitenote_active":false,"_monsterinsights_sitenote_note":"","_monsterinsights_sitenote_category":0,"_jetpack_memberships_contains_paid_content":false,"footnotes":"","jetpack_publicize_message":"","jetpack_publicize_feature_enabled":true,"jetpack_social_post_already_shared":false,"jetpack_social_options":{"image_generator_settings":{"template":"highway","default_image_id":0,"font":"","enabled":false},"version":2}},"categories":[1],"tags":[],"class_list":["post-4251","post","type-post","status-publish","format-standard","has-post-thumbnail","hentry","category-sin-categoria"],"blocksy_meta":[],"jetpack_publicize_connections":[],"jetpack_featured_media_url":"https:\/\/derechosinfronteras.pe\/wp-content\/uploads\/2019\/10\/Conflictos.jpg","jetpack_sharing_enabled":true,"jetpack_likes_enabled":true,"_links":{"self":[{"href":"https:\/\/derechosinfronteras.pe\/ingles\/wp-json\/wp\/v2\/posts\/4251","targetHints":{"allow":["GET"]}}],"collection":[{"href":"https:\/\/derechosinfronteras.pe\/ingles\/wp-json\/wp\/v2\/posts"}],"about":[{"href":"https:\/\/derechosinfronteras.pe\/ingles\/wp-json\/wp\/v2\/types\/post"}],"author":[{"embeddable":true,"href":"https:\/\/derechosinfronteras.pe\/ingles\/wp-json\/wp\/v2\/users\/1"}],"replies":[{"embeddable":true,"href":"https:\/\/derechosinfronteras.pe\/ingles\/wp-json\/wp\/v2\/comments?post=4251"}],"version-history":[{"count":0,"href":"https:\/\/derechosinfronteras.pe\/ingles\/wp-json\/wp\/v2\/posts\/4251\/revisions"}],"wp:featuredmedia":[{"embeddable":true,"href":"https:\/\/derechosinfronteras.pe\/ingles\/wp-json\/wp\/v2\/media\/4252"}],"wp:attachment":[{"href":"https:\/\/derechosinfronteras.pe\/ingles\/wp-json\/wp\/v2\/media?parent=4251"}],"wp:term":[{"taxonomy":"category","embeddable":true,"href":"https:\/\/derechosinfronteras.pe\/ingles\/wp-json\/wp\/v2\/categories?post=4251"},{"taxonomy":"post_tag","embeddable":true,"href":"https:\/\/derechosinfronteras.pe\/ingles\/wp-json\/wp\/v2\/tags?post=4251"}],"curies":[{"name":"wp","href":"https:\/\/api.w.org\/{rel}","templated":true}]}}