{"id":4253,"date":"2019-10-14T17:25:15","date_gmt":"2019-10-14T22:25:15","guid":{"rendered":"http:\/\/derechosinfronteras.pe\/?p=5135"},"modified":"2019-10-14T17:25:15","modified_gmt":"2019-10-14T22:25:15","slug":"cusco-solicitan-que-la-fiscalia-investigue-la-intervencion-de-la-pnp-en-el-conflicto-del-corredor-minero-del-sur","status":"publish","type":"post","link":"https:\/\/derechosinfronteras.pe\/ingles\/cusco-solicitan-que-la-fiscalia-investigue-la-intervencion-de-la-pnp-en-el-conflicto-del-corredor-minero-del-sur\/","title":{"rendered":"Cusco: Solicitan que la Fiscal\u00eda investigue la intervenci\u00f3n de la PNP en el conflicto del corredor minero del Sur"},"content":{"rendered":"<p>La Asociaci\u00f3n Derechos Humanos Sin Fronteras del Cusco ha presentado ante la Junta de Fiscales Superiores de Cusco el pedido para realizar investigaciones sobre los hechos acontecidos en la provincia de Chumbivilcas y Paruro por el inadecuado uso de la fuerza en la intervenci\u00f3n y desbloqueo de la v\u00eda del corredor minero.<\/p>\n<p>Tanto en el caso de Capacmarca de Chumbivilcas, donde se produjeron enfrentamientos la semana pasada entre la PNP y comuneros locales y la intervenci\u00f3n en el desbloqueo de la v\u00eda de Paruro esta semana, los pobladores han denunciado la intervenci\u00f3n violenta de la PNP, en el caso de Paruro la comunera Higidia Humpire Ataucuri perdi\u00f3 el ojo izquierdo, as\u00ed mismo las comuneras Bernadina Zegarra y Eusebia Arruela Arellano tienen impacto con perdigones y se encuentran en proceso de recuperaci\u00f3n de su salud.<\/p>\n<p>El pedido de DHSF est\u00e1 sustentado en la Directiva General N\u00b0 003-2018-MP-FN sobre el \u201cEjercicio de la Funci\u00f3n Fiscal en Caso de Uso de la Fuerza por parte de la Polic\u00eda Nacional del Per\u00fa\u201d, aprobada con Resoluci\u00f3n de la Fiscal\u00eda de la Naci\u00f3n N\u00b0 001907-2018-MP-FN instrumento legal que tiene la finalidad que actos desmedidos de esta naturaleza queden impunes.<\/p>\n<p>Mientras tanto la PNP ha emitido un Comunicado\u00b9, publicado en su portal web www.policia.gob.pe, precisando que la PNP rechaza acusaciones de agresi\u00f3n contra manifestantes en Paruro \u2013 Cusco tomando como referencia informes m\u00e9dicos. M\u00e1s all\u00e1 de este pronunciamiento ser\u00e1 la investigaci\u00f3n fiscal la que establecer\u00e1 las responsabilidades de los hechos sucedidos en las protestas de Chumbivilcas y Paruro, sobre todo de la PNP.<\/p>\n<hr \/>\n<pre><a href=\"#_ftnref1\" name=\"_ftn1\">[1]<\/a> Comunicado N\u00b0 51-2019, disponible en https:\/\/www.policia.gob.pe\/pnp\/archivos\/portal\/doc\/1192doc_COMUNICADO%20PNP%20CUSCO.pdf<\/pre>\n","protected":false},"excerpt":{"rendered":"<p>La Asociaci\u00f3n Derechos Humanos Sin Fronteras del Cusco ha presentado ante la Junta de Fiscales Superiores de Cusco el pedido para realizar investigaciones sobre los hechos acontecidos en la provincia de Chumbivilcas y Paruro por el inadecuado uso de la fuerza en la intervenci\u00f3n y desbloqueo de la v\u00eda del corredor minero. Tanto en el [&hellip;]<\/p>\n","protected":false},"author":1,"featured_media":4254,"comment_status":"open","ping_status":"open","sticky":false,"template":"","format":"standard","meta":{"_monsterinsights_skip_tracking":false,"_monsterinsights_sitenote_active":false,"_monsterinsights_sitenote_note":"","_monsterinsights_sitenote_category":0,"_jetpack_memberships_contains_paid_content":false,"footnotes":"","jetpack_publicize_message":"","jetpack_publicize_feature_enabled":true,"jetpack_social_post_already_shared":false,"jetpack_social_options":{"image_generator_settings":{"template":"highway","default_image_id":0,"font":"","enabled":false},"version":2}},"categories":[1],"tags":[],"class_list":["post-4253","post","type-post","status-publish","format-standard","has-post-thumbnail","hentry","category-sin-categoria"],"blocksy_meta":[],"jetpack_publicize_connections":[],"jetpack_featured_media_url":"https:\/\/derechosinfronteras.pe\/wp-content\/uploads\/2019\/10\/Denuncia.jpg","jetpack_sharing_enabled":true,"jetpack_likes_enabled":true,"_links":{"self":[{"href":"https:\/\/derechosinfronteras.pe\/ingles\/wp-json\/wp\/v2\/posts\/4253","targetHints":{"allow":["GET"]}}],"collection":[{"href":"https:\/\/derechosinfronteras.pe\/ingles\/wp-json\/wp\/v2\/posts"}],"about":[{"href":"https:\/\/derechosinfronteras.pe\/ingles\/wp-json\/wp\/v2\/types\/post"}],"author":[{"embeddable":true,"href":"https:\/\/derechosinfronteras.pe\/ingles\/wp-json\/wp\/v2\/users\/1"}],"replies":[{"embeddable":true,"href":"https:\/\/derechosinfronteras.pe\/ingles\/wp-json\/wp\/v2\/comments?post=4253"}],"version-history":[{"count":0,"href":"https:\/\/derechosinfronteras.pe\/ingles\/wp-json\/wp\/v2\/posts\/4253\/revisions"}],"wp:featuredmedia":[{"embeddable":true,"href":"https:\/\/derechosinfronteras.pe\/ingles\/wp-json\/wp\/v2\/media\/4254"}],"wp:attachment":[{"href":"https:\/\/derechosinfronteras.pe\/ingles\/wp-json\/wp\/v2\/media?parent=4253"}],"wp:term":[{"taxonomy":"category","embeddable":true,"href":"https:\/\/derechosinfronteras.pe\/ingles\/wp-json\/wp\/v2\/categories?post=4253"},{"taxonomy":"post_tag","embeddable":true,"href":"https:\/\/derechosinfronteras.pe\/ingles\/wp-json\/wp\/v2\/tags?post=4253"}],"curies":[{"name":"wp","href":"https:\/\/api.w.org\/{rel}","templated":true}]}}