{"id":4255,"date":"2019-10-10T18:22:34","date_gmt":"2019-10-10T23:22:34","guid":{"rendered":"http:\/\/derechosinfronteras.pe\/?p=5130"},"modified":"2019-10-10T18:22:34","modified_gmt":"2019-10-10T23:22:34","slug":"mesa-de-dialogo-las-bambas-se-comprometio-al-mantenimiento-de-las-vias-en-paruro","status":"publish","type":"post","link":"https:\/\/derechosinfronteras.pe\/ingles\/mesa-de-dialogo-las-bambas-se-comprometio-al-mantenimiento-de-las-vias-en-paruro\/","title":{"rendered":"Mesa de Di\u00e1logo: Las Bambas se comprometi\u00f3 al mantenimiento de las v\u00edas en Paruro"},"content":{"rendered":"<p>Tras el bloqueo de carreteras, agresi\u00f3n policial y la lamentable p\u00e9rdida de un ojo de la comunera Higidia Humpire, reci\u00e9n este jueves 10 de octubre, se desarroll\u00f3 una mesa de di\u00e1logo y la firma de acuerdos en el sector de Ranraccasa, provincia de Paruro; con la participaci\u00f3n de la PCM, la empresa minera MMG Las Bambas, Gobierno Regional del Cusco, autoridades y dirigentes.<\/p>\n<p>Las comunidades parure\u00f1as de este sector emprendieron una medida de fuerza en solidaridad a las comunidades de Chumbivilcas y por una propia agenda; la contaminaci\u00f3n ambiental que podr\u00eda estar generando el tr\u00e1nsito de los camiones compactados de la empresa minera, generando polvo y ruido.<\/p>\n<p>Es importante revisar los acuerdos, dentro de ellos, se deber\u00eda especificar si el mantenimiento de la v\u00eda p\u00fablica debe estar a cargo del Estado o de la empresa minera, de la misma forma se debe implementar el ejercicio de transparencia en el manejo de los fondos que transferir\u00e1 la empresa minera.<\/p>\n<p>Por otra parte, respecto al pedido de Paruro de ser reconocido zona de influencia social y ambiental de la actividad minera; en la mesa de di\u00e1logo, MMG Las Bambas dio una explicaci\u00f3n poco convincente, siendo el Estudio de Impacto Ambiental (EIA) el que determina el \u00e1rea de influencia, este documento es realizado por una consultora contratada por la empresa minera, SENACE se limita a leer el estudio y no desarrolla labores de campo y menos socializa con las poblaciones afectadas. Como antecedente est\u00e1 el caso de OEFA y su informe de fiscalizaci\u00f3n ambiental en la provincia de Chumbivilcas ha determinado que el transporte genera Ruido, Material Particulado \u2013 Polvo, Vibraciones, etc.<\/p>\n<h2><strong>Acuerdos Mesa de di\u00e1logo Ranraccasa<\/strong><\/h2>\n<figure id=\"attachment_5133\" aria-describedby=\"caption-attachment-5133\" style=\"width: 780px\" class=\"wp-caption aligncenter\"><img fetchpriority=\"high\" decoding=\"async\" class=\"wp-image-5133\" src=\"http:\/\/derechosinfronteras.pe\/wp-content\/uploads\/2019\/10\/02-1024x768.jpg\" alt=\"\" width=\"780\" height=\"585\" \/><figcaption id=\"caption-attachment-5133\" class=\"wp-caption-text\">Gobernador Regional del Cusco, Jean Paul Benavente firma el acta de acuerdos<\/figcaption><\/figure>\n<h4><strong>Estado de salud de Higidia Humpire<\/strong><\/h4>\n<p>Como resultado del enfrentamiento tenemos informaci\u00f3n que el Hospital Regional del Cusco se encuentra en la comunera Higidia Humpire Ataucuri de 55 a\u00f1os quien ha perdido el ojo izquierdo presumiblemente por causa de disparo con perdigones por parte de la <strong>PNP<\/strong>. Por ahora se encuentra en sala de recuperaci\u00f3n.<\/p>\n<p>A pedido del gobernador regional de cusco, se ha conformado una comisi\u00f3n para escuchar el informe y el reporte de la Direcci\u00f3n Regional de Salud sobre el estado de salud de Higidia. La comisi\u00f3n est\u00e1 conformada por:<\/p>\n<ul>\n<li>Gobernador Regional de Cusco<\/li>\n<li>Alcalde del Distrito de Yaurisque.<\/li>\n<li>Alcalde de la Provincia de Paruro.<\/li>\n<li>Presidente de la Liga Agraria de Yaurisque<\/li>\n<li>Representante de la Federaci\u00f3n de Juventudes &#8211;<\/li>\n<li>Representante de la Organizaci\u00f3n de Mujeres<\/li>\n<li>Familiares de los heridos.<\/li>\n<\/ul>\n<p>La comisi\u00f3n arribara al Hospital Regional del Cusco a las 8.30 a.m. ma\u00f1ana 11 de octubre.<\/p>\n<h4><strong>Acuerdos sobre las v\u00edas de comunicaci\u00f3n<\/strong><\/h4>\n<ul>\n<li>El Gobierno Regional Cusco, a trav\u00e9s de la Direcci\u00f3n de Transportes, ha firmado un convenio con MMG Las Bambas para realizar el <strong>Mantenimiento de la Red Vial Departamental<\/strong> (limpieza de plataformas, sellado de fisuras, parchado, mantenimiento de se\u00f1ales, pinturas, elementos de limpieza, cunetas y alcantarillas) el monto a transferir son S\/ 355,000.00 la obra inicia el <strong>jueves 17 de octubre<\/strong> ser\u00e1 ejecutado por administraci\u00f3n directa.<\/li>\n<li>La empresa minera transferir\u00e1 al Gobierno Regional Cusco la suma de S\/ 483,693.00 la Direcci\u00f3n Regional de Transporte elaborara el Estudio de Diagn\u00f3stico de la V\u00eda para evaluar si corresponde recateo y continuara con la elaboraci\u00f3n del Expediente T\u00e9cnico, el estudio dar\u00e1 como resultado el tipo de intervenci\u00f3n y el monto de inversi\u00f3n que podr\u00eda estar listo para diciembre. El Gobernador Regional en aras de transparencia ha invitado al IVP Provincial de Paruro formar parte del equipo t\u00e9cnico.<\/li>\n<li>Sobre el pedido de ser declarados como zona de influencia social y ambiental (<em>directa e indirecta<\/em>), la empresa minera ha sostenido que el Estudio de Impacto Ambiental no incluye el transporte de concentrado porque no es una actividad minera y solo tenemos un plan de transporte de concentrado, las operaciones est\u00e1n ubicadas en el distrito de Challhuahuacho, SENACE determina en base a donde se realiza las actividades minera donde est\u00e1 el tajo la planta etc como se hace para establecer y evaluar el \u00e1rea de influencia en la zona donde se opera.<\/li>\n<li>La empresa minera ha precisado que continuar\u00e1 haciendo el mantenimiento de la red v\u00eda <u>no asfaltada<\/u> y que al 30 de noviembre se har\u00e1 la transferencia al Gobierno Regional el monto necesario para levantar la l\u00ednea de base social y ambiental en todas las comunidades por donde pasa nuestros buses con personal.<\/li>\n<li>El Alcalde del distrito ha informado que el 30 de octubre OEFA debe exponer sobre la Fiscalizaci\u00f3n Ambiental realizada.<\/li>\n<\/ul>","protected":false},"excerpt":{"rendered":"<p>Tras el bloqueo de carreteras, agresi\u00f3n policial y la lamentable p\u00e9rdida de un ojo de la comunera Higidia Humpire, reci\u00e9n este jueves 10 de octubre, se desarroll\u00f3 una mesa de di\u00e1logo y la firma de acuerdos en el sector de Ranraccasa, provincia de Paruro; con la participaci\u00f3n de la PCM, la empresa minera MMG Las [&hellip;]<\/p>\n","protected":false},"author":1,"featured_media":4256,"comment_status":"open","ping_status":"open","sticky":false,"template":"","format":"standard","meta":{"_monsterinsights_skip_tracking":false,"_monsterinsights_sitenote_active":false,"_monsterinsights_sitenote_note":"","_monsterinsights_sitenote_category":0,"_jetpack_memberships_contains_paid_content":false,"footnotes":"","jetpack_publicize_message":"","jetpack_publicize_feature_enabled":true,"jetpack_social_post_already_shared":false,"jetpack_social_options":{"image_generator_settings":{"template":"highway","default_image_id":0,"font":"","enabled":false},"version":2}},"categories":[1],"tags":[],"class_list":["post-4255","post","type-post","status-publish","format-standard","has-post-thumbnail","hentry","category-sin-categoria"],"blocksy_meta":[],"jetpack_publicize_connections":[],"jetpack_featured_media_url":"https:\/\/derechosinfronteras.pe\/wp-content\/uploads\/2019\/10\/01.jpg","jetpack_sharing_enabled":true,"jetpack_likes_enabled":true,"_links":{"self":[{"href":"https:\/\/derechosinfronteras.pe\/ingles\/wp-json\/wp\/v2\/posts\/4255","targetHints":{"allow":["GET"]}}],"collection":[{"href":"https:\/\/derechosinfronteras.pe\/ingles\/wp-json\/wp\/v2\/posts"}],"about":[{"href":"https:\/\/derechosinfronteras.pe\/ingles\/wp-json\/wp\/v2\/types\/post"}],"author":[{"embeddable":true,"href":"https:\/\/derechosinfronteras.pe\/ingles\/wp-json\/wp\/v2\/users\/1"}],"replies":[{"embeddable":true,"href":"https:\/\/derechosinfronteras.pe\/ingles\/wp-json\/wp\/v2\/comments?post=4255"}],"version-history":[{"count":0,"href":"https:\/\/derechosinfronteras.pe\/ingles\/wp-json\/wp\/v2\/posts\/4255\/revisions"}],"wp:featuredmedia":[{"embeddable":true,"href":"https:\/\/derechosinfronteras.pe\/ingles\/wp-json\/wp\/v2\/media\/4256"}],"wp:attachment":[{"href":"https:\/\/derechosinfronteras.pe\/ingles\/wp-json\/wp\/v2\/media?parent=4255"}],"wp:term":[{"taxonomy":"category","embeddable":true,"href":"https:\/\/derechosinfronteras.pe\/ingles\/wp-json\/wp\/v2\/categories?post=4255"},{"taxonomy":"post_tag","embeddable":true,"href":"https:\/\/derechosinfronteras.pe\/ingles\/wp-json\/wp\/v2\/tags?post=4255"}],"curies":[{"name":"wp","href":"https:\/\/api.w.org\/{rel}","templated":true}]}}