{"id":4259,"date":"2019-10-04T19:16:01","date_gmt":"2019-10-05T00:16:01","guid":{"rendered":"http:\/\/derechosinfronteras.pe\/?p=5119"},"modified":"2019-10-04T19:16:01","modified_gmt":"2019-10-05T00:16:01","slug":"metales-toxicos-nuevo-gabinete-debera-aprobar-conformacion-de-comision-multisectorial-para-atencion-de-afectados","status":"publish","type":"post","link":"https:\/\/derechosinfronteras.pe\/ingles\/metales-toxicos-nuevo-gabinete-debera-aprobar-conformacion-de-comision-multisectorial-para-atencion-de-afectados\/","title":{"rendered":"Metales T\u00f3xicos: Nuevo Gabinete deber\u00e1 aprobar conformaci\u00f3n de Comisi\u00f3n Multisectorial para atenci\u00f3n de afectados"},"content":{"rendered":"<p>Luego de reunirse con representantes de m\u00e1s de 13 regiones afectadas por metales t\u00f3xicos, el Viceministro de Gobernanza Territorial, Ra\u00fal Molina, junto a la Viceministra de Gesti\u00f3n Ambiental, Albina Ruiz, se comprometieron a presentar al nuevo premier, Vicente Zevallos, una propuesta para la conformaci\u00f3n de la comisi\u00f3n multisectorial para su aprobaci\u00f3n inmediata e implementaci\u00f3n. Este documento, que deber\u00e1 ser firmado por Zeballos y Vizcarra, propondr\u00e1 que se incorpore en la comisi\u00f3n a los representantes de la Plataforma Nacional de Afectados y Afectadas por Metales T\u00f3xicos y a la Mesa T\u00e9cnica de Salud Ambiental y Humana.<\/p>\n<p>Los representantes de la PCM se comprometieron a que luego de ratificarse este decreto supremo, se instale la comisi\u00f3n multisectorial en la primera semana de noviembre dada la emergencia en salud que tienen las zonas afectadas. La primera reuni\u00f3n tendr\u00e1 como objetivo la elaboraci\u00f3n y aprobaci\u00f3n del plan especial con el que se dar\u00e1 seguimiento a la implementaci\u00f3n de todos los sectores.<\/p>\n<p>Recordemos que esta semana estuvieron reunidos en lima m\u00e1s de 50 representantes de las m\u00e1s de 13 regiones afectadas por metales t\u00f3xicos agrupados en la Plataforma Nacional de Afectados por Metales T\u00f3xicos. Ellos y ellas enfatizaron que a pesar de la grave crisis pol\u00edtica del pa\u00eds, no pueden seguir esperando m\u00e1s a que el Estado d\u00e9 una respuesta con enfoque integral y multisectorial para atender a las graves afectaciones a las salud humana y ambiental que viven.<\/p>","protected":false},"excerpt":{"rendered":"<p>Luego de reunirse con representantes de m\u00e1s de 13 regiones afectadas por metales t\u00f3xicos, el Viceministro de Gobernanza Territorial, Ra\u00fal Molina, junto a la Viceministra de Gesti\u00f3n Ambiental, Albina Ruiz, se comprometieron a presentar al nuevo premier, Vicente Zevallos, una propuesta para la conformaci\u00f3n de la comisi\u00f3n multisectorial para su aprobaci\u00f3n inmediata e implementaci\u00f3n. Este [&hellip;]<\/p>\n","protected":false},"author":1,"featured_media":4260,"comment_status":"open","ping_status":"open","sticky":false,"template":"","format":"standard","meta":{"_monsterinsights_skip_tracking":false,"_monsterinsights_sitenote_active":false,"_monsterinsights_sitenote_note":"","_monsterinsights_sitenote_category":0,"_jetpack_memberships_contains_paid_content":false,"footnotes":"","jetpack_publicize_message":"","jetpack_publicize_feature_enabled":true,"jetpack_social_post_already_shared":false,"jetpack_social_options":{"image_generator_settings":{"template":"highway","default_image_id":0,"font":"","enabled":false},"version":2}},"categories":[1],"tags":[],"class_list":["post-4259","post","type-post","status-publish","format-standard","has-post-thumbnail","hentry","category-sin-categoria"],"blocksy_meta":[],"jetpack_publicize_connections":[],"jetpack_featured_media_url":"https:\/\/derechosinfronteras.pe\/wp-content\/uploads\/2019\/10\/MT1.jpg","jetpack_sharing_enabled":true,"jetpack_likes_enabled":true,"_links":{"self":[{"href":"https:\/\/derechosinfronteras.pe\/ingles\/wp-json\/wp\/v2\/posts\/4259","targetHints":{"allow":["GET"]}}],"collection":[{"href":"https:\/\/derechosinfronteras.pe\/ingles\/wp-json\/wp\/v2\/posts"}],"about":[{"href":"https:\/\/derechosinfronteras.pe\/ingles\/wp-json\/wp\/v2\/types\/post"}],"author":[{"embeddable":true,"href":"https:\/\/derechosinfronteras.pe\/ingles\/wp-json\/wp\/v2\/users\/1"}],"replies":[{"embeddable":true,"href":"https:\/\/derechosinfronteras.pe\/ingles\/wp-json\/wp\/v2\/comments?post=4259"}],"version-history":[{"count":0,"href":"https:\/\/derechosinfronteras.pe\/ingles\/wp-json\/wp\/v2\/posts\/4259\/revisions"}],"wp:featuredmedia":[{"embeddable":true,"href":"https:\/\/derechosinfronteras.pe\/ingles\/wp-json\/wp\/v2\/media\/4260"}],"wp:attachment":[{"href":"https:\/\/derechosinfronteras.pe\/ingles\/wp-json\/wp\/v2\/media?parent=4259"}],"wp:term":[{"taxonomy":"category","embeddable":true,"href":"https:\/\/derechosinfronteras.pe\/ingles\/wp-json\/wp\/v2\/categories?post=4259"},{"taxonomy":"post_tag","embeddable":true,"href":"https:\/\/derechosinfronteras.pe\/ingles\/wp-json\/wp\/v2\/tags?post=4259"}],"curies":[{"name":"wp","href":"https:\/\/api.w.org\/{rel}","templated":true}]}}