{"id":4261,"date":"2019-10-02T20:30:11","date_gmt":"2019-10-03T01:30:11","guid":{"rendered":"http:\/\/derechosinfronteras.pe\/?p=5108"},"modified":"2019-10-02T20:30:11","modified_gmt":"2019-10-03T01:30:11","slug":"5108-2","status":"publish","type":"post","link":"https:\/\/derechosinfronteras.pe\/ingles\/5108-2\/","title":{"rendered":"Dirigentes denuncian represi\u00f3n en protestas contra \u2018Las bambas\u2019"},"content":{"rendered":"<p>02 de octubre. Chumbivilcas. Un\u00a0<strong>enfrentamiento <\/strong>en territorios del distrito de Ccapacmarca surgi\u00f3 ayer entre comuneros y miembros de la Polic\u00eda Nacional del Per\u00fa (PNP). El hecho ocurri\u00f3 antes del mediod\u00eda, cuando los agentes del orden decidieron desbloquear\u00a0las v\u00edas del <strong>corredor minero del sur<\/strong>, que estaba cerrado por las comunidades como parte de la protestas contra la empresa minera MMG\u00a0\u2018Las Bambas\u2019.<\/p>\n<p>Cabe se\u00f1alar que las acciones de protesta iniciaron en algunos sectores a partir del 22 de setiembre, sin embargo las manifestaciones se intensificaron desde que el Organismo de Evaluaci\u00f3n y Fiscalizaci\u00f3n Ambiental (OEFA) presente p\u00fablicamente los resultados de sus monitoreos, recomendando que la empresa MMG \u2018Las Bambas\u2019 actualice su Estudio de Impacto Ambiental.<\/p>\n<p><iframe style=\"border: none; overflow: hidden;\" src=\"https:\/\/www.facebook.com\/plugins\/video.php?href=https%3A%2F%2Fwww.facebook.com%2Fderechossinfronteras.pe%2Fvideos%2F424154794959252%2F&amp;show_text=0&amp;width=560\" width=\"560\" height=\"313\" frameborder=\"0\" scrolling=\"no\" allowfullscreen=\"allowfullscreen\"><\/iframe><\/p>\n<p>Seg\u00fan comunicaciones con los dirigentes, han decidido reafirmar su protesta y mantienen bloqueada las zonas de Sayhua, Ccapacmarca, Collabamba, Huacabamba y Cungunya, punto estrat\u00e9gico, porque constituye la \u00fanica ruta que podr\u00edan usar los veh\u00edculos de la empresa minera. Adem\u00e1s reportan cinco heridos de gravedad a causa de golpes, perdigones e inhalaci\u00f3n de gases lacrim\u00f3genos, los mismos que estar\u00edan siendo atendidos en el Centro de Salud de Santo Tom\u00e1s.<\/p>\n<p>Por su parte, la Regi\u00f3n Policial, ha informado que hay\u00a0\u00a0<strong>polic\u00edas heridos\u00a0<\/strong>debido al impacto de piedras lanzadas con hondas, hecho que ha sido desmentido por los comuneros.<\/p>\n<p><strong>\u00bfQu\u00e9 Exigen? <\/strong><\/p>\n<p>El principal punto de reclamo de las comunidades chumbivilcanas es la derogatoria del \u00a0del Decreto Supremo N.\u00b0 011-2016, emitido por el\u00a0Ministerio de Transportes y Comunicaciones (MTC) para declarar v\u00eda nacional algunas rutas que involucran a comunidades originarias que no fueron consultadas previamente.<\/p>\n<p>De lograr derogatoria del DS en menci\u00f3n, la empresa minera tendr\u00e1 que modificar su estudio de impacto ambiental, pues la OEFA ha demostrado que existe contaminaci\u00f3n sonora por el paso de los veh\u00edculos de la empresa minera, y afectaci\u00f3n de aire y agua en determinadas zonas.<\/p>\n<p>Para los siguientes d\u00edas las comunidades de Huaninquiri Idiopa \u00d1aupa Japo Urinsaya del distrito de Colquemarca, tambi\u00e9n en Chumbivilcas; comunidades de <strong>Paccarectambo<\/strong>, provincia de <strong>Paruro<\/strong> y <strong>Nueva Fuerabamba<\/strong> estar\u00edan sum\u00e1ndose a las protestas contra \u2018Las Bambas\u2019.<\/p>\n<p><iframe style=\"border: none; overflow: hidden;\" src=\"https:\/\/www.facebook.com\/plugins\/video.php?href=https%3A%2F%2Fwww.facebook.com%2Fderechossinfronteras.pe%2Fvideos%2F777990399323264%2F&amp;show_text=0&amp;width=560\" width=\"560\" height=\"315\" frameborder=\"0\" scrolling=\"no\" allowfullscreen=\"allowfullscreen\"><\/iframe><\/p>","protected":false},"excerpt":{"rendered":"<p>02 de octubre. Chumbivilcas. Un\u00a0enfrentamiento en territorios del distrito de Ccapacmarca surgi\u00f3 ayer entre comuneros y miembros de la Polic\u00eda Nacional del Per\u00fa (PNP). El hecho ocurri\u00f3 antes del mediod\u00eda, cuando los agentes del orden decidieron desbloquear\u00a0las v\u00edas del corredor minero del sur, que estaba cerrado por las comunidades como parte de la protestas contra [&hellip;]<\/p>\n","protected":false},"author":1,"featured_media":4262,"comment_status":"open","ping_status":"open","sticky":false,"template":"","format":"standard","meta":{"_monsterinsights_skip_tracking":false,"_monsterinsights_sitenote_active":false,"_monsterinsights_sitenote_note":"","_monsterinsights_sitenote_category":0,"_jetpack_memberships_contains_paid_content":false,"footnotes":"","jetpack_publicize_message":"","jetpack_publicize_feature_enabled":true,"jetpack_social_post_already_shared":false,"jetpack_social_options":{"image_generator_settings":{"template":"highway","default_image_id":0,"font":"","enabled":false},"version":2}},"categories":[1],"tags":[],"class_list":["post-4261","post","type-post","status-publish","format-standard","has-post-thumbnail","hentry","category-sin-categoria"],"blocksy_meta":[],"jetpack_publicize_connections":[],"jetpack_featured_media_url":"https:\/\/derechosinfronteras.pe\/wp-content\/uploads\/2019\/10\/Ccapacmarca.jpg","jetpack_sharing_enabled":true,"jetpack_likes_enabled":true,"_links":{"self":[{"href":"https:\/\/derechosinfronteras.pe\/ingles\/wp-json\/wp\/v2\/posts\/4261","targetHints":{"allow":["GET"]}}],"collection":[{"href":"https:\/\/derechosinfronteras.pe\/ingles\/wp-json\/wp\/v2\/posts"}],"about":[{"href":"https:\/\/derechosinfronteras.pe\/ingles\/wp-json\/wp\/v2\/types\/post"}],"author":[{"embeddable":true,"href":"https:\/\/derechosinfronteras.pe\/ingles\/wp-json\/wp\/v2\/users\/1"}],"replies":[{"embeddable":true,"href":"https:\/\/derechosinfronteras.pe\/ingles\/wp-json\/wp\/v2\/comments?post=4261"}],"version-history":[{"count":0,"href":"https:\/\/derechosinfronteras.pe\/ingles\/wp-json\/wp\/v2\/posts\/4261\/revisions"}],"wp:featuredmedia":[{"embeddable":true,"href":"https:\/\/derechosinfronteras.pe\/ingles\/wp-json\/wp\/v2\/media\/4262"}],"wp:attachment":[{"href":"https:\/\/derechosinfronteras.pe\/ingles\/wp-json\/wp\/v2\/media?parent=4261"}],"wp:term":[{"taxonomy":"category","embeddable":true,"href":"https:\/\/derechosinfronteras.pe\/ingles\/wp-json\/wp\/v2\/categories?post=4261"},{"taxonomy":"post_tag","embeddable":true,"href":"https:\/\/derechosinfronteras.pe\/ingles\/wp-json\/wp\/v2\/tags?post=4261"}],"curies":[{"name":"wp","href":"https:\/\/api.w.org\/{rel}","templated":true}]}}