{"id":4267,"date":"2019-09-25T20:51:37","date_gmt":"2019-09-26T01:51:37","guid":{"rendered":"http:\/\/derechosinfronteras.pe\/?p=5097"},"modified":"2019-09-25T20:51:37","modified_gmt":"2019-09-26T01:51:37","slug":"espinar-fiscalia-abre-investigacion-por-contaminacion-de-agua-potable","status":"publish","type":"post","link":"https:\/\/derechosinfronteras.pe\/ingles\/espinar-fiscalia-abre-investigacion-por-contaminacion-de-agua-potable\/","title":{"rendered":"Espinar: Fiscal\u00eda abre investigaci\u00f3n por contaminaci\u00f3n de agua potable"},"content":{"rendered":"<p>El\u00a014 de febrero del 2019, Vidal Merma Ccamarcco, en su calidad de Presidente de Comit\u00e9 de Lucha por la defensa del agua y la salud en Espinar, present\u00f3 una denuncia penal por la probable contaminaci\u00f3n y afectaci\u00f3n a la salud por la presencia metales t\u00f3xicos en el agua potable de Espinar. Despu\u00e9s de casi nueve meses, la Fiscal\u00eda Provincial de Espinar ha decidido iniciar una investigaci\u00f3n \u2013por un plazo de 60 d\u00edas- para determinar quienes resulten responsables por no atender esta problem\u00e1tica.<\/p>\n<p>Como se recuerda, la Red de Salud Canas, Canchis y Espinar, en noviembre del 2018, emiti\u00f3 un informe sobre la situaci\u00f3n del agua potable indicando que los par\u00e1metros de aluminio, ars\u00e9nico, hierro y manganeso, exceden los l\u00edmites m\u00e1ximos permisibles y su ingesta podr\u00eda ocasionar alg\u00fan da\u00f1o a la salud. Las organizaciones sociales de Espinar al conocer el contenido de dicho informe se articularon en el Comit\u00e9 de Lucha por la Vida y Salud de Espinar, y realizaron diferentes acciones de denuncia p\u00fablica en la provincia.<\/p>\n<p>Sobre este punto DHSF emiti\u00f3 un informe t\u00e9cnico en el que resaltaba que, en base a la informaci\u00f3n revisada desde el a\u00f1o 2016 ya se sab\u00eda de la existencia de metales pesados que exced\u00edan los l\u00edmites m\u00e1ximos permisibles \u2026 &lt;&lt; <em>Ya desde el a\u00f1o 2016 la poblaci\u00f3n viene ingiriendo agua contaminada, con el consiguiente efecto a la salud individual de las personas, que puede no ser perceptible a simple vista, pero a la larga va alterando su metabolismo celular y en alg\u00fan momento de sus vidas evidenciarse con s\u00edntomas y signos cl\u00ednicos que tipifican alguna determinada enfermedad, incluida el c\u00e1ncer.<\/em>&gt;&gt;<\/p>\n<p>En su momento la DIRESA Cusco, luego de las denuncias p\u00fablicas, se\u00f1alo \u2013 primero a trav\u00e9s de un comunicado \u2013 y luego en un informe realizado en la Provincia de Espinar que, la emisi\u00f3n de los resultados no fueron interpretados correctamente por parte del personal y que s\u00ed hubiese existido presencia de metales t\u00f3xicos, \u00e9stas se dieron porque las muestras pudieron haberse contaminado durante su traslado.<\/p>\n<p>En ese sentido la Fiscal\u00eda de Espinar ha dispuesto una serie de diligencias para esclarecer los hechos denunciados sobre la presencia de metales t\u00f3xicos en el agua potable que administra la Municipalidad Provincial de Espinar en planta de tratamiento \u2018Virgen de Chapi\u2019. Ha dispuesto tambi\u00e9n que la Municipalidad que informe sobre los tr\u00e1mites realizados con las instancias del Estado para la eliminaci\u00f3n de los metales, y que la Direcci\u00f3n Regional de Salud informe los resultados de los an\u00e1lisis realizados desde el a\u00f1o 2011.<\/p>\n<p>Formalmente las investigaciones iniciaran el 30 de setiembre, tomando las declaraciones de Manuel Salinas, exalcalde de Espinar, para que informe sobre las acciones que su gesti\u00f3n tomo para el control del agua potable.<\/p>\n<p>El Estado debe garantizar el consumo de agua potable libre de contaminaci\u00f3n, as\u00ed mismo se debe conocer con absoluta transparencia que origina la presencia de metales t\u00f3xicos y socializar los informes de la calidad de agua que consumen los espinarenses. <strong>Desde DHSF estaremos atentos a este proceso, para que las investigaciones cumplan los plazos establecidos y se demuestre las causas y responsables de las afectaciones ambientales que sufre Espinar. <\/strong><\/p>","protected":false},"excerpt":{"rendered":"<p>El\u00a014 de febrero del 2019, Vidal Merma Ccamarcco, en su calidad de Presidente de Comit\u00e9 de Lucha por la defensa del agua y la salud en Espinar, present\u00f3 una denuncia penal por la probable contaminaci\u00f3n y afectaci\u00f3n a la salud por la presencia metales t\u00f3xicos en el agua potable de Espinar. Despu\u00e9s de casi nueve [&hellip;]<\/p>\n","protected":false},"author":1,"featured_media":4268,"comment_status":"open","ping_status":"open","sticky":false,"template":"","format":"standard","meta":{"_monsterinsights_skip_tracking":false,"_monsterinsights_sitenote_active":false,"_monsterinsights_sitenote_note":"","_monsterinsights_sitenote_category":0,"_jetpack_memberships_contains_paid_content":false,"footnotes":"","jetpack_publicize_message":"","jetpack_publicize_feature_enabled":true,"jetpack_social_post_already_shared":false,"jetpack_social_options":{"image_generator_settings":{"template":"highway","default_image_id":0,"font":"","enabled":false},"version":2}},"categories":[1],"tags":[],"class_list":["post-4267","post","type-post","status-publish","format-standard","has-post-thumbnail","hentry","category-sin-categoria"],"blocksy_meta":[],"jetpack_publicize_connections":[],"jetpack_featured_media_url":"https:\/\/derechosinfronteras.pe\/wp-content\/uploads\/2019\/09\/Denuncia-Agua-Potable.jpg","jetpack_sharing_enabled":true,"jetpack_likes_enabled":true,"_links":{"self":[{"href":"https:\/\/derechosinfronteras.pe\/ingles\/wp-json\/wp\/v2\/posts\/4267","targetHints":{"allow":["GET"]}}],"collection":[{"href":"https:\/\/derechosinfronteras.pe\/ingles\/wp-json\/wp\/v2\/posts"}],"about":[{"href":"https:\/\/derechosinfronteras.pe\/ingles\/wp-json\/wp\/v2\/types\/post"}],"author":[{"embeddable":true,"href":"https:\/\/derechosinfronteras.pe\/ingles\/wp-json\/wp\/v2\/users\/1"}],"replies":[{"embeddable":true,"href":"https:\/\/derechosinfronteras.pe\/ingles\/wp-json\/wp\/v2\/comments?post=4267"}],"version-history":[{"count":0,"href":"https:\/\/derechosinfronteras.pe\/ingles\/wp-json\/wp\/v2\/posts\/4267\/revisions"}],"wp:featuredmedia":[{"embeddable":true,"href":"https:\/\/derechosinfronteras.pe\/ingles\/wp-json\/wp\/v2\/media\/4268"}],"wp:attachment":[{"href":"https:\/\/derechosinfronteras.pe\/ingles\/wp-json\/wp\/v2\/media?parent=4267"}],"wp:term":[{"taxonomy":"category","embeddable":true,"href":"https:\/\/derechosinfronteras.pe\/ingles\/wp-json\/wp\/v2\/categories?post=4267"},{"taxonomy":"post_tag","embeddable":true,"href":"https:\/\/derechosinfronteras.pe\/ingles\/wp-json\/wp\/v2\/tags?post=4267"}],"curies":[{"name":"wp","href":"https:\/\/api.w.org\/{rel}","templated":true}]}}