{"id":4269,"date":"2019-09-25T16:44:11","date_gmt":"2019-09-25T21:44:11","guid":{"rendered":"http:\/\/derechosinfronteras.pe\/?p=5090"},"modified":"2019-09-25T16:44:11","modified_gmt":"2019-09-25T21:44:11","slug":"5090-2","status":"publish","type":"post","link":"https:\/\/derechosinfronteras.pe\/ingles\/5090-2\/","title":{"rendered":"Exministro de Fujimori acude al TC para anular caso de Esterilizaciones Forzadas"},"content":{"rendered":"<p>Mientras se discute la designaci\u00f3n de miembros del Tribunal Constitucional por una cuestionada comisi\u00f3n del Congreso que pretender\u00eda una nueva repartija e impunidad, el exministro fujimorista Marino Costa Bauer, denunciado por el Ministerio P\u00fablico como responsable de esterilizaciones forzadas ocurridas en la d\u00e9cada del 90, busca que el TC impida que se le investigue y procese, adem\u00e1s se archive todo el caso pese a que la denuncia de 1316 mujeres se encuentra formalizada ante el Poder Judicial.<\/p>\n<p>Costa Bauer fue Ministro de Salud del 10 de abril de 1996 al 5 de enero de 1999. En su gesti\u00f3n, se esterilizaron a m\u00e1s de 200 mil mujeres (MINSA). En el expediente fiscal 29 \u2013 2011 figuran como pruebas los oficios que remiti\u00f3 al expresidente Fujimori donde informaba exclusivamente y de manera permanente sobre el cumplimiento de metas de ligaduras de trompas y vasectom\u00edas\u00b9.<\/p>\n<p>El exministro se encuentra en calidad de denunciado penalmente ante el Poder Judicial por la presunta comisi\u00f3n de delito contra la vida, el cuerpo y la salud en la modalidad de lesiones graves seguidas de muerte y lesiones graves en un contexto de grave violaciones a los derechos humanos junto a los exministros Alejandro Aguinaga, Eduardo Yong Motta y el expresidente Alberto Fujimori.<\/p>\n<p>Costa Bauer present\u00f3 un recurso de amparo para impedir ser investigado, sin embargo, el Poder Judicial ha desestimado su pedido en primera y segunda instancia y ha presentado un recurso de agravio constitucional ante el TC, instancia en la que se le dio audiencia el d\u00eda 17 de julio\u00b2. Argumenta que se debe declarar nulidad a toda la investigaci\u00f3n y denuncia que obren en el expediente fiscal 29-2011, y \u201cse disponga, subsecuentemente, el archivamiento definitivo de tales procedimientos fiscales y\/o la exclusi\u00f3n de ellos del recurrente\u201d; asimismo, que se abstenga de iniciar, continuar o disponer cualquier investigaci\u00f3n o procedimiento fiscal.<\/p>\n<p>La representante del Ministerio P\u00fablico, Claudia Valdivia Piscoya, solicit\u00f3 que se desestime el recurso presentado por el exministro fujimorista, en tanto, no hay cosa juzgada \u2013seg\u00fan la propia jurisprudencia del TC- y no se ha vulnerado el plazo razonable porque tambi\u00e9n se deben tomar en cuenta y considerarse los derechos de las v\u00edctimas. Adem\u00e1s, la abogada Valdivia fue enf\u00e1tica al se\u00f1alar que el caso se investig\u00f3 entre los a\u00f1os 2000 y 2009 como delitos comunes y fue archivado al ser declarado prescrito; reabri\u00e9ndose posteriormente en el a\u00f1o 2011 en cumplimiento de la recomendaci\u00f3n de la Comisi\u00f3n Interamericana de Derechos Humanos y el Acuerdo de Soluci\u00f3n Amistosa por el caso de Mar\u00eda Mam\u00e9rita Mestanza, pues se trata de un caso de violaciones a los derechos humanos los que son imprescriptibles.<\/p>\n<p>Mostramos nuestra preocupaci\u00f3n debido a que en la audiencia el magistrado Jos\u00e9 Luis Sard\u00f3n fue pr\u00e1cticamente juez y parte. Atrevi\u00e9ndose a cuestionar la obligatoriedad del cumplimiento del Acuerdo de Soluci\u00f3n Amistosa firmado ante la CIDH por el Estado peruano e inclusive de las decisiones de la Corte Interamericana.<\/p>\n<p>Por otra parte, con respecto a los nuevos integrantes del TC por parte del Congreso, es importante recordar que ya en julio de 2013 se tuvo un precedente al difundirse un audio en el que congresistas de cinco bancadas negociaron quienes ocupar\u00edan las vacantes, lo cual finalmente se anul\u00f3 ante la presi\u00f3n de la ciudadan\u00eda. El actual accionar del Parlamento ciertamente genera dudas razonables de una posible interferencia en las funciones del Tribunal Constitucional.<\/p>\n<p>Las mujeres esterilizadas y la sociedad peruana tenemos derecho a saber la verdad. Que el TC impida que el se\u00f1or Bauer sea investigado, minimiza la gravedad de los hechos, y no permite conocer lo que pas\u00f3.<\/p>\n<p>Desde la Asociaci\u00f3n de V\u00edctimas de Esterilizaciones Forzadas de Lima Metropolitana, Coordinadora Nacional de Derechos Humanos, DEMUS, Asociaci\u00f3n Servicios Rurales \u2013 SER, SISAY, Centro de Atenci\u00f3n Psicosocial \u2013 CPAS, MAM L\u00ednea Fundacional y la Asociaci\u00f3n Pro Derechos Humanos \u2013 APRODEH, invocamos al Tribunal Constitucional a declarar infundado el recurso de Costa Bauer y que garantice a las v\u00edctimas los derechos de verdad y justicia. Por otro lado, exigimos al Congreso transparencia e independencia en la elecci\u00f3n de los nuevos miembros del TC; asimismo, exhortamos a la ciudadan\u00eda a estar vigilantes de dicha decisi\u00f3n que podr\u00eda afectar a casos como el de las esterilizaciones forzadas.<\/p>\n<hr \/>\n<pre>1 Oficios firmados por Costa Bauer en 1997: https:\/\/1996pnsrpf2000.files.wordpress.com\/2014\/09\/oficios-firmados-por-el-ministro-m-costa-bauer.pdf \n\n2 Video de la Audiencia del TC: https:\/\/www.youtube.com\/watch?v=N_aoxRSGhFk<\/pre>","protected":false},"excerpt":{"rendered":"<p>Mientras se discute la designaci\u00f3n de miembros del Tribunal Constitucional por una cuestionada comisi\u00f3n del Congreso que pretender\u00eda una nueva repartija e impunidad, el exministro fujimorista Marino Costa Bauer, denunciado por el Ministerio P\u00fablico como responsable de esterilizaciones forzadas ocurridas en la d\u00e9cada del 90, busca que el TC impida que se le investigue y [&hellip;]<\/p>\n","protected":false},"author":1,"featured_media":4270,"comment_status":"open","ping_status":"open","sticky":false,"template":"","format":"standard","meta":{"_monsterinsights_skip_tracking":false,"_monsterinsights_sitenote_active":false,"_monsterinsights_sitenote_note":"","_monsterinsights_sitenote_category":0,"_jetpack_memberships_contains_paid_content":false,"footnotes":"","jetpack_publicize_message":"","jetpack_publicize_feature_enabled":true,"jetpack_social_post_already_shared":false,"jetpack_social_options":{"image_generator_settings":{"template":"highway","default_image_id":0,"font":"","enabled":false},"version":2}},"categories":[1],"tags":[],"class_list":["post-4269","post","type-post","status-publish","format-standard","has-post-thumbnail","hentry","category-sin-categoria"],"blocksy_meta":[],"jetpack_publicize_connections":[],"jetpack_featured_media_url":"https:\/\/derechosinfronteras.pe\/wp-content\/uploads\/2019\/09\/TC-EF.jpg","jetpack_sharing_enabled":true,"jetpack_likes_enabled":true,"_links":{"self":[{"href":"https:\/\/derechosinfronteras.pe\/ingles\/wp-json\/wp\/v2\/posts\/4269","targetHints":{"allow":["GET"]}}],"collection":[{"href":"https:\/\/derechosinfronteras.pe\/ingles\/wp-json\/wp\/v2\/posts"}],"about":[{"href":"https:\/\/derechosinfronteras.pe\/ingles\/wp-json\/wp\/v2\/types\/post"}],"author":[{"embeddable":true,"href":"https:\/\/derechosinfronteras.pe\/ingles\/wp-json\/wp\/v2\/users\/1"}],"replies":[{"embeddable":true,"href":"https:\/\/derechosinfronteras.pe\/ingles\/wp-json\/wp\/v2\/comments?post=4269"}],"version-history":[{"count":0,"href":"https:\/\/derechosinfronteras.pe\/ingles\/wp-json\/wp\/v2\/posts\/4269\/revisions"}],"wp:featuredmedia":[{"embeddable":true,"href":"https:\/\/derechosinfronteras.pe\/ingles\/wp-json\/wp\/v2\/media\/4270"}],"wp:attachment":[{"href":"https:\/\/derechosinfronteras.pe\/ingles\/wp-json\/wp\/v2\/media?parent=4269"}],"wp:term":[{"taxonomy":"category","embeddable":true,"href":"https:\/\/derechosinfronteras.pe\/ingles\/wp-json\/wp\/v2\/categories?post=4269"},{"taxonomy":"post_tag","embeddable":true,"href":"https:\/\/derechosinfronteras.pe\/ingles\/wp-json\/wp\/v2\/tags?post=4269"}],"curies":[{"name":"wp","href":"https:\/\/api.w.org\/{rel}","templated":true}]}}